{"id":32287,"date":"2024-04-04T19:39:45","date_gmt":"2024-04-04T17:39:45","guid":{"rendered":"https:\/\/ccoo.app\/ics\/?p=32287"},"modified":"2024-05-03T19:43:55","modified_gmt":"2024-05-03T17:43:55","slug":"dia-mundial-pel-dret-a-la-salut-7-dabril","status":"publish","type":"post","link":"https:\/\/ccoo.app\/ics\/noticies\/dia-mundial-pel-dret-a-la-salut-7-dabril\/","title":{"rendered":"Dia Mundial pel Dret a la Salut \u2013 7 d\u2019abril"},"content":{"rendered":"\n<h3 class=\"wp-block-heading\">El diumenge 7 d\u2019abril se celebra el Dia Mundial pel Dret a la Salut que ens recorda la import\u00e0ncia fonamental de garantir l\u2019acc\u00e9s universal a la salut per a tothom. \u00c9s per aix\u00f2 que t\u2019animem a unir-te a nosaltres en la manifestaci\u00f3 que tindr\u00e0 lloc a les 11.30\u202fh a pla\u00e7a d\u2019Urquinaona.<\/h3>\n\n\n\n<figure class=\"wp-block-image size-full\"><img decoding=\"async\" src=\"https:\/\/ccoo.app\/ics\/wp-content\/blogs.dir\/6\/files\/sites\/200\/2024\/04\/Dia-Mundial-pel-Dret-a-la-Salut-\u2013-7-dabril.jpeg\" alt=\"\" class=\"wp-image-32288\" \/><\/figure>\n","protected":false},"excerpt":{"rendered":"<p>El diumenge 7 d\u2019abril se celebra el Dia Mundial pel Dret a la Salut que ens recorda la import\u00e0ncia fonamental de garantir l\u2019acc\u00e9s universal a la salut per a tothom. &#8230; <a title=\"Dia Mundial pel Dret a la Salut \u2013 7 d\u2019abril\" class=\"read-more\" href=\"https:\/\/ccoo.app\/ics\/noticies\/dia-mundial-pel-dret-a-la-salut-7-dabril\/\" aria-label=\"M\u00e9s informaci\u00f3 sobre Dia Mundial pel Dret a la Salut \u2013 7 d\u2019abril\">Read more<\/a><\/p>\n","protected":false},"author":4386,"featured_media":32288,"comment_status":"closed","ping_status":"closed","sticky":false,"template":"","format":"standard","meta":{"footnotes":""},"categories":[13,7,1],"tags":[],"area":[],"class_list":["post-32287","post","type-post","status-publish","format-standard","has-post-thumbnail","hentry","category-accions-sindicals","category-mobilitzacions","category-noticies","generate-columns","tablet-grid-50","mobile-grid-100","grid-parent","grid-50"],"_links":{"self":[{"href":"https:\/\/ccoo.app\/ics\/wp-json\/wp\/v2\/posts\/32287","targetHints":{"allow":["GET"]}}],"collection":[{"href":"https:\/\/ccoo.app\/ics\/wp-json\/wp\/v2\/posts"}],"about":[{"href":"https:\/\/ccoo.app\/ics\/wp-json\/wp\/v2\/types\/post"}],"author":[{"embeddable":true,"href":"https:\/\/ccoo.app\/ics\/wp-json\/wp\/v2\/users\/4386"}],"replies":[{"embeddable":true,"href":"https:\/\/ccoo.app\/ics\/wp-json\/wp\/v2\/comments?post=32287"}],"version-history":[{"count":1,"href":"https:\/\/ccoo.app\/ics\/wp-json\/wp\/v2\/posts\/32287\/revisions"}],"predecessor-version":[{"id":32289,"href":"https:\/\/ccoo.app\/ics\/wp-json\/wp\/v2\/posts\/32287\/revisions\/32289"}],"wp:featuredmedia":[{"embeddable":true,"href":"https:\/\/ccoo.app\/ics\/wp-json\/wp\/v2\/media\/32288"}],"wp:attachment":[{"href":"https:\/\/ccoo.app\/ics\/wp-json\/wp\/v2\/media?parent=32287"}],"wp:term":[{"taxonomy":"category","embeddable":true,"href":"https:\/\/ccoo.app\/ics\/wp-json\/wp\/v2\/categories?post=32287"},{"taxonomy":"post_tag","embeddable":true,"href":"https:\/\/ccoo.app\/ics\/wp-json\/wp\/v2\/tags?post=32287"},{"taxonomy":"area","embeddable":true,"href":"https:\/\/ccoo.app\/ics\/wp-json\/wp\/v2\/area?post=32287"}],"curies":[{"name":"wp","href":"https:\/\/api.w.org\/{rel}","templated":true}]}}