{"id":32281,"date":"2024-03-14T19:42:38","date_gmt":"2024-03-14T18:42:38","guid":{"rendered":"https:\/\/ccoo.app\/ics\/?p=32281"},"modified":"2024-03-20T19:44:12","modified_gmt":"2024-03-20T18:44:12","slug":"ccoo-i-ugt-exigeixen-al-govern-garantir-el-compliment-integre-de-lacord-marc-per-a-una-administracio-del-segle-xxi","status":"publish","type":"post","link":"https:\/\/ccoo.app\/ics\/noticies\/ccoo-i-ugt-exigeixen-al-govern-garantir-el-compliment-integre-de-lacord-marc-per-a-una-administracio-del-segle-xxi\/","title":{"rendered":"CCOO i UGT exigeixen al Govern garantir el compliment \u00edntegre de l\u2019Acord marc per a una Administraci\u00f3 del segle XXI"},"content":{"rendered":"\n<h3 class=\"wp-block-heading\">Davant l\u2019anunci de la pr\u00f2rroga dels Pressupostos Generals de l\u2019Estat (PGE) de 2023 per part del president Pedro S\u00e1nchez, CCOO i UGT insten el Govern a traslladar al pr\u00f2xim RDL, a m\u00e9s dels increments retributius, la resta de les mesures necess\u00e0ries per a complir amb els compromisos adquirits en l\u2019Acord marc, entre els quals es troba, la jubilaci\u00f3 parcial de personal funcionari i estatutari, l\u2019adaptaci\u00f3 del\u00a0<em>EBEP en mat\u00e8ria de permisos i vacances, la culminaci\u00f3 de la classificaci\u00f3 professional o la posada en marxa de les 35 hores en l\u2019Administraci\u00f3 General de l\u2019Estat (<\/em>AGE), entre altres mat\u00e8ries.<\/h3>\n\n\n\n<p>En aquest sentit, UGT i CCOO han traslladat un escrit al ministre Escriv\u00e1 perqu\u00e8 convoqui la comissi\u00f3 de seguiment de l\u2019Acord marc i poder aix\u00ed ratificar els seus compromisos amb les empleades i empleats p\u00fablics.<\/p>\n\n\n\n<p>La situaci\u00f3 actual posa en m\u00e9s valor si cap l\u2019Acord marc, acord sindical signat a l\u2019octubre del 2022 nom\u00e9s per CCOO i UGT, i que, sens dubte, ha vingut a protegir el nostre salari davant possibles escenaris pol\u00edtics com els actuals.<\/p>\n","protected":false},"excerpt":{"rendered":"<p>Davant l\u2019anunci de la pr\u00f2rroga dels Pressupostos Generals de l\u2019Estat (PGE) de 2023 per part del president Pedro S\u00e1nchez, CCOO i UGT insten el Govern a traslladar al pr\u00f2xim RDL, &#8230; <a title=\"CCOO i UGT exigeixen al Govern garantir el compliment \u00edntegre de l\u2019Acord marc per a una Administraci\u00f3 del segle XXI\" class=\"read-more\" href=\"https:\/\/ccoo.app\/ics\/noticies\/ccoo-i-ugt-exigeixen-al-govern-garantir-el-compliment-integre-de-lacord-marc-per-a-una-administracio-del-segle-xxi\/\" aria-label=\"M\u00e9s informaci\u00f3 sobre CCOO i UGT exigeixen al Govern garantir el compliment \u00edntegre de l\u2019Acord marc per a una Administraci\u00f3 del segle XXI\">Read more<\/a><\/p>\n","protected":false},"author":4386,"featured_media":32246,"comment_status":"closed","ping_status":"closed","sticky":false,"template":"","format":"standard","meta":{"footnotes":""},"categories":[13,12,1],"tags":[],"area":[],"class_list":["post-32281","post","type-post","status-publish","format-standard","has-post-thumbnail","hentry","category-accions-sindicals","category-actualitat","category-noticies","generate-columns","tablet-grid-50","mobile-grid-100","grid-parent","grid-50"],"_links":{"self":[{"href":"https:\/\/ccoo.app\/ics\/wp-json\/wp\/v2\/posts\/32281","targetHints":{"allow":["GET"]}}],"collection":[{"href":"https:\/\/ccoo.app\/ics\/wp-json\/wp\/v2\/posts"}],"about":[{"href":"https:\/\/ccoo.app\/ics\/wp-json\/wp\/v2\/types\/post"}],"author":[{"embeddable":true,"href":"https:\/\/ccoo.app\/ics\/wp-json\/wp\/v2\/users\/4386"}],"replies":[{"embeddable":true,"href":"https:\/\/ccoo.app\/ics\/wp-json\/wp\/v2\/comments?post=32281"}],"version-history":[{"count":1,"href":"https:\/\/ccoo.app\/ics\/wp-json\/wp\/v2\/posts\/32281\/revisions"}],"predecessor-version":[{"id":32282,"href":"https:\/\/ccoo.app\/ics\/wp-json\/wp\/v2\/posts\/32281\/revisions\/32282"}],"wp:featuredmedia":[{"embeddable":true,"href":"https:\/\/ccoo.app\/ics\/wp-json\/wp\/v2\/media\/32246"}],"wp:attachment":[{"href":"https:\/\/ccoo.app\/ics\/wp-json\/wp\/v2\/media?parent=32281"}],"wp:term":[{"taxonomy":"category","embeddable":true,"href":"https:\/\/ccoo.app\/ics\/wp-json\/wp\/v2\/categories?post=32281"},{"taxonomy":"post_tag","embeddable":true,"href":"https:\/\/ccoo.app\/ics\/wp-json\/wp\/v2\/tags?post=32281"},{"taxonomy":"area","embeddable":true,"href":"https:\/\/ccoo.app\/ics\/wp-json\/wp\/v2\/area?post=32281"}],"curies":[{"name":"wp","href":"https:\/\/api.w.org\/{rel}","templated":true}]}}