{"id":32278,"date":"2024-03-08T19:39:57","date_gmt":"2024-03-08T18:39:57","guid":{"rendered":"https:\/\/ccoo.app\/ics\/?p=32278"},"modified":"2024-03-20T19:41:39","modified_gmt":"2024-03-20T18:41:39","slug":"des-de-ccoo-ens-oposem-a-retallada-pressupostaria-de-33-milions-deuros-a-lhospital-de-la-vall-dhebron","status":"publish","type":"post","link":"https:\/\/ccoo.app\/ics\/noticies\/des-de-ccoo-ens-oposem-a-retallada-pressupostaria-de-33-milions-deuros-a-lhospital-de-la-vall-dhebron\/","title":{"rendered":"Des de CCOO ens oposem a retallada pressupost\u00e0ria de 33 milions d\u2019euros a l\u2019Hospital de la Vall d\u2019Hebron"},"content":{"rendered":"\n<p>Des de la Secci\u00f3 Sindical de CCOO a l\u2019Hospital de la Vall d\u2019Hebron, despr\u00e9s de la reuni\u00f3 de la Junta de Personal, el 6 de mar\u00e7 del 2024 on es va anunciar una rebaixa pressupost\u00e0ria de 33 milions d\u2019euros del pressupost per al 2024, volem manifestar que ens oposem frontalment a aquesta retallada, en considerar-la totalment desproporcionada a l\u2019activitat assistencial que estem fent.<\/p>\n\n\n\n<p>&nbsp;La direcci\u00f3 de l\u2019hospital justifica la rebaixa per la despesa que suposa l\u2019increment de retribucions a conseq\u00fc\u00e8ncia de la signatura del 3r Acord de les condicions de treball del personal estatutari de l\u2019ICS, signat el passat 22 de novembre del 2023.<\/p>\n\n\n\n<p>Des de CCOO considerem que el pressupost destinat als increments retributius continguts al 3r Acord ha d\u2019anar a banda d\u2019altres partides pressupost\u00e0ries, per mantenir tant l\u2019activitat com la qualitat assistencial del dia a dia del nostre hospital.&nbsp; I no \u00e9s acceptable que s\u2019anunci\u00efn restriccions en vacances i dies de lliures\u2026<\/p>\n\n\n\n<p>Volem recordar a m\u00e9s que som l\u2019hospital m\u00e9s gran de Catalunya i el segon m\u00e9s gran d\u2019Espanya, per\u00f2 tamb\u00e9 que tenim unes infraestructures envellides, que cal anar millorant de manera continuada.<\/p>\n","protected":false},"excerpt":{"rendered":"<p>Des de la Secci\u00f3 Sindical de CCOO a l\u2019Hospital de la Vall d\u2019Hebron, despr\u00e9s de la reuni\u00f3 de la Junta de Personal, el 6 de mar\u00e7 del 2024 on es &#8230; <a title=\"Des de CCOO ens oposem a retallada pressupost\u00e0ria de 33 milions d\u2019euros a l\u2019Hospital de la Vall d\u2019Hebron\" class=\"read-more\" href=\"https:\/\/ccoo.app\/ics\/noticies\/des-de-ccoo-ens-oposem-a-retallada-pressupostaria-de-33-milions-deuros-a-lhospital-de-la-vall-dhebron\/\" aria-label=\"M\u00e9s informaci\u00f3 sobre Des de CCOO ens oposem a retallada pressupost\u00e0ria de 33 milions d\u2019euros a l\u2019Hospital de la Vall d\u2019Hebron\">Read more<\/a><\/p>\n","protected":false},"author":4386,"featured_media":32279,"comment_status":"closed","ping_status":"closed","sticky":false,"template":"","format":"standard","meta":{"footnotes":""},"categories":[12,1],"tags":[],"area":[],"class_list":["post-32278","post","type-post","status-publish","format-standard","has-post-thumbnail","hentry","category-actualitat","category-noticies","generate-columns","tablet-grid-50","mobile-grid-100","grid-parent","grid-50"],"_links":{"self":[{"href":"https:\/\/ccoo.app\/ics\/wp-json\/wp\/v2\/posts\/32278","targetHints":{"allow":["GET"]}}],"collection":[{"href":"https:\/\/ccoo.app\/ics\/wp-json\/wp\/v2\/posts"}],"about":[{"href":"https:\/\/ccoo.app\/ics\/wp-json\/wp\/v2\/types\/post"}],"author":[{"embeddable":true,"href":"https:\/\/ccoo.app\/ics\/wp-json\/wp\/v2\/users\/4386"}],"replies":[{"embeddable":true,"href":"https:\/\/ccoo.app\/ics\/wp-json\/wp\/v2\/comments?post=32278"}],"version-history":[{"count":1,"href":"https:\/\/ccoo.app\/ics\/wp-json\/wp\/v2\/posts\/32278\/revisions"}],"predecessor-version":[{"id":32280,"href":"https:\/\/ccoo.app\/ics\/wp-json\/wp\/v2\/posts\/32278\/revisions\/32280"}],"wp:featuredmedia":[{"embeddable":true,"href":"https:\/\/ccoo.app\/ics\/wp-json\/wp\/v2\/media\/32279"}],"wp:attachment":[{"href":"https:\/\/ccoo.app\/ics\/wp-json\/wp\/v2\/media?parent=32278"}],"wp:term":[{"taxonomy":"category","embeddable":true,"href":"https:\/\/ccoo.app\/ics\/wp-json\/wp\/v2\/categories?post=32278"},{"taxonomy":"post_tag","embeddable":true,"href":"https:\/\/ccoo.app\/ics\/wp-json\/wp\/v2\/tags?post=32278"},{"taxonomy":"area","embeddable":true,"href":"https:\/\/ccoo.app\/ics\/wp-json\/wp\/v2\/area?post=32278"}],"curies":[{"name":"wp","href":"https:\/\/api.w.org\/{rel}","templated":true}]}}