{"id":32267,"date":"2024-03-05T11:35:07","date_gmt":"2024-03-05T10:35:07","guid":{"rendered":"https:\/\/ccoo.app\/ics\/?p=32267"},"modified":"2024-03-05T11:35:08","modified_gmt":"2024-03-05T10:35:08","slug":"la-fss-ccoo-ha-interposat-demanda-davant-laudiencia-nacional-a-fi-que-sadoptin-mesures-oportunes-per-a-la-immediata-aplicacio-de-lacord-marc-i-per-conseguent-de-la-classif","status":"publish","type":"post","link":"https:\/\/ccoo.app\/ics\/noticies\/la-fss-ccoo-ha-interposat-demanda-davant-laudiencia-nacional-a-fi-que-sadoptin-mesures-oportunes-per-a-la-immediata-aplicacio-de-lacord-marc-i-per-conseguent-de-la-classif\/","title":{"rendered":"La FSS-CCOO ha interposat demanda davant l\u2019Audi\u00e8ncia Nacional a fi que s\u2019adoptin mesures oportunes per a la immediata aplicaci\u00f3 de l\u2019Acord marc i, per conseg\u00fcent, de la classificaci\u00f3 professional segons s\u2019estableix en l\u2019article 76 del TREBEP"},"content":{"rendered":"\n<h3 class=\"wp-block-heading\">L\u2019Acord subscrit entre el Ministeri d\u2019Hisenda i Funci\u00f3 P\u00fablica i CCOO, el 19 d\u2019octubre de 2022, recollia de manera expressa la plena aplicaci\u00f3 de la classificaci\u00f3 professional del personal al servei de les Administracions P\u00fabliques previst en l\u2019article 76 del TREBEP.<\/h3>\n\n\n\n<p>La Federaci\u00f3 de Sanitat i Sectors Sociosanitaris de CCOO (FSS-CCOO) ha interposat demanda davant l\u2019Audi\u00e8ncia Nacional a fi que s\u2019adoptin mesures oportunes per a la immediata aplicaci\u00f3 del que s\u2019estableix en l\u2019article 76 del TREBEP, donant aix\u00ed compliment al recollit en l\u2019Acord marc per a una Administraci\u00f3 del Segle XXI. L\u2019Acord subscrit entre el Ministeri d\u2019Hisenda i Funci\u00f3 P\u00fablica i CCOO, el 19 d\u2019octubre de 2022, recollia de manera expressa la plena aplicaci\u00f3 de la classificaci\u00f3 professional del personal al servei de les Administracions P\u00fabliques previst en l\u2019article 76 del TREBEP.<\/p>\n\n\n\n<p>CCOO considera que, tal com s\u2019estableix en l\u2019acord, la disposici\u00f3 transit\u00f2ria tercera del TREBEP ha de considerar-se culminada, i, per tant, concl\u00f2s el proc\u00e9s d\u2019implantaci\u00f3 de les noves titulacions, que estableix el BRESSOLES, en els procediments d\u2019acc\u00e9s a les Administracions P\u00fabliques.<\/p>\n\n\n\n<p>La den\u00fancia de CCOO es produeix, obligada per les demores injustificables que s\u2019estan produint per a donar compliment a l\u2019apartat quart del citat Acord, sobre aplicaci\u00f3 de la classificaci\u00f3 segons l\u2019Art. 76 del TREBEP, sobretot perqu\u00e8 en el personal estatutari del SNS no \u00e9s necessari realitzar cap desenvolupament normatiu, ni de car\u00e0cter reglamentari, ja que nom\u00e9s poden prestar serveis en els diferents Serveis de Salut aquells que acreditin estar en possessi\u00f3 de la titulaci\u00f3 acad\u00e8mica habilitant per a la professi\u00f3 a exercir .<\/p>\n\n\n\n<p>Entenent a m\u00e9s que, en l\u2019\u00e0mbit del personal estatutari al servei del SNS, aquesta reclassificaci\u00f3 afectar\u00e0 a totes les i els professionals sanitaris als quals se\u2019ls exigeix la Titulaci\u00f3 Acad\u00e8mica T\u00e8cnic de grau mitj\u00e0, que avui dia segueixen adscrits al grup de classificaci\u00f3 C2, en lloc del C1 i a professionals als quals se\u2019ls exigeix estar en possessi\u00f3 del t\u00edtol de T\u00e8cnic Superior, els quals continuen estant adscrits al grup de classificaci\u00f3 C1 en lloc del grup B, que \u00e9s el que en dret els correspon.<\/p>\n","protected":false},"excerpt":{"rendered":"<p>L\u2019Acord subscrit entre el Ministeri d\u2019Hisenda i Funci\u00f3 P\u00fablica i CCOO, el 19 d\u2019octubre de 2022, recollia de manera expressa la plena aplicaci\u00f3 de la classificaci\u00f3 professional del personal al &#8230; <a title=\"La FSS-CCOO ha interposat demanda davant l\u2019Audi\u00e8ncia Nacional a fi que s\u2019adoptin mesures oportunes per a la immediata aplicaci\u00f3 de l\u2019Acord marc i, per conseg\u00fcent, de la classificaci\u00f3 professional segons s\u2019estableix en l\u2019article 76 del TREBEP\" class=\"read-more\" href=\"https:\/\/ccoo.app\/ics\/noticies\/la-fss-ccoo-ha-interposat-demanda-davant-laudiencia-nacional-a-fi-que-sadoptin-mesures-oportunes-per-a-la-immediata-aplicacio-de-lacord-marc-i-per-conseguent-de-la-classif\/\" aria-label=\"M\u00e9s informaci\u00f3 sobre La FSS-CCOO ha interposat demanda davant l\u2019Audi\u00e8ncia Nacional a fi que s\u2019adoptin mesures oportunes per a la immediata aplicaci\u00f3 de l\u2019Acord marc i, per conseg\u00fcent, de la classificaci\u00f3 professional segons s\u2019estableix en l\u2019article 76 del TREBEP\">Read more<\/a><\/p>\n","protected":false},"author":4386,"featured_media":32268,"comment_status":"closed","ping_status":"closed","sticky":false,"template":"","format":"standard","meta":{"footnotes":""},"categories":[13,12,1],"tags":[],"area":[],"class_list":["post-32267","post","type-post","status-publish","format-standard","has-post-thumbnail","hentry","category-accions-sindicals","category-actualitat","category-noticies","generate-columns","tablet-grid-50","mobile-grid-100","grid-parent","grid-50"],"_links":{"self":[{"href":"https:\/\/ccoo.app\/ics\/wp-json\/wp\/v2\/posts\/32267","targetHints":{"allow":["GET"]}}],"collection":[{"href":"https:\/\/ccoo.app\/ics\/wp-json\/wp\/v2\/posts"}],"about":[{"href":"https:\/\/ccoo.app\/ics\/wp-json\/wp\/v2\/types\/post"}],"author":[{"embeddable":true,"href":"https:\/\/ccoo.app\/ics\/wp-json\/wp\/v2\/users\/4386"}],"replies":[{"embeddable":true,"href":"https:\/\/ccoo.app\/ics\/wp-json\/wp\/v2\/comments?post=32267"}],"version-history":[{"count":1,"href":"https:\/\/ccoo.app\/ics\/wp-json\/wp\/v2\/posts\/32267\/revisions"}],"predecessor-version":[{"id":32269,"href":"https:\/\/ccoo.app\/ics\/wp-json\/wp\/v2\/posts\/32267\/revisions\/32269"}],"wp:featuredmedia":[{"embeddable":true,"href":"https:\/\/ccoo.app\/ics\/wp-json\/wp\/v2\/media\/32268"}],"wp:attachment":[{"href":"https:\/\/ccoo.app\/ics\/wp-json\/wp\/v2\/media?parent=32267"}],"wp:term":[{"taxonomy":"category","embeddable":true,"href":"https:\/\/ccoo.app\/ics\/wp-json\/wp\/v2\/categories?post=32267"},{"taxonomy":"post_tag","embeddable":true,"href":"https:\/\/ccoo.app\/ics\/wp-json\/wp\/v2\/tags?post=32267"},{"taxonomy":"area","embeddable":true,"href":"https:\/\/ccoo.app\/ics\/wp-json\/wp\/v2\/area?post=32267"}],"curies":[{"name":"wp","href":"https:\/\/api.w.org\/{rel}","templated":true}]}}