{"id":32263,"date":"2024-02-15T19:26:26","date_gmt":"2024-02-15T18:26:26","guid":{"rendered":"https:\/\/ccoo.app\/ics\/?p=32263"},"modified":"2024-02-21T19:27:37","modified_gmt":"2024-02-21T18:27:37","slug":"ccoo-exigeix-per-carta-a-la-ministra-de-sanitat-la-posada-en-marxa-de-lespecialitat-dinfermeria-medico-quirurgica","status":"publish","type":"post","link":"https:\/\/ccoo.app\/ics\/noticies\/ccoo-exigeix-per-carta-a-la-ministra-de-sanitat-la-posada-en-marxa-de-lespecialitat-dinfermeria-medico-quirurgica\/","title":{"rendered":"CCOO exigeix per carta a la ministra de Sanitat la posada en marxa de l\u2019especialitat d\u2019Infermeria M\u00e8dico-Quir\u00fargica"},"content":{"rendered":"\n<h3 class=\"wp-block-heading\">La Federaci\u00f3 de Sanitat i Sectors Sociosanitaris de CCOO (FSS-CCOO)va presentar ahir un escrit dirigit a la ministra de Sanitat, M\u00f3nica Garc\u00eda, en el que se li exigeix una soluci\u00f3 urgent per a l\u2019especialitat de M\u00e8dic-Quir\u00fargica, a trav\u00e9s de una proposta de desdoblegar l\u2019especialitat. Aix\u00ed mateix, el sindicat sol\u00b7licita el desenvolupament complet de la resta d\u2019especialitats d\u2019Infermeria en totes les Comunitats Aut\u00f2nomes.<\/h3>\n\n\n\n<p>El Reial decret 450\/2005, de 22 d\u2019abril, sobre Especialitats d\u2019Infermeria, creava set especialitats dins de la professi\u00f3 infermera i establia tres maneres d\u2019obtenir l\u2019especialitat, entre les quals es trobava la via excepcional, a trav\u00e9s d\u2019una prova espec\u00edfica excepcional.<\/p>\n\n\n\n<p>Des de la FSS-CCOO s\u2019aposta fermament per les especialitats d\u2019Infermeria i, per aix\u00f2, defensa que l\u2019especialitat m\u00e8dic-quir\u00fargica, encara sense soluci\u00f3 i oblidada pel Ministeri, necessita urgentment d\u2019una revisi\u00f3 per a la seva posada en marxa.<\/p>\n\n\n\n<p>CCOO presenta una proposta de canvi per dues noves especialitats:<\/p>\n\n\n\n<p>\u00a0Infermeria cr\u00edtica i d\u2019urg\u00e8ncies, que englobaria les \u00e0rees d\u2019urg\u00e8ncies, emerg\u00e8ncies, reanimaci\u00f3,quir\u00f2fans, perfusionistas, trasplantaments, di\u00e0lisis, cremats i UCI.<\/p>\n\n\n\n<p>\u00a0Infermeria de cures pal\u00b7liatives i infeccioses, que englobaria les \u00e0rees d\u2019infecciosos, cures pal\u00b7liatives i malalties oncol\u00f2giques.<\/p>\n\n\n\n<p>Amb aquesta proposta, la FSS-CCOO ent\u00e9n que el sentit de l\u2019especialitat M\u00e8dic-Quir\u00fargica ha de ser m\u00e9s espec\u00edfic, per a donar sentit al que realment es pret\u00e9n amb la creaci\u00f3 de les especialitats.<\/p>\n\n\n\n<p>La implantaci\u00f3 de les especialitats d\u2019Infermeria dins del territori nacional presenta un panorama certament irregular, ja que existeixen especialitats desenvolupades plenament, quant a Borses d\u2019Ocupaci\u00f3 i acc\u00e9s a l\u2019ocupaci\u00f3 p\u00fablica, en algunes Comunitats Aut\u00f2nomes, mentre que en unes altres el desenvolupament \u00e9s parcial o fins i tot inexistent.<\/p>\n\n\n\n<p>CCOO aposta, a m\u00e9s, per nous processos excepcionals per a l\u2019obtenci\u00f3 del t\u00edtol d\u2019especialista,que rescatin a milers de professionals que han desenvolupat les mateixes funcions durant aquests \u00faltims anys en serveis que donen peu a l\u2019obtenci\u00f3 de l\u2019especialitat i que repercutiran positivament en el desenvolupament de la professi\u00f3 infermera i de les pr\u00f2pies especialitats.<\/p>\n\n\n\n<p>Aix\u00ed mateix, la FSS-CCOO exigeix l\u2019immediat desenvolupament i ple reconeixement en el conjunt de l\u2019Estat de les Especialitats d\u2019Infermeria, amb una urgent definici\u00f3 dels llocs de treball i el desenvolupament efectiu de les seves funcions en les Comunitats Aut\u00f2nomes.<\/p>\n","protected":false},"excerpt":{"rendered":"<p>La Federaci\u00f3 de Sanitat i Sectors Sociosanitaris de CCOO (FSS-CCOO)va presentar ahir un escrit dirigit a la ministra de Sanitat, M\u00f3nica Garc\u00eda, en el que se li exigeix una soluci\u00f3 &#8230; <a title=\"CCOO exigeix per carta a la ministra de Sanitat la posada en marxa de l\u2019especialitat d\u2019Infermeria M\u00e8dico-Quir\u00fargica\" class=\"read-more\" href=\"https:\/\/ccoo.app\/ics\/noticies\/ccoo-exigeix-per-carta-a-la-ministra-de-sanitat-la-posada-en-marxa-de-lespecialitat-dinfermeria-medico-quirurgica\/\" aria-label=\"M\u00e9s informaci\u00f3 sobre CCOO exigeix per carta a la ministra de Sanitat la posada en marxa de l\u2019especialitat d\u2019Infermeria M\u00e8dico-Quir\u00fargica\">Read more<\/a><\/p>\n","protected":false},"author":4386,"featured_media":32264,"comment_status":"closed","ping_status":"closed","sticky":false,"template":"","format":"standard","meta":{"footnotes":""},"categories":[12,1],"tags":[],"area":[],"class_list":["post-32263","post","type-post","status-publish","format-standard","has-post-thumbnail","hentry","category-actualitat","category-noticies","generate-columns","tablet-grid-50","mobile-grid-100","grid-parent","grid-50"],"_links":{"self":[{"href":"https:\/\/ccoo.app\/ics\/wp-json\/wp\/v2\/posts\/32263","targetHints":{"allow":["GET"]}}],"collection":[{"href":"https:\/\/ccoo.app\/ics\/wp-json\/wp\/v2\/posts"}],"about":[{"href":"https:\/\/ccoo.app\/ics\/wp-json\/wp\/v2\/types\/post"}],"author":[{"embeddable":true,"href":"https:\/\/ccoo.app\/ics\/wp-json\/wp\/v2\/users\/4386"}],"replies":[{"embeddable":true,"href":"https:\/\/ccoo.app\/ics\/wp-json\/wp\/v2\/comments?post=32263"}],"version-history":[{"count":1,"href":"https:\/\/ccoo.app\/ics\/wp-json\/wp\/v2\/posts\/32263\/revisions"}],"predecessor-version":[{"id":32265,"href":"https:\/\/ccoo.app\/ics\/wp-json\/wp\/v2\/posts\/32263\/revisions\/32265"}],"wp:featuredmedia":[{"embeddable":true,"href":"https:\/\/ccoo.app\/ics\/wp-json\/wp\/v2\/media\/32264"}],"wp:attachment":[{"href":"https:\/\/ccoo.app\/ics\/wp-json\/wp\/v2\/media?parent=32263"}],"wp:term":[{"taxonomy":"category","embeddable":true,"href":"https:\/\/ccoo.app\/ics\/wp-json\/wp\/v2\/categories?post=32263"},{"taxonomy":"post_tag","embeddable":true,"href":"https:\/\/ccoo.app\/ics\/wp-json\/wp\/v2\/tags?post=32263"},{"taxonomy":"area","embeddable":true,"href":"https:\/\/ccoo.app\/ics\/wp-json\/wp\/v2\/area?post=32263"}],"curies":[{"name":"wp","href":"https:\/\/api.w.org\/{rel}","templated":true}]}}