{"id":32260,"date":"2024-02-19T19:24:09","date_gmt":"2024-02-19T18:24:09","guid":{"rendered":"https:\/\/ccoo.app\/ics\/?p=32260"},"modified":"2024-02-21T19:25:37","modified_gmt":"2024-02-21T18:25:37","slug":"el-ministre-escriva-es-compromet-amb-ccoo-i-ugt-en-la-culminacio-de-lacord-marc-per-a-una-administracio-del-segle-xxi-comencant-per-la-jubilacio-parcial-i-la-classificacio-professional","status":"publish","type":"post","link":"https:\/\/ccoo.app\/ics\/noticies\/el-ministre-escriva-es-compromet-amb-ccoo-i-ugt-en-la-culminacio-de-lacord-marc-per-a-una-administracio-del-segle-xxi-comencant-per-la-jubilacio-parcial-i-la-classificacio-professional\/","title":{"rendered":"El Ministre Escriv\u00e1 es compromet amb CCOO i UGT en la culminaci\u00f3 de l\u2019Acord marc per a una Administraci\u00f3 del segle XXI, comen\u00e7ant per la jubilaci\u00f3 parcial i la classificaci\u00f3 professional"},"content":{"rendered":"\n<h3 class=\"wp-block-heading\">En la comissi\u00f3 de seguiment celebrada en el dia d\u2019avui s\u2019ha acordat calendarizar les mat\u00e8ries per a poder culminar en aquest any l\u2019Acord Marc, prioritzant la jubilaci\u00f3 parcial i la classificaci\u00f3 professional, a m\u00e9s de la resta de mat\u00e8ries recollides en aquest, com s\u00f3n la implantaci\u00f3 de la jornada de 35 hores o la millora de l\u2019ocupaci\u00f3 p\u00fablica.<\/h3>\n\n\n\n<p>UGT serveis p\u00fablics i l\u2019\u00e0rea p\u00fablica de CCOO hem insistit en la necessitat de culminar el compliment de l\u2019acord marc i iniciar la negociaci\u00f3 d\u2019un nou acord de legislatura. Despr\u00e9s d\u2019una an\u00e0lisi detallada de les mat\u00e8ries que estan pendents de desenvolupament de l\u2019acord marc, totes dues parts posen l\u2019enfocament en la implantaci\u00f3 de la jubilaci\u00f3 parcial per al personal funcionari, la necessitat de la millora de l\u2019ocupaci\u00f3 p\u00fablica i rejoveniment de les plantilles, el desenvolupament de la classificaci\u00f3 professional o les 35 hores, entre altres.<\/p>\n\n\n\n<p>El Ministre veu factible i de just\u00edcia la implantaci\u00f3 de la jubilaci\u00f3 parcial en el mateix marc que la resta de les persones treballadores, aix\u00ed com la culminaci\u00f3 de totes i cadascuna de les mat\u00e8ries de l\u2019Acord marc.<\/p>\n\n\n\n<p>En aquest sentit, el ministeri ja est\u00e0 treballant en una an\u00e0lisi de la situaci\u00f3 de l\u2019ocupaci\u00f3 p\u00fablica, necessitats de perfils professionals i dimensionament de les plantilles, per a poder aplicar mat\u00e8ries tan importants com la classificaci\u00f3 i carrera professional, avaluaci\u00f3 de l\u2019acompliment, teletreball o jornada laboral.<\/p>\n\n\n\n<p>Respecte a l\u2019increment del 2%, insisteix que \u00e9s objecte de PGE 2024 i que en qualsevol cas es complir\u00e0, com ja ha passat amb la resta d\u2019increments recollits en l\u2019Acord.<\/p>\n\n\n\n<p>Totes dues organitzacions sindicals han instat que el Govern ha d\u2019arbitrar les f\u00f3rmules legislatives adequades per a fer efectiva la pujada del 2024 sense haver d\u2019esperar a la llei de Pressupostos Generals de l\u2019Estat.<\/p>\n","protected":false},"excerpt":{"rendered":"<p>En la comissi\u00f3 de seguiment celebrada en el dia d\u2019avui s\u2019ha acordat calendarizar les mat\u00e8ries per a poder culminar en aquest any l\u2019Acord Marc, prioritzant la jubilaci\u00f3 parcial i la &#8230; <a title=\"El Ministre Escriv\u00e1 es compromet amb CCOO i UGT en la culminaci\u00f3 de l\u2019Acord marc per a una Administraci\u00f3 del segle XXI, comen\u00e7ant per la jubilaci\u00f3 parcial i la classificaci\u00f3 professional\" class=\"read-more\" href=\"https:\/\/ccoo.app\/ics\/noticies\/el-ministre-escriva-es-compromet-amb-ccoo-i-ugt-en-la-culminacio-de-lacord-marc-per-a-una-administracio-del-segle-xxi-comencant-per-la-jubilacio-parcial-i-la-classificacio-professional\/\" aria-label=\"M\u00e9s informaci\u00f3 sobre El Ministre Escriv\u00e1 es compromet amb CCOO i UGT en la culminaci\u00f3 de l\u2019Acord marc per a una Administraci\u00f3 del segle XXI, comen\u00e7ant per la jubilaci\u00f3 parcial i la classificaci\u00f3 professional\">Read more<\/a><\/p>\n","protected":false},"author":4386,"featured_media":32261,"comment_status":"closed","ping_status":"closed","sticky":false,"template":"","format":"standard","meta":{"footnotes":""},"categories":[12,1],"tags":[14,16],"area":[],"class_list":["post-32260","post","type-post","status-publish","format-standard","has-post-thumbnail","hentry","category-actualitat","category-noticies","tag-jubilacio-60-anys","tag-rqualificacio-professional","generate-columns","tablet-grid-50","mobile-grid-100","grid-parent","grid-50"],"_links":{"self":[{"href":"https:\/\/ccoo.app\/ics\/wp-json\/wp\/v2\/posts\/32260","targetHints":{"allow":["GET"]}}],"collection":[{"href":"https:\/\/ccoo.app\/ics\/wp-json\/wp\/v2\/posts"}],"about":[{"href":"https:\/\/ccoo.app\/ics\/wp-json\/wp\/v2\/types\/post"}],"author":[{"embeddable":true,"href":"https:\/\/ccoo.app\/ics\/wp-json\/wp\/v2\/users\/4386"}],"replies":[{"embeddable":true,"href":"https:\/\/ccoo.app\/ics\/wp-json\/wp\/v2\/comments?post=32260"}],"version-history":[{"count":1,"href":"https:\/\/ccoo.app\/ics\/wp-json\/wp\/v2\/posts\/32260\/revisions"}],"predecessor-version":[{"id":32262,"href":"https:\/\/ccoo.app\/ics\/wp-json\/wp\/v2\/posts\/32260\/revisions\/32262"}],"wp:featuredmedia":[{"embeddable":true,"href":"https:\/\/ccoo.app\/ics\/wp-json\/wp\/v2\/media\/32261"}],"wp:attachment":[{"href":"https:\/\/ccoo.app\/ics\/wp-json\/wp\/v2\/media?parent=32260"}],"wp:term":[{"taxonomy":"category","embeddable":true,"href":"https:\/\/ccoo.app\/ics\/wp-json\/wp\/v2\/categories?post=32260"},{"taxonomy":"post_tag","embeddable":true,"href":"https:\/\/ccoo.app\/ics\/wp-json\/wp\/v2\/tags?post=32260"},{"taxonomy":"area","embeddable":true,"href":"https:\/\/ccoo.app\/ics\/wp-json\/wp\/v2\/area?post=32260"}],"curies":[{"name":"wp","href":"https:\/\/api.w.org\/{rel}","templated":true}]}}