{"id":32255,"date":"2024-02-21T17:39:46","date_gmt":"2024-02-21T16:39:46","guid":{"rendered":"https:\/\/ccoo.app\/ics\/?p=32255"},"modified":"2024-02-21T17:39:48","modified_gmt":"2024-02-21T16:39:48","slug":"ccoo-ens-concentrem-a-la-catalunya-central-per-lincrement-de-les-agressions-als-professionals-de-primaria-de-lics","status":"publish","type":"post","link":"https:\/\/ccoo.app\/ics\/noticies\/ccoo-ens-concentrem-a-la-catalunya-central-per-lincrement-de-les-agressions-als-professionals-de-primaria-de-lics\/","title":{"rendered":"CCOO ens concentrem a la Catalunya Central per l\u2019increment de les agressions als professionals de prim\u00e0ria de l\u2019ICS"},"content":{"rendered":"\n<h2 class=\"wp-block-heading\"><strong>Exigim contractaci\u00f3 de personal de seguretat<\/strong><\/h2>\n\n\n\n<p>Com a conseq\u00fc\u00e8ncia de l\u2019increment de les agressions que les professionals de la prim\u00e0ria de la Catalunya Central, estem patint, CCOO i la resta de sindicats amb pres\u00e8ncia a la Junta de Personal, de manera unit\u00e0ria, ens concentrem per exigir a l\u2019ICS la contractaci\u00f3 de personal de seguretat al CAP Piera.<\/p>\n\n\n\n<p>En termes generals, les professionals de l\u2019atenci\u00f3 prim\u00e0ria han viscut 4 vegades m\u00e9s situacions violentes que les dels hospitals. I concretament, el 80% de les agressions van ser en consultes espont\u00e0nies o d\u2019urg\u00e8ncies i el 20% restant en consultes programades.<\/p>\n\n\n\n<p>A la Catalunya Central, les dades d\u2019aquests episodis de viol\u00e8ncia revelen que l\u2019equip d\u2019atenci\u00f3 prim\u00e0ria del CAP Piera pateix agressions tan f\u00edsiques com verbals de forma habitual, pr\u00e0cticament a diari, i \u00e9s l\u2019equip que m\u00e9s agressions ha notificat. Les agressions afecten especialment al personal administratiu, TCAI, Infermeres i Facultatius\/ves especialistes en medicina familiar i comunit\u00e0ria.<\/p>\n\n\n\n<p>Considerem que la situaci\u00f3 ja \u00e9s insostenible, i per aix\u00f2 el\u00a0<strong>proper dijous 22 de febrer de 2024 a les 11 hores davant del CAP Piera ens concentrem tota la Junta de Personal<\/strong>\u00a0per tal d\u2019exigir la contractaci\u00f3 de personal de seguretat, tal i com ja s\u2019ha fet en d\u2019altres centres.<\/p>\n\n\n\n<div data-wp-interactive=\"core\/file\" class=\"wp-block-file\"><object data-wp-bind--hidden=\"!state.hasPdfPreview\" hidden class=\"wp-block-file__embed\" data=\"https:\/\/ccoo.app\/ics\/wp-content\/blogs.dir\/6\/files\/sites\/200\/2024\/02\/Vigilant-de-seguretat-al-CAP-Piera-Ara.pdf\" type=\"application\/pdf\" style=\"width:100%;height:1300px\" aria-label=\"Incrustaci\u00f3 del fitxer Vigilant-de-seguretat-al-CAP-Piera-Ara.\"><\/object><a id=\"wp-block-file--media-e7bfef10-b400-41c4-9593-978c7e7049b2\" href=\"https:\/\/ccoo.app\/ics\/wp-content\/blogs.dir\/6\/files\/sites\/200\/2024\/02\/Vigilant-de-seguretat-al-CAP-Piera-Ara.pdf\">Vigilant-de-seguretat-al-CAP-Piera-Ara<\/a><a href=\"https:\/\/ccoo.app\/ics\/wp-content\/blogs.dir\/6\/files\/sites\/200\/2024\/02\/Vigilant-de-seguretat-al-CAP-Piera-Ara.pdf\" class=\"wp-block-file__button wp-element-button\" download aria-describedby=\"wp-block-file--media-e7bfef10-b400-41c4-9593-978c7e7049b2\">Baixa<\/a><\/div>\n\n\n\n<div data-wp-interactive=\"core\/file\" class=\"wp-block-file\"><object data-wp-bind--hidden=\"!state.hasPdfPreview\" hidden class=\"wp-block-file__embed\" data=\"https:\/\/ccoo.app\/ics\/wp-content\/blogs.dir\/6\/files\/sites\/200\/2024\/02\/Manifest-conjunt-Concentracio-CAP-Piera-22.2.24.pdf\" type=\"application\/pdf\" style=\"width:100%;height:880px\" aria-label=\"Incrustaci\u00f3 del fitxer Manifest-conjunt-Concentracio-CAP-Piera-22.2.24.\"><\/object><a id=\"wp-block-file--media-6e478cbd-7271-4618-b87c-0b8e05b8f8c7\" href=\"https:\/\/ccoo.app\/ics\/wp-content\/blogs.dir\/6\/files\/sites\/200\/2024\/02\/Manifest-conjunt-Concentracio-CAP-Piera-22.2.24.pdf\">Manifest-conjunt-Concentracio-CAP-Piera-22.2.24<\/a><a href=\"https:\/\/ccoo.app\/ics\/wp-content\/blogs.dir\/6\/files\/sites\/200\/2024\/02\/Manifest-conjunt-Concentracio-CAP-Piera-22.2.24.pdf\" class=\"wp-block-file__button wp-element-button\" download aria-describedby=\"wp-block-file--media-6e478cbd-7271-4618-b87c-0b8e05b8f8c7\">Baixa<\/a><\/div>\n","protected":false},"excerpt":{"rendered":"<p>Exigim contractaci\u00f3 de personal de seguretat Com a conseq\u00fc\u00e8ncia de l\u2019increment de les agressions que les professionals de la prim\u00e0ria de la Catalunya Central, estem patint, CCOO i la resta &#8230; <a title=\"CCOO ens concentrem a la Catalunya Central per l\u2019increment de les agressions als professionals de prim\u00e0ria de l\u2019ICS\" class=\"read-more\" href=\"https:\/\/ccoo.app\/ics\/noticies\/ccoo-ens-concentrem-a-la-catalunya-central-per-lincrement-de-les-agressions-als-professionals-de-primaria-de-lics\/\" aria-label=\"M\u00e9s informaci\u00f3 sobre CCOO ens concentrem a la Catalunya Central per l\u2019increment de les agressions als professionals de prim\u00e0ria de l\u2019ICS\">Read more<\/a><\/p>\n","protected":false},"author":4386,"featured_media":32258,"comment_status":"closed","ping_status":"closed","sticky":false,"template":"","format":"standard","meta":{"footnotes":""},"categories":[13,7,1],"tags":[],"area":[],"class_list":["post-32255","post","type-post","status-publish","format-standard","has-post-thumbnail","hentry","category-accions-sindicals","category-mobilitzacions","category-noticies","generate-columns","tablet-grid-50","mobile-grid-100","grid-parent","grid-50"],"_links":{"self":[{"href":"https:\/\/ccoo.app\/ics\/wp-json\/wp\/v2\/posts\/32255","targetHints":{"allow":["GET"]}}],"collection":[{"href":"https:\/\/ccoo.app\/ics\/wp-json\/wp\/v2\/posts"}],"about":[{"href":"https:\/\/ccoo.app\/ics\/wp-json\/wp\/v2\/types\/post"}],"author":[{"embeddable":true,"href":"https:\/\/ccoo.app\/ics\/wp-json\/wp\/v2\/users\/4386"}],"replies":[{"embeddable":true,"href":"https:\/\/ccoo.app\/ics\/wp-json\/wp\/v2\/comments?post=32255"}],"version-history":[{"count":1,"href":"https:\/\/ccoo.app\/ics\/wp-json\/wp\/v2\/posts\/32255\/revisions"}],"predecessor-version":[{"id":32259,"href":"https:\/\/ccoo.app\/ics\/wp-json\/wp\/v2\/posts\/32255\/revisions\/32259"}],"wp:featuredmedia":[{"embeddable":true,"href":"https:\/\/ccoo.app\/ics\/wp-json\/wp\/v2\/media\/32258"}],"wp:attachment":[{"href":"https:\/\/ccoo.app\/ics\/wp-json\/wp\/v2\/media?parent=32255"}],"wp:term":[{"taxonomy":"category","embeddable":true,"href":"https:\/\/ccoo.app\/ics\/wp-json\/wp\/v2\/categories?post=32255"},{"taxonomy":"post_tag","embeddable":true,"href":"https:\/\/ccoo.app\/ics\/wp-json\/wp\/v2\/tags?post=32255"},{"taxonomy":"area","embeddable":true,"href":"https:\/\/ccoo.app\/ics\/wp-json\/wp\/v2\/area?post=32255"}],"curies":[{"name":"wp","href":"https:\/\/api.w.org\/{rel}","templated":true}]}}