{"id":32251,"date":"2024-02-09T19:19:06","date_gmt":"2024-02-09T18:19:06","guid":{"rendered":"https:\/\/ccoo.app\/ics\/?p=32251"},"modified":"2024-02-09T19:19:08","modified_gmt":"2024-02-09T18:19:08","slug":"aquest-mes-de-marc-nou-increment-retributiu-a-la-generalitat","status":"publish","type":"post","link":"https:\/\/ccoo.app\/ics\/noticies\/aquest-mes-de-marc-nou-increment-retributiu-a-la-generalitat\/","title":{"rendered":"Aquest mes de mar\u00e7, nou increment retributiu a la Generalitat"},"content":{"rendered":"\n<p>Tal com vam<a href=\"https:\/\/www.ccoo.cat\/noticies\/area-publica\/ccoo-i-ugt-materialitzen-amb-el-govern-la-pujada-salarial-del-05-del-pib-en-compliment-de-lacord-marc-per-a-una-administracio-del-segle-xxi\/\">&nbsp;informar fa uns dies<\/a>, les retribucions de les treballadores i treballadors de les administracions p\u00fabliques s\u2019hauran incrementat un 3\u20195% el 2023. D\u2019aquest increment, ens faltava per garantir el darrer 0\u20195%, que les de la Generalitat cobrarem en la n\u00f2mina del mes de mar\u00e7.<\/p>\n\n\n\n<p>Com ja ens tenen&nbsp;<a href=\"https:\/\/www.ccoo.cat\/noticies\/area-publica\/la-generalitat-no-vol-complir-lacord-retributiu\/\">acostumats a Catalunya<\/a>, cobrarem un mes m\u00e9s tard que d\u2019altres, com l\u2019Administraci\u00f3 General de l\u2019Estat. De nou, les \u201cm\u00e0quines\u201d catalanes no s\u00f3n capaces de garantir que aquests diners arribin a les mans de les seves treballadores quan toca.<\/p>\n\n\n\n<p>Ara faltar\u00e0 que l\u2019Estat doni compliment a l\u2019increment pactat pel 2024, que ser\u00e0 del 2% des del mes de gener, m\u00e9s un altre 0\u20195% en funci\u00f3 de l\u2019IPC harmonitzat del mes de setembre, amb efectes retroactius des del mes de gener del 2024. Totes les variables econ\u00f2miques indiquen que es compliran les condicions i l\u2019acord de CCOO haur\u00e0 comportat un increment del 9\u201980% en el per\u00edode 2022-2024. En un context d\u2019alt\u00edssima complexitat econ\u00f2mica i inestabilitat pol\u00edtica, el nostre acord haur\u00e0 aconseguit aturar el gran cop que la inflaci\u00f3 est\u00e0 ocasionant entre els treballadors i treballadores de les administracions.<\/p>\n\n\n\n<p>Ens queden molts drets per recuperar i per guanyar. Hi ha models sindicals que se centraran a criticar tot el que falta. El nostre continuar\u00e0 treballant per obtenir millores.<\/p>\n","protected":false},"excerpt":{"rendered":"<p>Tal com vam&nbsp;informar fa uns dies, les retribucions de les treballadores i treballadors de les administracions p\u00fabliques s\u2019hauran incrementat un 3\u20195% el 2023. D\u2019aquest increment, ens faltava per garantir el &#8230; <a title=\"Aquest mes de mar\u00e7, nou increment retributiu a la Generalitat\" class=\"read-more\" href=\"https:\/\/ccoo.app\/ics\/noticies\/aquest-mes-de-marc-nou-increment-retributiu-a-la-generalitat\/\" aria-label=\"M\u00e9s informaci\u00f3 sobre Aquest mes de mar\u00e7, nou increment retributiu a la Generalitat\">Read more<\/a><\/p>\n","protected":false},"author":4386,"featured_media":32252,"comment_status":"closed","ping_status":"closed","sticky":false,"template":"","format":"standard","meta":{"footnotes":""},"categories":[12,1],"tags":[],"area":[],"class_list":["post-32251","post","type-post","status-publish","format-standard","has-post-thumbnail","hentry","category-actualitat","category-noticies","generate-columns","tablet-grid-50","mobile-grid-100","grid-parent","grid-50"],"_links":{"self":[{"href":"https:\/\/ccoo.app\/ics\/wp-json\/wp\/v2\/posts\/32251","targetHints":{"allow":["GET"]}}],"collection":[{"href":"https:\/\/ccoo.app\/ics\/wp-json\/wp\/v2\/posts"}],"about":[{"href":"https:\/\/ccoo.app\/ics\/wp-json\/wp\/v2\/types\/post"}],"author":[{"embeddable":true,"href":"https:\/\/ccoo.app\/ics\/wp-json\/wp\/v2\/users\/4386"}],"replies":[{"embeddable":true,"href":"https:\/\/ccoo.app\/ics\/wp-json\/wp\/v2\/comments?post=32251"}],"version-history":[{"count":1,"href":"https:\/\/ccoo.app\/ics\/wp-json\/wp\/v2\/posts\/32251\/revisions"}],"predecessor-version":[{"id":32253,"href":"https:\/\/ccoo.app\/ics\/wp-json\/wp\/v2\/posts\/32251\/revisions\/32253"}],"wp:featuredmedia":[{"embeddable":true,"href":"https:\/\/ccoo.app\/ics\/wp-json\/wp\/v2\/media\/32252"}],"wp:attachment":[{"href":"https:\/\/ccoo.app\/ics\/wp-json\/wp\/v2\/media?parent=32251"}],"wp:term":[{"taxonomy":"category","embeddable":true,"href":"https:\/\/ccoo.app\/ics\/wp-json\/wp\/v2\/categories?post=32251"},{"taxonomy":"post_tag","embeddable":true,"href":"https:\/\/ccoo.app\/ics\/wp-json\/wp\/v2\/tags?post=32251"},{"taxonomy":"area","embeddable":true,"href":"https:\/\/ccoo.app\/ics\/wp-json\/wp\/v2\/area?post=32251"}],"curies":[{"name":"wp","href":"https:\/\/api.w.org\/{rel}","templated":true}]}}