{"id":32248,"date":"2024-02-07T15:00:00","date_gmt":"2024-02-07T14:00:00","guid":{"rendered":"https:\/\/ccoo.app\/ics\/?p=32248"},"modified":"2024-02-09T07:54:16","modified_gmt":"2024-02-09T06:54:16","slug":"aprovat-en-consell-de-ministres-la-pujada-del-05-per-al-conjunt-dempleades-i-empleats-de-les-administracions-publiques","status":"publish","type":"post","link":"https:\/\/ccoo.app\/ics\/noticies\/aprovat-en-consell-de-ministres-la-pujada-del-05-per-al-conjunt-dempleades-i-empleats-de-les-administracions-publiques\/","title":{"rendered":"Aprovat en Consell de Ministres la pujada del 0\u20195% per al conjunt d\u2019empleades i empleats de les Administracions P\u00fabliques"},"content":{"rendered":"\n<h3 class=\"wp-block-heading\">L\u2019increment del 0\u20195% aprovat estava recollit en els pressupostos generals del 2023, i el seu compliment quedava pendent de la dada del PIB nominal de 2023, que fos igual o superior al 2,1%. Aix\u00ed mateix, CCOO exigeix al Govern que s\u2019elimini la taxa de reposici\u00f3 en els pressupostos de 2024.<\/h3>\n\n\n\n<p>Tal com anunciem des de l\u2019\u00e0rea p\u00fablica de CCOO, el consell de Ministres va aprovar ahir la pujada salarial del 0\u20195% que tindr\u00e0 car\u00e0cter retroactiu des de l\u20191 de gener de 2023.<\/p>\n\n\n\n<p>Com ja va passar amb el 0\u20195% anterior en relaci\u00f3 amb l\u2019IPCA, es trauran unes instruccions des de Funci\u00f3 P\u00fablica per a la seva posada en marxa immediata.<\/p>\n\n\n\n<p>Estarem vigilants perqu\u00e8 es faci efectiva al m\u00e9s aviat possible, si pot ser, aquest mateix mes de febrer o mar\u00e7.<\/p>\n\n\n\n<p>Respecte a l\u2019eliminaci\u00f3 de la taxa de reposici\u00f3, sent una reivindicaci\u00f3 hist\u00f2rica d\u2019aquest sindicat, hem exigit que s\u2019elimini ja en el pr\u00f2xim PGE 2024, sense haver d\u2019esperar al 2025.<\/p>\n\n\n\n<p>La recuperaci\u00f3 d\u2019ocupaci\u00f3 p\u00fablica est\u00e0 compromesa amb CCOO, entre altres, en el pla de xoc, que no sols ha de servir per a donar estabilitat a les plantilles, una cosa priorit\u00e0ria, sin\u00f3 per a recuperar ocupaci\u00f3 i rejovenir-les.<\/p>\n","protected":false},"excerpt":{"rendered":"<p>L\u2019increment del 0\u20195% aprovat estava recollit en els pressupostos generals del 2023, i el seu compliment quedava pendent de la dada del PIB nominal de 2023, que fos igual o &#8230; <a title=\"Aprovat en Consell de Ministres la pujada del 0\u20195% per al conjunt d\u2019empleades i empleats de les Administracions P\u00fabliques\" class=\"read-more\" href=\"https:\/\/ccoo.app\/ics\/noticies\/aprovat-en-consell-de-ministres-la-pujada-del-05-per-al-conjunt-dempleades-i-empleats-de-les-administracions-publiques\/\" aria-label=\"M\u00e9s informaci\u00f3 sobre Aprovat en Consell de Ministres la pujada del 0\u20195% per al conjunt d\u2019empleades i empleats de les Administracions P\u00fabliques\">Read more<\/a><\/p>\n","protected":false},"author":4386,"featured_media":32249,"comment_status":"closed","ping_status":"closed","sticky":false,"template":"","format":"standard","meta":{"footnotes":""},"categories":[12,1],"tags":[],"area":[],"class_list":["post-32248","post","type-post","status-publish","format-standard","has-post-thumbnail","hentry","category-actualitat","category-noticies","generate-columns","tablet-grid-50","mobile-grid-100","grid-parent","grid-50"],"_links":{"self":[{"href":"https:\/\/ccoo.app\/ics\/wp-json\/wp\/v2\/posts\/32248","targetHints":{"allow":["GET"]}}],"collection":[{"href":"https:\/\/ccoo.app\/ics\/wp-json\/wp\/v2\/posts"}],"about":[{"href":"https:\/\/ccoo.app\/ics\/wp-json\/wp\/v2\/types\/post"}],"author":[{"embeddable":true,"href":"https:\/\/ccoo.app\/ics\/wp-json\/wp\/v2\/users\/4386"}],"replies":[{"embeddable":true,"href":"https:\/\/ccoo.app\/ics\/wp-json\/wp\/v2\/comments?post=32248"}],"version-history":[{"count":1,"href":"https:\/\/ccoo.app\/ics\/wp-json\/wp\/v2\/posts\/32248\/revisions"}],"predecessor-version":[{"id":32250,"href":"https:\/\/ccoo.app\/ics\/wp-json\/wp\/v2\/posts\/32248\/revisions\/32250"}],"wp:featuredmedia":[{"embeddable":true,"href":"https:\/\/ccoo.app\/ics\/wp-json\/wp\/v2\/media\/32249"}],"wp:attachment":[{"href":"https:\/\/ccoo.app\/ics\/wp-json\/wp\/v2\/media?parent=32248"}],"wp:term":[{"taxonomy":"category","embeddable":true,"href":"https:\/\/ccoo.app\/ics\/wp-json\/wp\/v2\/categories?post=32248"},{"taxonomy":"post_tag","embeddable":true,"href":"https:\/\/ccoo.app\/ics\/wp-json\/wp\/v2\/tags?post=32248"},{"taxonomy":"area","embeddable":true,"href":"https:\/\/ccoo.app\/ics\/wp-json\/wp\/v2\/area?post=32248"}],"curies":[{"name":"wp","href":"https:\/\/api.w.org\/{rel}","templated":true}]}}