{"id":32245,"date":"2024-02-05T15:00:00","date_gmt":"2024-02-05T14:00:00","guid":{"rendered":"https:\/\/ccoo.app\/ics\/?p=32245"},"modified":"2024-02-09T07:52:13","modified_gmt":"2024-02-09T06:52:13","slug":"ccoo-i-ugt-fan-peticio-de-reunio-urgent-al-ministre-escriva-per-a-culminar-aspectes-pendents-de-lacord-marc","status":"publish","type":"post","link":"https:\/\/ccoo.app\/ics\/noticies\/ccoo-i-ugt-fan-peticio-de-reunio-urgent-al-ministre-escriva-per-a-culminar-aspectes-pendents-de-lacord-marc\/","title":{"rendered":"CCOO i UGT fan petici\u00f3 de reuni\u00f3 urgent al Ministre Escriv\u00e1 per a culminar aspectes pendents de l\u2019Acord marc"},"content":{"rendered":"\n<h3 class=\"wp-block-heading\">L\u2019\u00c0rea P\u00fablica de CCOO i UGT Serveis P\u00fablics, signants de l\u2019Acord marc per a una Administraci\u00f3 del segle XXI, insten a Jos\u00e9 Luis Escriv\u00e1, ministre de Funci\u00f3 P\u00fablica, a reprendre immediatament l\u2019agenda en mat\u00e8ria de funci\u00f3 p\u00fablica i transformaci\u00f3 digital, temes espec\u00edfics recollits en l\u2019Acord marc i en el Pla de Recuperaci\u00f3, Transformaci\u00f3 i Resili\u00e8ncia comprom\u00e8s pel govern amb la Uni\u00f3 Europea.<\/h3>\n\n\n\n<p>Tots dos sindicats insisteixen en la urg\u00e8ncia de la convocat\u00f2ria de la comissi\u00f3 de seguiment de l\u2019Acord per a abordar, m\u00e9s enll\u00e0 dels aspectes retributius, importants q\u00fcestions pactades com la jubilaci\u00f3 parcial per al personal funcionari i estatutari, el car\u00e0cter de m\u00ednims dels permisos i vacances, la carrera professional, la implantaci\u00f3 de les 35 hores i el teletreball en l\u2019\u00e0mbit de l\u2019Administraci\u00f3 de l\u2019Estat, que t\u00e9 un impacte tamb\u00e9 en l\u2019administraci\u00f3 local i altres \u00e0mbits, aix\u00ed com la implantaci\u00f3 del grup B i l\u2019adaptaci\u00f3 del Marc Espanyol al Marc Europeu de les qualificacions del nou quadre de classificaci\u00f3 professional, entre altres mat\u00e8ries.<\/p>\n\n\n\n<p>De la mateixa manera, UGT i CCOO incideixen en qu\u00e8, de manera immediata, es convoqui la comissi\u00f3 de seguiment del pla de xoc per a agilitzar la resoluci\u00f3 dels processos d\u2019estabilitzaci\u00f3, aix\u00ed com la necessitat de seguir en la senda de recuperaci\u00f3 d\u2019ocupaci\u00f3 p\u00fablica i el rejoveniment de les plantilles per a donar resposta a la greu situaci\u00f3 d\u2019envelliment d\u2019aquestes, reivindicacions hist\u00f2riques de tots dos sindicats.<\/p>\n\n\n\n<p>La culminaci\u00f3 de l\u2019Acord marc resulta imprescindible per al reconeixement i professionalitat de les treballadores i treballadors p\u00fablics, aix\u00ed com per al correcte funcionament dels serveis p\u00fablics del nostre pa\u00eds.<\/p>\n","protected":false},"excerpt":{"rendered":"<p>L\u2019\u00c0rea P\u00fablica de CCOO i UGT Serveis P\u00fablics, signants de l\u2019Acord marc per a una Administraci\u00f3 del segle XXI, insten a Jos\u00e9 Luis Escriv\u00e1, ministre de Funci\u00f3 P\u00fablica, a reprendre &#8230; <a title=\"CCOO i UGT fan petici\u00f3 de reuni\u00f3 urgent al Ministre Escriv\u00e1 per a culminar aspectes pendents de l\u2019Acord marc\" class=\"read-more\" href=\"https:\/\/ccoo.app\/ics\/noticies\/ccoo-i-ugt-fan-peticio-de-reunio-urgent-al-ministre-escriva-per-a-culminar-aspectes-pendents-de-lacord-marc\/\" aria-label=\"M\u00e9s informaci\u00f3 sobre CCOO i UGT fan petici\u00f3 de reuni\u00f3 urgent al Ministre Escriv\u00e1 per a culminar aspectes pendents de l\u2019Acord marc\">Read more<\/a><\/p>\n","protected":false},"author":4386,"featured_media":32246,"comment_status":"closed","ping_status":"closed","sticky":false,"template":"","format":"standard","meta":{"footnotes":""},"categories":[13,12,1],"tags":[],"area":[],"class_list":["post-32245","post","type-post","status-publish","format-standard","has-post-thumbnail","hentry","category-accions-sindicals","category-actualitat","category-noticies","generate-columns","tablet-grid-50","mobile-grid-100","grid-parent","grid-50"],"_links":{"self":[{"href":"https:\/\/ccoo.app\/ics\/wp-json\/wp\/v2\/posts\/32245","targetHints":{"allow":["GET"]}}],"collection":[{"href":"https:\/\/ccoo.app\/ics\/wp-json\/wp\/v2\/posts"}],"about":[{"href":"https:\/\/ccoo.app\/ics\/wp-json\/wp\/v2\/types\/post"}],"author":[{"embeddable":true,"href":"https:\/\/ccoo.app\/ics\/wp-json\/wp\/v2\/users\/4386"}],"replies":[{"embeddable":true,"href":"https:\/\/ccoo.app\/ics\/wp-json\/wp\/v2\/comments?post=32245"}],"version-history":[{"count":1,"href":"https:\/\/ccoo.app\/ics\/wp-json\/wp\/v2\/posts\/32245\/revisions"}],"predecessor-version":[{"id":32247,"href":"https:\/\/ccoo.app\/ics\/wp-json\/wp\/v2\/posts\/32245\/revisions\/32247"}],"wp:featuredmedia":[{"embeddable":true,"href":"https:\/\/ccoo.app\/ics\/wp-json\/wp\/v2\/media\/32246"}],"wp:attachment":[{"href":"https:\/\/ccoo.app\/ics\/wp-json\/wp\/v2\/media?parent=32245"}],"wp:term":[{"taxonomy":"category","embeddable":true,"href":"https:\/\/ccoo.app\/ics\/wp-json\/wp\/v2\/categories?post=32245"},{"taxonomy":"post_tag","embeddable":true,"href":"https:\/\/ccoo.app\/ics\/wp-json\/wp\/v2\/tags?post=32245"},{"taxonomy":"area","embeddable":true,"href":"https:\/\/ccoo.app\/ics\/wp-json\/wp\/v2\/area?post=32245"}],"curies":[{"name":"wp","href":"https:\/\/api.w.org\/{rel}","templated":true}]}}