{"id":32225,"date":"2024-02-01T22:14:05","date_gmt":"2024-02-01T21:14:05","guid":{"rendered":"https:\/\/ccoo.app\/ics\/?p=32225"},"modified":"2024-02-01T22:27:41","modified_gmt":"2024-02-01T21:27:41","slug":"un-estudi-de-ccoo-denuncia-que-la-plantilla-de-professionals-administratius-en-atencio-primaria-nomes-sha-incrementat-un-2-en-lultima-decada","status":"publish","type":"post","link":"https:\/\/ccoo.app\/ics\/noticies\/un-estudi-de-ccoo-denuncia-que-la-plantilla-de-professionals-administratius-en-atencio-primaria-nomes-sha-incrementat-un-2-en-lultima-decada\/","title":{"rendered":"Un estudi de CCOO denuncia que la plantilla de professionals administratius en Atenci\u00f3 Prim\u00e0ria nom\u00e9s s\u2019ha incrementat un 2% en l\u2019\u00faltima d\u00e8cada"},"content":{"rendered":"\n<h3 class=\"wp-block-heading\">Un informe elaborat per la Federaci\u00f3 de Sanitat i Sectors Sociosanitaris de CCOO (FSS-CCOO), despr\u00e9s de realitzar i analitzar m\u00e9s de 1.200 enquestes a personal de la funci\u00f3 administrativa en centres p\u00fablics del Sistema Nacional de Salut (SNS), revela que en Atenci\u00f3 Prim\u00e0ria, des de l\u2019any 2011 al 2021, la plantilla tan sols s\u2019ha augmentat en 430 professionals, la qual cosa suposa un increment del 2,7% (0,27% anualitzat). Per tant, per a aconseguir la r\u00e0tio demandada per CCOO, seria necess\u00e0ria la contractaci\u00f3 de com a m\u00ednim 7.516 professionals administratius m\u00e9s tan sols en l\u2019Atenci\u00f3 Prim\u00e0ria del SNS. Aix\u00ed mateix, l\u2019estudi posa de manifest que m\u00e9s del 80% del col\u00b7lectiu considera que les categories d\u2019auxiliar administratiu i administratiu s\u2019han d\u2019unificar en una \u00fanica categoria administrativa.<\/h3>\n\n\n\n<p>CCOO denuncia en el seu informe que en Atenci\u00f3 Prim\u00e0ria, en l\u2019\u00faltima d\u00e8cada, des de l\u2019any 2011 a l\u2019any 2021, tan sols s\u2019ha augmentat la plantilla en 430 professionals el que suposa un increment de tan sols el 2,7% (0,27% anualitzat). D\u2019aquesta manera, per a aconseguir, tal com demanda el sindicat, unes r\u00e0tios d\u2019almenys dos professionals administratius per cada tres m\u00e8dics\/as i per cada tres infermers\/as&nbsp;<strong>seria necess\u00e0ria la contractaci\u00f3 de com a m\u00ednim 7.516 professionals administratius m\u00e9s, tan sols en l\u2019Atenci\u00f3 Prim\u00e0ria del SNS<\/strong>. Amb aquestes dades, s\u2019ent\u00e9n que la majoria de professionals considerin que la r\u00e0tio no \u00e9s suficient, aix\u00ed com que gaireb\u00e9 la meitat (48%) denunci\u00ef que tenen sobrec\u00e0rrega en el treball.<\/p>\n\n\n\n<p>L\u2019informe elaborat per la FSS-CCOO revela a m\u00e9s que la immensa majoria (el 93%) dels auxiliars administratius enquestats considera que aquesta categoria no est\u00e0 prou reconeguda, i el 69% considera que el seu nivell de qualificaci\u00f3 professional no es correspon amb la categoria d\u2019auxiliar administratiu i, per tant,&nbsp;<strong>s\u2019hauria d\u2019exigir una titulaci\u00f3 espec\u00edfica de la branca administrativa<\/strong>. D\u2019altra banda, el 53% considera necess\u00e0ria la creaci\u00f3 d\u2019una titulaci\u00f3 de formaci\u00f3 professional d\u2019administratiu sanitari.<\/p>\n\n\n\n<p>Quant a l\u2019escassetat de professionals, l\u2019informe tamb\u00e9 posa de manifest que el 53% dels i les enquestades considera insuficient la r\u00e0tio del personal administratiu que hi ha actualment, dades que el propi Ministeri de Sanitat emmascara en un conjunt global de n\u00fameros denominant a aquests com \u201caltres professionals\u201d. Segons c\u00e0lculs d\u2019aquest sindicat,&nbsp;<strong>en l\u2019SNS treballen al voltant de 76.000 professionals del grup administratiu, i existeix una r\u00e0tio d\u20191.25 professionals administratius per cada 1.000 habitants, la qual cosa per al nostre sindicat suposa una r\u00e0tio insuficient per a atendre les demandes i necessitats dels usuaris i usu\u00e0ries del sistema p\u00fablic de salut<\/strong>.<\/p>\n\n\n\n<p>Des de CCOO ens sumem a la demanda del col\u00b7lectiu i&nbsp;<strong>exigim la reconversi\u00f3 progressiva de totes les places d\u2019auxiliars administratius en administratius<\/strong>; el 82% dels enquestats considera que en l\u2019actualitat les categories d\u2019auxiliar administratiu i administratiu tenen funcions similars i haurien d\u2019unificar-se en una \u00fanica categoria.<\/p>\n\n\n\n<p>Una de les q\u00fcestions que m\u00e9s preocupa aquest personal \u00e9s l\u2019elevat nombre d\u2019agressions, tant f\u00edsiques com verbals, que sofreixen di\u00e0riament. M\u00e9s de la meitat dels enquestats afirma haver sofert algun tipus d\u2019agressi\u00f3 f\u00edsica i\/o verbal, per\u00f2 tan sols un 16% ha denunciat aquestes agressions. Segons l\u2019Informe d\u2019agressions a professionals del SNS 2022 del Ministeri de Sanitat, el col\u00b7lectiu de<strong>&nbsp;personal administratiu ha relegat de la primera posici\u00f3 al personal facultatiu quant a la taxa m\u00e9s elevada d\u2019agressions notificades<\/strong>, que la portava ocupant des de 2017 de manera ininterrompuda fins al 2022, data en la qual les i els professionals administratius han ocupat el primer lloc despr\u00e9s d\u2019haver sofert el major increment d\u2019agressions. En 2017, la taxa de notificaci\u00f3 d\u2019agressions a administratius\/as rondava la xifra de 16 per cada 1.000 habitants i en 2022 aquesta xifra pr\u00e0cticament s\u2019ha duplicat, amb una taxa que aconsegueix 32 professionals per cada 1.000.<\/p>\n\n\n\n<p>La FSS-CCOO recull en aquest informe propostes sindicals dirigides a donar resposta a les necessitats d\u2019aquest col\u00b7lectiu professional. Algunes d\u2019elles s\u00f3n:<\/p>\n\n\n\n<ul class=\"wp-block-list\">\n<li><strong>Increments de les plantilles<\/strong>&nbsp;del personal de la funci\u00f3 administrativa, refor\u00e7ant l\u2019atenci\u00f3 prim\u00e0ria i rejoveniment de les plantilles. Considerem que es necessiten 7.516 professionals m\u00e9s del grup administratiu per a tenir una r\u00e0tio similar a la resta de les categories sanit\u00e0ries.<\/li>\n\n\n\n<li><strong>Reconversi\u00f3 progressiva de totes les places d\u2019auxiliars administratius\/as en administratius\/as<\/strong>, ja que no existeixen llocs de treball en els quals es facin tasques auxiliars. El Art.34 de l\u2019Estatut Marc permet a aquest col\u00b7lectiu la promoci\u00f3 a la categoria d\u2019Administratiu\/a, sempre que s\u2019hagin prestat cinc anys en la categoria d\u2019auxiliar administratiu\/a.<\/li>\n\n\n\n<li><strong>Actualitzar les funcions<\/strong>\u00a0del col\u00b7lectiu de la funci\u00f3 administrativa per a posteriorment instar el INCUAL a l\u2019actualitzaci\u00f3 per al reconeixement i revisi\u00f3 dels t\u00edtols formatius.<\/li>\n\n\n\n<li><strong>Augmentar el finan\u00e7ament<\/strong>&nbsp;en Sanitat p\u00fablica, com a m\u00ednim, d\u2019un 7,2% del PIB.<\/li>\n\n\n\n<li>Instar el Ministeri de Sanitat i als serveis de salut auton\u00f2mics al fet que publiquin&nbsp;<strong>les dades de plantilla desagregats per categoria professional<\/strong>, a fi de facilitar un major control de les plantilles, adequant i concretant millor les propostes de redimensionament de les plantilles a les necessitats reals i poder garantir que no es produeixin desigualtats territorials.<br>Exigir als diferents serveis de salut que implementin&nbsp;<strong>mesures per a combatre les agressions<\/strong>, facilitant a les i els professionals eines i mitjans per a denunciar les agressions, assessorament i suport legal i impartir formaci\u00f3 per a prevenir aquest tipus de situacions i promoure campanyes de conscienciaci\u00f3 a la poblaci\u00f3.<\/li>\n\n\n\n<li>Regular el teletreball per al personal de la funci\u00f3 administrativa que treballa en el conjunt dels serveis de salut auton\u00f2mics del SNS.<\/li>\n<\/ul>\n\n\n\n<div data-wp-interactive=\"core\/file\" class=\"wp-block-file\"><object data-wp-bind--hidden=\"!state.hasPdfPreview\" hidden class=\"wp-block-file__embed\" data=\"https:\/\/ccoo.app\/ics\/wp-content\/blogs.dir\/6\/files\/sites\/200\/2024\/02\/Estudi-sobre-les-condicions-laborals-del-personal-de-la-funcio-administrativa.pdf\" type=\"application\/pdf\" style=\"width:100%;height:1090px\" aria-label=\"Incrustaci\u00f3 del fitxer Estudi-sobre-les-condicions-laborals-del-personal-de-la-funcio-administrativa.\"><\/object><a id=\"wp-block-file--media-ee89b3e9-893b-4b43-baf1-a03ce0c40043\" href=\"https:\/\/ccoo.app\/ics\/wp-content\/blogs.dir\/6\/files\/sites\/200\/2024\/02\/Estudi-sobre-les-condicions-laborals-del-personal-de-la-funcio-administrativa.pdf\">Estudi-sobre-les-condicions-laborals-del-personal-de-la-funcio-administrativa<\/a><a href=\"https:\/\/ccoo.app\/ics\/wp-content\/blogs.dir\/6\/files\/sites\/200\/2024\/02\/Estudi-sobre-les-condicions-laborals-del-personal-de-la-funcio-administrativa.pdf\" class=\"wp-block-file__button wp-element-button\" download aria-describedby=\"wp-block-file--media-ee89b3e9-893b-4b43-baf1-a03ce0c40043\">Baixa<\/a><\/div>\n","protected":false},"excerpt":{"rendered":"<p>Un informe elaborat per la Federaci\u00f3 de Sanitat i Sectors Sociosanitaris de CCOO (FSS-CCOO), despr\u00e9s de realitzar i analitzar m\u00e9s de 1.200 enquestes a personal de la funci\u00f3 administrativa en &#8230; <a title=\"Un estudi de CCOO denuncia que la plantilla de professionals administratius en Atenci\u00f3 Prim\u00e0ria nom\u00e9s s\u2019ha incrementat un 2% en l\u2019\u00faltima d\u00e8cada\" class=\"read-more\" href=\"https:\/\/ccoo.app\/ics\/noticies\/un-estudi-de-ccoo-denuncia-que-la-plantilla-de-professionals-administratius-en-atencio-primaria-nomes-sha-incrementat-un-2-en-lultima-decada\/\" aria-label=\"M\u00e9s informaci\u00f3 sobre Un estudi de CCOO denuncia que la plantilla de professionals administratius en Atenci\u00f3 Prim\u00e0ria nom\u00e9s s\u2019ha incrementat un 2% en l\u2019\u00faltima d\u00e8cada\">Read more<\/a><\/p>\n","protected":false},"author":4386,"featured_media":32227,"comment_status":"closed","ping_status":"closed","sticky":false,"template":"","format":"standard","meta":{"footnotes":""},"categories":[12,1],"tags":[],"area":[],"class_list":["post-32225","post","type-post","status-publish","format-standard","has-post-thumbnail","hentry","category-actualitat","category-noticies","generate-columns","tablet-grid-50","mobile-grid-100","grid-parent","grid-50"],"_links":{"self":[{"href":"https:\/\/ccoo.app\/ics\/wp-json\/wp\/v2\/posts\/32225","targetHints":{"allow":["GET"]}}],"collection":[{"href":"https:\/\/ccoo.app\/ics\/wp-json\/wp\/v2\/posts"}],"about":[{"href":"https:\/\/ccoo.app\/ics\/wp-json\/wp\/v2\/types\/post"}],"author":[{"embeddable":true,"href":"https:\/\/ccoo.app\/ics\/wp-json\/wp\/v2\/users\/4386"}],"replies":[{"embeddable":true,"href":"https:\/\/ccoo.app\/ics\/wp-json\/wp\/v2\/comments?post=32225"}],"version-history":[{"count":4,"href":"https:\/\/ccoo.app\/ics\/wp-json\/wp\/v2\/posts\/32225\/revisions"}],"predecessor-version":[{"id":32231,"href":"https:\/\/ccoo.app\/ics\/wp-json\/wp\/v2\/posts\/32225\/revisions\/32231"}],"wp:featuredmedia":[{"embeddable":true,"href":"https:\/\/ccoo.app\/ics\/wp-json\/wp\/v2\/media\/32227"}],"wp:attachment":[{"href":"https:\/\/ccoo.app\/ics\/wp-json\/wp\/v2\/media?parent=32225"}],"wp:term":[{"taxonomy":"category","embeddable":true,"href":"https:\/\/ccoo.app\/ics\/wp-json\/wp\/v2\/categories?post=32225"},{"taxonomy":"post_tag","embeddable":true,"href":"https:\/\/ccoo.app\/ics\/wp-json\/wp\/v2\/tags?post=32225"},{"taxonomy":"area","embeddable":true,"href":"https:\/\/ccoo.app\/ics\/wp-json\/wp\/v2\/area?post=32225"}],"curies":[{"name":"wp","href":"https:\/\/api.w.org\/{rel}","templated":true}]}}