{"id":32217,"date":"2024-01-30T22:20:04","date_gmt":"2024-01-30T21:20:04","guid":{"rendered":"https:\/\/ccoo.app\/ics\/?p=32217"},"modified":"2024-01-30T22:20:05","modified_gmt":"2024-01-30T21:20:05","slug":"la-dada-del-pib-confirma-que-la-pujada-complementaria-del-05-per-a-2023-es-compleix","status":"publish","type":"post","link":"https:\/\/ccoo.app\/ics\/noticies\/la-dada-del-pib-confirma-que-la-pujada-complementaria-del-05-per-a-2023-es-compleix\/","title":{"rendered":"La dada del PIB confirma que la pujada complement\u00e0ria del 0,5% per a 2023 es compleix"},"content":{"rendered":"\n<h3 class=\"wp-block-heading\">L\u2019\u00c0rea P\u00fablica de CCOO i UGT Serveis P\u00fablics insten el Govern a la utilitzaci\u00f3 de f\u00f3rmules legislatives per a fer efectives les pujades salarials de l\u2019any 2024 per als Empleats p\u00fablics sense haver d\u2019esperar a la llei de PGE.<\/h3>\n\n\n\n<p>El Acuerdo Marco para una Administraci\u00f3n del Siglo XXI firmado por CCOO y UGT recoge para 2023 dos subidas salariales: una subida fija del 2,5% (que se hizo efectiva en enero del pasado a\u00f1o) m\u00e1s dos subidas complementarias y con car\u00e1cter retroactivo al 1 de enero de 2023 del 0,5% cada una.<\/p>\n\n\n\n<p>La primera, que operaba si el IPC armonizado de 2022 y 2023 superaba el 6%, se cumpli\u00f3 y se hizo efectiva en octubre de 2023. La segunda se acaba de confirmar al conocerse el dato del PIB (2,5%) que ha avanzado m\u00e1s all\u00e1 del 2,1% estipulado en el Acuerdo.<\/p>\n\n\n\n<p>CCOO y UGT urgen al Gobierno a incorporar de manera inmediata a las n\u00f3minas de los 3,5 millones de empleados y empleadas p\u00fablicas este 0,5%, m\u00e1s el 2% correspondiente a 2024, activando las f\u00f3rmulas legislativas necesarias sin esperar a la aprobaci\u00f3n de la ley de PGE.<\/p>\n","protected":false},"excerpt":{"rendered":"<p>L\u2019\u00c0rea P\u00fablica de CCOO i UGT Serveis P\u00fablics insten el Govern a la utilitzaci\u00f3 de f\u00f3rmules legislatives per a fer efectives les pujades salarials de l\u2019any 2024 per als Empleats &#8230; <a title=\"La dada del PIB confirma que la pujada complement\u00e0ria del 0,5% per a 2023 es compleix\" class=\"read-more\" href=\"https:\/\/ccoo.app\/ics\/noticies\/la-dada-del-pib-confirma-que-la-pujada-complementaria-del-05-per-a-2023-es-compleix\/\" aria-label=\"M\u00e9s informaci\u00f3 sobre La dada del PIB confirma que la pujada complement\u00e0ria del 0,5% per a 2023 es compleix\">Read more<\/a><\/p>\n","protected":false},"author":4386,"featured_media":32218,"comment_status":"closed","ping_status":"closed","sticky":false,"template":"","format":"standard","meta":{"footnotes":""},"categories":[12,1],"tags":[],"area":[],"class_list":["post-32217","post","type-post","status-publish","format-standard","has-post-thumbnail","hentry","category-actualitat","category-noticies","generate-columns","tablet-grid-50","mobile-grid-100","grid-parent","grid-50"],"_links":{"self":[{"href":"https:\/\/ccoo.app\/ics\/wp-json\/wp\/v2\/posts\/32217","targetHints":{"allow":["GET"]}}],"collection":[{"href":"https:\/\/ccoo.app\/ics\/wp-json\/wp\/v2\/posts"}],"about":[{"href":"https:\/\/ccoo.app\/ics\/wp-json\/wp\/v2\/types\/post"}],"author":[{"embeddable":true,"href":"https:\/\/ccoo.app\/ics\/wp-json\/wp\/v2\/users\/4386"}],"replies":[{"embeddable":true,"href":"https:\/\/ccoo.app\/ics\/wp-json\/wp\/v2\/comments?post=32217"}],"version-history":[{"count":1,"href":"https:\/\/ccoo.app\/ics\/wp-json\/wp\/v2\/posts\/32217\/revisions"}],"predecessor-version":[{"id":32219,"href":"https:\/\/ccoo.app\/ics\/wp-json\/wp\/v2\/posts\/32217\/revisions\/32219"}],"wp:featuredmedia":[{"embeddable":true,"href":"https:\/\/ccoo.app\/ics\/wp-json\/wp\/v2\/media\/32218"}],"wp:attachment":[{"href":"https:\/\/ccoo.app\/ics\/wp-json\/wp\/v2\/media?parent=32217"}],"wp:term":[{"taxonomy":"category","embeddable":true,"href":"https:\/\/ccoo.app\/ics\/wp-json\/wp\/v2\/categories?post=32217"},{"taxonomy":"post_tag","embeddable":true,"href":"https:\/\/ccoo.app\/ics\/wp-json\/wp\/v2\/tags?post=32217"},{"taxonomy":"area","embeddable":true,"href":"https:\/\/ccoo.app\/ics\/wp-json\/wp\/v2\/area?post=32217"}],"curies":[{"name":"wp","href":"https:\/\/api.w.org\/{rel}","templated":true}]}}