{"id":32215,"date":"2024-01-25T15:00:00","date_gmt":"2024-01-25T14:00:00","guid":{"rendered":"https:\/\/ccoo.app\/ics\/?p=32215"},"modified":"2024-01-30T10:00:20","modified_gmt":"2024-01-30T09:00:20","slug":"el-govern-es-compromet-amb-ccoo-a-complir-integrament-lacord-marc-i-a-negociar-un-nou-acord-que-garanteixi-el-poder-adquisitiu-i-condicions-laborals-de-les-empleades-i-empleats-publics","status":"publish","type":"post","link":"https:\/\/ccoo.app\/ics\/noticies\/el-govern-es-compromet-amb-ccoo-a-complir-integrament-lacord-marc-i-a-negociar-un-nou-acord-que-garanteixi-el-poder-adquisitiu-i-condicions-laborals-de-les-empleades-i-empleats-publics\/","title":{"rendered":"El Govern es compromet amb CCOO a complir \u00edntegrament l\u2019Acord marc i a negociar un nou Acord que garanteixi el poder adquisitiu i condicions laborals de les empleades i empleats p\u00fablics"},"content":{"rendered":"\n<h3 class=\"wp-block-heading\">L\u2019\u00c0rea P\u00fablica de CCOO, primer sindicat de les Administracions p\u00fabliques, es reuneix amb la nova secret\u00e0ria d\u2019Estat de Funci\u00f3 P\u00fablica, Clara *Mapelli, per a reprendre immediatament el desenvolupament de l\u2019Acord marc per a una Administraci\u00f3 del segle XXI i, posteriorment, iniciar una nova taula de di\u00e0leg social que inclogui, entre altres mat\u00e8ries, la negociaci\u00f3 d\u2019un nou Acord en la funci\u00f3 p\u00fablica que garanteixi el poder adquisitiu de les empleades i empleats p\u00fablics, la millora de les condicions de treball, aix\u00ed com la transformaci\u00f3 digital de les administracions i sector p\u00fablic empresarial.<\/h3>\n\n\n\n<p>Des del sindicat s\u2019ha insistit en la trobada que es va mantenir ahir, 24 de gener de 2024, a respectar l\u2019Acord marc per a una Administraci\u00f3 del segle XXI encara vigent, entre altres, els increments pactats per al 2024 i la part variable del 0\u20195% del 2023, una vegada que es conegui la dada d\u2019haver superat l\u2019objectiu del 2\u20191 del PIB en 2023.<\/p>\n\n\n\n<p>Als increments retributius abans esmentats cal sumar-los els temes pendents de l\u2019Acord marc, com s\u00f3n la recuperaci\u00f3 de la jubilaci\u00f3 parcial per al personal funcionari o el car\u00e0cter de m\u00ednims dels permisos, la implantaci\u00f3 de les 35 hores i el teletreball en l\u2019\u00e0mbit de l\u2019Administraci\u00f3 de l\u2019Estat, la carrera professional; aix\u00ed com la implantaci\u00f3 del grup B i l\u2019adaptaci\u00f3 al Marc Espanyol i marc europeu de les qualificacions del nou quadre de classificaci\u00f3 professional.<\/p>\n\n\n\n<p>Igualment, CCOO ha recordat els compromisos amb el sector p\u00fablic institucional, la necessitat de tenir una taula espec\u00edfica per a aix\u00f2, que respectant la negociaci\u00f3 col\u00b7lectiva en cada \u00e0mbit pugui ajudar a desbloquejar o solucionar els diferents conflictes que tenim o es puguin donar, com el cas, en aquests moments, de la situaci\u00f3 de les empreses d\u2019aig\u00fces, en alguns casos amb salaris per sota del SMI, Renfe o Adif, amb clars incompliments.<\/p>\n\n\n\n<p>De la mateixa manera, l\u2019organitzaci\u00f3 sindical incideix en qu\u00e8 de manera immediata es reprenguin les diferents taules de negociaci\u00f3 en l\u2019\u00e0mbit de l\u2019Administraci\u00f3 de l\u2019Estat i local per a, entre altres, poder escometre la negociaci\u00f3 de la Llei de Funci\u00f3 P\u00fablica, inclosa les mat\u00e8ries del RDL 6\/2023, la negociaci\u00f3 de temes espec\u00edfics pendents del servei exterior, *SEPE o Just\u00edcia.<\/p>\n\n\n\n<p>Finalment, CCOO ha traslladat la preocupaci\u00f3 pel retard en la resoluci\u00f3 dels processos d\u2019estabilitzaci\u00f3 en l\u2019ocupaci\u00f3 p\u00fablica, la necessitat d\u2019escometre la recuperaci\u00f3 d\u2019ocupaci\u00f3 p\u00fablica i el rejoveniment de les plantilles.<\/p>\n\n\n\n<p>Per aix\u00f2, des del sindicat es considera necessari la convocat\u00f2ria urgent de la comissi\u00f3 de seguiment de l\u2019Acord del pla de xoc, aix\u00ed com tot el que ha de traslladar-se als PGE 2024, on hem insistit en la necessitat de millora de classes passives, plusos de resid\u00e8ncies, entre altres mat\u00e8ries de gran import\u00e0ncia.<\/p>\n","protected":false},"excerpt":{"rendered":"<p>L\u2019\u00c0rea P\u00fablica de CCOO, primer sindicat de les Administracions p\u00fabliques, es reuneix amb la nova secret\u00e0ria d\u2019Estat de Funci\u00f3 P\u00fablica, Clara *Mapelli, per a reprendre immediatament el desenvolupament de l\u2019Acord &#8230; <a title=\"El Govern es compromet amb CCOO a complir \u00edntegrament l\u2019Acord marc i a negociar un nou Acord que garanteixi el poder adquisitiu i condicions laborals de les empleades i empleats p\u00fablics\" class=\"read-more\" href=\"https:\/\/ccoo.app\/ics\/noticies\/el-govern-es-compromet-amb-ccoo-a-complir-integrament-lacord-marc-i-a-negociar-un-nou-acord-que-garanteixi-el-poder-adquisitiu-i-condicions-laborals-de-les-empleades-i-empleats-publics\/\" aria-label=\"M\u00e9s informaci\u00f3 sobre El Govern es compromet amb CCOO a complir \u00edntegrament l\u2019Acord marc i a negociar un nou Acord que garanteixi el poder adquisitiu i condicions laborals de les empleades i empleats p\u00fablics\">Read more<\/a><\/p>\n","protected":false},"author":4386,"featured_media":32181,"comment_status":"closed","ping_status":"closed","sticky":false,"template":"","format":"standard","meta":{"footnotes":""},"categories":[12,1],"tags":[],"area":[],"class_list":["post-32215","post","type-post","status-publish","format-standard","has-post-thumbnail","hentry","category-actualitat","category-noticies","generate-columns","tablet-grid-50","mobile-grid-100","grid-parent","grid-50"],"_links":{"self":[{"href":"https:\/\/ccoo.app\/ics\/wp-json\/wp\/v2\/posts\/32215","targetHints":{"allow":["GET"]}}],"collection":[{"href":"https:\/\/ccoo.app\/ics\/wp-json\/wp\/v2\/posts"}],"about":[{"href":"https:\/\/ccoo.app\/ics\/wp-json\/wp\/v2\/types\/post"}],"author":[{"embeddable":true,"href":"https:\/\/ccoo.app\/ics\/wp-json\/wp\/v2\/users\/4386"}],"replies":[{"embeddable":true,"href":"https:\/\/ccoo.app\/ics\/wp-json\/wp\/v2\/comments?post=32215"}],"version-history":[{"count":1,"href":"https:\/\/ccoo.app\/ics\/wp-json\/wp\/v2\/posts\/32215\/revisions"}],"predecessor-version":[{"id":32216,"href":"https:\/\/ccoo.app\/ics\/wp-json\/wp\/v2\/posts\/32215\/revisions\/32216"}],"wp:featuredmedia":[{"embeddable":true,"href":"https:\/\/ccoo.app\/ics\/wp-json\/wp\/v2\/media\/32181"}],"wp:attachment":[{"href":"https:\/\/ccoo.app\/ics\/wp-json\/wp\/v2\/media?parent=32215"}],"wp:term":[{"taxonomy":"category","embeddable":true,"href":"https:\/\/ccoo.app\/ics\/wp-json\/wp\/v2\/categories?post=32215"},{"taxonomy":"post_tag","embeddable":true,"href":"https:\/\/ccoo.app\/ics\/wp-json\/wp\/v2\/tags?post=32215"},{"taxonomy":"area","embeddable":true,"href":"https:\/\/ccoo.app\/ics\/wp-json\/wp\/v2\/area?post=32215"}],"curies":[{"name":"wp","href":"https:\/\/api.w.org\/{rel}","templated":true}]}}