{"id":32212,"date":"2024-01-26T15:00:00","date_gmt":"2024-01-26T14:00:00","guid":{"rendered":"https:\/\/ccoo.app\/ics\/?p=32212"},"modified":"2024-01-30T09:58:46","modified_gmt":"2024-01-30T08:58:46","slug":"visitem-el-parlament-per-explicar-el-iii-acord-de-lics-despres-de-la-signatura-de-les-taules-retributives","status":"publish","type":"post","link":"https:\/\/ccoo.app\/ics\/noticies\/visitem-el-parlament-per-explicar-el-iii-acord-de-lics-despres-de-la-signatura-de-les-taules-retributives\/","title":{"rendered":"Visitem el Parlament per explicar el III Acord de l\u2019ICS, despr\u00e9s de la signatura de les taules retributives"},"content":{"rendered":"\n<p>La Federaci\u00f3 de Sanitat de CCOO de Catalunya va visitar ahir el Parlament de Catalunya per tal d\u2019escoltar la moci\u00f3 subseg\u00fcent al govern sobre la interpelaci\u00f3 sobre les professions sanit\u00e0ries. Amb posterioritat es va reunir diversos grups parlamentaris en una reuni\u00f3 conjunta per tal d\u2019explicar-los amb detall en qu\u00e8 consisteix el III Acord de l\u2019Institut Catal\u00e0 de la Salut, un cop aquesta ja s\u2019ha publicat al DOGC i s\u2019han signat les taules retributives.<\/p>\n\n\n\n<p>A aquesta reuni\u00f3 hi han assistit diputats d\u2019ERC, de PSC, de Junts i de En Com\u00fa Podem, i a banda d\u2019explicar-los els detalls de l\u2019acord, tamb\u00e9 s\u2019han pogut aclarir dubtes i informacions err\u00f2nies que han circulat des de la signatura del preacord, per desconeixement i sovint de manera malintencionada.<\/p>\n\n\n\n<p>Fem una valoraci\u00f3 positiva de la trobada, ja que ha estat molt participativa per totes les bandes. Des de CCOO de Catalunya hem informat els grups que la setmana que ve tindran la comparativa exacta que estem elaborant des del sindicat de cada categoria professional pel que fa a les difer\u00e8ncies salarials entre el II i el II Acord. A banda, tamb\u00e9 hem exposat totes les mesures de car\u00e0cter transversal que afecten a qualsevol treballador o treballadora de l\u2019ICS<\/p>\n\n\n\n<p>Des de CCOO estem oberts a explicar amb tot detall a les organitzacions, associacions, que ens ho sol\u00b7licitin.<\/p>\n","protected":false},"excerpt":{"rendered":"<p>La Federaci\u00f3 de Sanitat de CCOO de Catalunya va visitar ahir el Parlament de Catalunya per tal d\u2019escoltar la moci\u00f3 subseg\u00fcent al govern sobre la interpelaci\u00f3 sobre les professions sanit\u00e0ries. &#8230; <a title=\"Visitem el Parlament per explicar el III Acord de l\u2019ICS, despr\u00e9s de la signatura de les taules retributives\" class=\"read-more\" href=\"https:\/\/ccoo.app\/ics\/noticies\/visitem-el-parlament-per-explicar-el-iii-acord-de-lics-despres-de-la-signatura-de-les-taules-retributives\/\" aria-label=\"M\u00e9s informaci\u00f3 sobre Visitem el Parlament per explicar el III Acord de l\u2019ICS, despr\u00e9s de la signatura de les taules retributives\">Read more<\/a><\/p>\n","protected":false},"author":4386,"featured_media":32213,"comment_status":"closed","ping_status":"closed","sticky":false,"template":"","format":"standard","meta":{"footnotes":""},"categories":[13,12,1],"tags":[],"area":[],"class_list":["post-32212","post","type-post","status-publish","format-standard","has-post-thumbnail","hentry","category-accions-sindicals","category-actualitat","category-noticies","generate-columns","tablet-grid-50","mobile-grid-100","grid-parent","grid-50"],"_links":{"self":[{"href":"https:\/\/ccoo.app\/ics\/wp-json\/wp\/v2\/posts\/32212","targetHints":{"allow":["GET"]}}],"collection":[{"href":"https:\/\/ccoo.app\/ics\/wp-json\/wp\/v2\/posts"}],"about":[{"href":"https:\/\/ccoo.app\/ics\/wp-json\/wp\/v2\/types\/post"}],"author":[{"embeddable":true,"href":"https:\/\/ccoo.app\/ics\/wp-json\/wp\/v2\/users\/4386"}],"replies":[{"embeddable":true,"href":"https:\/\/ccoo.app\/ics\/wp-json\/wp\/v2\/comments?post=32212"}],"version-history":[{"count":1,"href":"https:\/\/ccoo.app\/ics\/wp-json\/wp\/v2\/posts\/32212\/revisions"}],"predecessor-version":[{"id":32214,"href":"https:\/\/ccoo.app\/ics\/wp-json\/wp\/v2\/posts\/32212\/revisions\/32214"}],"wp:featuredmedia":[{"embeddable":true,"href":"https:\/\/ccoo.app\/ics\/wp-json\/wp\/v2\/media\/32213"}],"wp:attachment":[{"href":"https:\/\/ccoo.app\/ics\/wp-json\/wp\/v2\/media?parent=32212"}],"wp:term":[{"taxonomy":"category","embeddable":true,"href":"https:\/\/ccoo.app\/ics\/wp-json\/wp\/v2\/categories?post=32212"},{"taxonomy":"post_tag","embeddable":true,"href":"https:\/\/ccoo.app\/ics\/wp-json\/wp\/v2\/tags?post=32212"},{"taxonomy":"area","embeddable":true,"href":"https:\/\/ccoo.app\/ics\/wp-json\/wp\/v2\/area?post=32212"}],"curies":[{"name":"wp","href":"https:\/\/api.w.org\/{rel}","templated":true}]}}