{"id":32208,"date":"2023-12-19T15:00:00","date_gmt":"2023-12-19T14:00:00","guid":{"rendered":"https:\/\/ccoo.app\/ics\/?p=32208"},"modified":"2024-01-15T13:06:44","modified_gmt":"2024-01-15T12:06:44","slug":"ccoo-no-comparteix-la-decisio-del-departament-de-salut-sobre-el-nou-model-datencio-pediatrica","status":"publish","type":"post","link":"https:\/\/ccoo.app\/ics\/noticies\/ccoo-no-comparteix-la-decisio-del-departament-de-salut-sobre-el-nou-model-datencio-pediatrica\/","title":{"rendered":"CCOO no comparteix la decisi\u00f3 del Departament de Salut sobre el nou model d\u2019atenci\u00f3 pedi\u00e0trica"},"content":{"rendered":"\n<h3 class=\"wp-block-heading\"><strong>Per vulneraci\u00f3 de l\u2019accessibilitat al sistema p\u00fablic de salut<\/strong><\/h3>\n\n\n\n<p>Despr\u00e9s que ahir el conseller de Salut, Manel Balcells, anunci\u00e9s en roda de premsa la concentraci\u00f3 de la pediatria de Catalunya en 79 punts del territori (ETAP, equips territorials d\u2019atenci\u00f3 pedi\u00e0trica), des de CCOO volem fer pal\u00e8s el nostre desacord amb el que ser\u00e0 el nou model d\u2019atenci\u00f3 pedi\u00e0trica a la prim\u00e0ria de Catalunya. El departament al\u00b7lega, entre d\u2019altres motius, que aix\u00f2 refor\u00e7a l\u2019equitat del sistema i la seva especialitzaci\u00f3, per tal de donar una millor atenci\u00f3 al nens i nenes del nostre pa\u00eds. Tot i que no posem en dubte que darrere la decisi\u00f3 hi ha la intenci\u00f3 de donar una millor atenci\u00f3 a pediatria, creiem que oblida el dret d\u2019accessibilitat al sistema p\u00fablic de salut, que en algunes fam\u00edlies pot ser de vital import\u00e0ncia en funci\u00f3 del lloc del domicili de resid\u00e8ncia. En alguns casos, amb el nou model les fam\u00edlies quedaran obligades a despla\u00e7ar-se dist\u00e0ncies considerables per rebre l\u2019atenci\u00f3 del pediatre o pediatra de refer\u00e8ncia.<\/p>\n\n\n\n<p>Des de la Federaci\u00f3 de Sanitat de CCOO de Catalunya volem manifestar, a m\u00e9s, que continuem evidenciant una manca de professionals de determinades categories, com \u00e9s el cas dels pediatres, i que caldria replantejar-se. D\u2019altra banda, tamb\u00e9 ens q\u00fcestionem qu\u00e8 passar\u00e0 amb les infermeres especialistes en pediatria, fins ara ubicades dins dels equips d\u2019atenci\u00f3 prim\u00e0ria actuals, i volem fer pal\u00e8s que no admetrem una mobilitat for\u00e7osa al marge de les normatives existents.<\/p>\n","protected":false},"excerpt":{"rendered":"<p>Per vulneraci\u00f3 de l\u2019accessibilitat al sistema p\u00fablic de salut Despr\u00e9s que ahir el conseller de Salut, Manel Balcells, anunci\u00e9s en roda de premsa la concentraci\u00f3 de la pediatria de Catalunya &#8230; <a title=\"CCOO no comparteix la decisi\u00f3 del Departament de Salut sobre el nou model d\u2019atenci\u00f3 pedi\u00e0trica\" class=\"read-more\" href=\"https:\/\/ccoo.app\/ics\/noticies\/ccoo-no-comparteix-la-decisio-del-departament-de-salut-sobre-el-nou-model-datencio-pediatrica\/\" aria-label=\"M\u00e9s informaci\u00f3 sobre CCOO no comparteix la decisi\u00f3 del Departament de Salut sobre el nou model d\u2019atenci\u00f3 pedi\u00e0trica\">Read more<\/a><\/p>\n","protected":false},"author":4386,"featured_media":32209,"comment_status":"closed","ping_status":"closed","sticky":false,"template":"","format":"standard","meta":{"footnotes":""},"categories":[12,10,1],"tags":[],"area":[],"class_list":["post-32208","post","type-post","status-publish","format-standard","has-post-thumbnail","hentry","category-actualitat","category-comunicats","category-noticies","generate-columns","tablet-grid-50","mobile-grid-100","grid-parent","grid-50"],"_links":{"self":[{"href":"https:\/\/ccoo.app\/ics\/wp-json\/wp\/v2\/posts\/32208","targetHints":{"allow":["GET"]}}],"collection":[{"href":"https:\/\/ccoo.app\/ics\/wp-json\/wp\/v2\/posts"}],"about":[{"href":"https:\/\/ccoo.app\/ics\/wp-json\/wp\/v2\/types\/post"}],"author":[{"embeddable":true,"href":"https:\/\/ccoo.app\/ics\/wp-json\/wp\/v2\/users\/4386"}],"replies":[{"embeddable":true,"href":"https:\/\/ccoo.app\/ics\/wp-json\/wp\/v2\/comments?post=32208"}],"version-history":[{"count":1,"href":"https:\/\/ccoo.app\/ics\/wp-json\/wp\/v2\/posts\/32208\/revisions"}],"predecessor-version":[{"id":32210,"href":"https:\/\/ccoo.app\/ics\/wp-json\/wp\/v2\/posts\/32208\/revisions\/32210"}],"wp:featuredmedia":[{"embeddable":true,"href":"https:\/\/ccoo.app\/ics\/wp-json\/wp\/v2\/media\/32209"}],"wp:attachment":[{"href":"https:\/\/ccoo.app\/ics\/wp-json\/wp\/v2\/media?parent=32208"}],"wp:term":[{"taxonomy":"category","embeddable":true,"href":"https:\/\/ccoo.app\/ics\/wp-json\/wp\/v2\/categories?post=32208"},{"taxonomy":"post_tag","embeddable":true,"href":"https:\/\/ccoo.app\/ics\/wp-json\/wp\/v2\/tags?post=32208"},{"taxonomy":"area","embeddable":true,"href":"https:\/\/ccoo.app\/ics\/wp-json\/wp\/v2\/area?post=32208"}],"curies":[{"name":"wp","href":"https:\/\/api.w.org\/{rel}","templated":true}]}}