{"id":32205,"date":"2023-12-27T15:00:00","date_gmt":"2023-12-27T14:00:00","guid":{"rendered":"https:\/\/ccoo.app\/ics\/?p=32205"},"modified":"2024-01-15T12:57:43","modified_gmt":"2024-01-15T11:57:43","slug":"la-ministra-dhisenda-i-vicepresidenta-4a-maria-jesus-montero-menysprea-a-mes-de-cinc-milions-dempleades-i-empleats-publics","status":"publish","type":"post","link":"https:\/\/ccoo.app\/ics\/noticies\/la-ministra-dhisenda-i-vicepresidenta-4a-maria-jesus-montero-menysprea-a-mes-de-cinc-milions-dempleades-i-empleats-publics\/","title":{"rendered":"La Ministra d\u2019Hisenda i Vicepresidenta 4a Mar\u00eda Jes\u00fas Montero menysprea a m\u00e9s de cinc milions d\u2019empleades i empleats p\u00fablics"},"content":{"rendered":"\n<h3 class=\"wp-block-heading\">L\u2019\u00c0rea P\u00fablica de CCOO denuncia l\u2019incompliment del Govern de Pedro S\u00e1nchez i Yolanda D\u00edaz per no respectar l\u2019Acord marc per a una Administraci\u00f3 del segle XXI, entre altres, els increments salarials pactats per al 2024 i la part variable del 0\u20195% del 2023, una vegada conegut que se superar\u00e0 l\u2019objectiu del 2\u20191 del PIB.<\/h3>\n\n\n\n<p>Aix\u00ed, el Consell de Ministres i Ministres ha aprovat avui un Reial decret llei per a garantir diferents mesures, del tot necess\u00e0ries, per\u00f2 s\u2019han oblidat del personal de les administracions p\u00fabliques i sector p\u00fablic, al no contemplar els acords pactats en la funci\u00f3 p\u00fablica.<\/p>\n\n\n\n<p>A l\u2019incompliment dels increments retributius abans esmentats, cal sumar-los la recuperaci\u00f3 de la jubilaci\u00f3 parcial per al personal funcionari o el car\u00e0cter de m\u00ednims dels permisos, una cosa tamb\u00e9 pactada.<\/p>\n\n\n\n<p>A aix\u00f2 cal afegir el retard, a conseq\u00fc\u00e8ncia de l\u2019avan\u00e7ament electoral i la conformaci\u00f3 del nou govern, de la implantaci\u00f3 de les 35 hores en l\u2019\u00e0mbit de l\u2019administraci\u00f3 de l\u2019estat, la carrera professional o la implantaci\u00f3 del grup B i l\u2019adaptaci\u00f3 al Marc Espanyol i al Marc Europeu de les qualificacions del nou quadre de classificaci\u00f3 professional.<\/p>\n\n\n\n<p>CCOO ent\u00e9n que est\u00e0 prou justificada la urgent necessitat d\u2019un reial decret llei que contempli els increments retributius, com ja va oc\u00f3rrer en el 2018 amb aquest mateix Govern, recordant que en tres anys no va haver-hi PGE per\u00f2 s\u00ed, un RDL per a complir amb l\u2019Acord per a la millora de l\u2019ocupaci\u00f3 p\u00fablica i condicions de treball pactat amb el PP.<\/p>\n\n\n\n<p>Per tot aix\u00f2, aquesta organitzaci\u00f3 sindical anuncia l\u2019inici d\u2019un proc\u00e9s de mobilitzacions en la funci\u00f3 p\u00fablica si no es repr\u00e8n immediatament les negociacions i es garanteixen els increments retributius.<\/p>\n","protected":false},"excerpt":{"rendered":"<p>L\u2019\u00c0rea P\u00fablica de CCOO denuncia l\u2019incompliment del Govern de Pedro S\u00e1nchez i Yolanda D\u00edaz per no respectar l\u2019Acord marc per a una Administraci\u00f3 del segle XXI, entre altres, els increments &#8230; <a title=\"La Ministra d\u2019Hisenda i Vicepresidenta 4a Mar\u00eda Jes\u00fas Montero menysprea a m\u00e9s de cinc milions d\u2019empleades i empleats p\u00fablics\" class=\"read-more\" href=\"https:\/\/ccoo.app\/ics\/noticies\/la-ministra-dhisenda-i-vicepresidenta-4a-maria-jesus-montero-menysprea-a-mes-de-cinc-milions-dempleades-i-empleats-publics\/\" aria-label=\"M\u00e9s informaci\u00f3 sobre La Ministra d\u2019Hisenda i Vicepresidenta 4a Mar\u00eda Jes\u00fas Montero menysprea a m\u00e9s de cinc milions d\u2019empleades i empleats p\u00fablics\">Read more<\/a><\/p>\n","protected":false},"author":4386,"featured_media":32206,"comment_status":"closed","ping_status":"closed","sticky":false,"template":"","format":"standard","meta":{"footnotes":""},"categories":[12,1],"tags":[],"area":[],"class_list":["post-32205","post","type-post","status-publish","format-standard","has-post-thumbnail","hentry","category-actualitat","category-noticies","generate-columns","tablet-grid-50","mobile-grid-100","grid-parent","grid-50"],"_links":{"self":[{"href":"https:\/\/ccoo.app\/ics\/wp-json\/wp\/v2\/posts\/32205","targetHints":{"allow":["GET"]}}],"collection":[{"href":"https:\/\/ccoo.app\/ics\/wp-json\/wp\/v2\/posts"}],"about":[{"href":"https:\/\/ccoo.app\/ics\/wp-json\/wp\/v2\/types\/post"}],"author":[{"embeddable":true,"href":"https:\/\/ccoo.app\/ics\/wp-json\/wp\/v2\/users\/4386"}],"replies":[{"embeddable":true,"href":"https:\/\/ccoo.app\/ics\/wp-json\/wp\/v2\/comments?post=32205"}],"version-history":[{"count":1,"href":"https:\/\/ccoo.app\/ics\/wp-json\/wp\/v2\/posts\/32205\/revisions"}],"predecessor-version":[{"id":32207,"href":"https:\/\/ccoo.app\/ics\/wp-json\/wp\/v2\/posts\/32205\/revisions\/32207"}],"wp:featuredmedia":[{"embeddable":true,"href":"https:\/\/ccoo.app\/ics\/wp-json\/wp\/v2\/media\/32206"}],"wp:attachment":[{"href":"https:\/\/ccoo.app\/ics\/wp-json\/wp\/v2\/media?parent=32205"}],"wp:term":[{"taxonomy":"category","embeddable":true,"href":"https:\/\/ccoo.app\/ics\/wp-json\/wp\/v2\/categories?post=32205"},{"taxonomy":"post_tag","embeddable":true,"href":"https:\/\/ccoo.app\/ics\/wp-json\/wp\/v2\/tags?post=32205"},{"taxonomy":"area","embeddable":true,"href":"https:\/\/ccoo.app\/ics\/wp-json\/wp\/v2\/area?post=32205"}],"curies":[{"name":"wp","href":"https:\/\/api.w.org\/{rel}","templated":true}]}}