{"id":32199,"date":"2024-01-11T15:00:00","date_gmt":"2024-01-11T14:00:00","guid":{"rendered":"https:\/\/ccoo.app\/ics\/?p=32199"},"modified":"2024-01-15T12:35:54","modified_gmt":"2024-01-15T11:35:54","slug":"ccoo-trasllada-a-la-ministra-de-sanitat-les-seves-propostes-per-a-garantir-la-sostenibilitat-del-sns-i-la-necessitat-dimpulsar-el-dialeg-social","status":"publish","type":"post","link":"https:\/\/ccoo.app\/ics\/noticies\/ccoo-trasllada-a-la-ministra-de-sanitat-les-seves-propostes-per-a-garantir-la-sostenibilitat-del-sns-i-la-necessitat-dimpulsar-el-dialeg-social\/","title":{"rendered":"CCOO trasllada a la ministra de Sanitat les seves propostes per a garantir la sostenibilitat del SNS i la necessitat d\u2019impulsar el di\u00e0leg social"},"content":{"rendered":"\n<h3 class=\"wp-block-heading\">Els secretaris generals de CCOO i de la FSS-CCOO, Unai Sord i Humberto Mu\u00f1oz, al costat del secretari de Pol\u00edtiques P\u00fabliques de CCOO, Carlos Bravo, han mantingut avui, 11 de gener de 2024, una trobada amb la nova ministra de Sanitat, M\u00f3nica Garc\u00eda, per a abordar mesures que garanteixin el car\u00e0cter p\u00fablic i universal del Sistema Nacional de Salut (SNS), un major finan\u00e7ament i pol\u00edtiques de personal adequades, entre altres.<\/h3>\n\n\n\n<p>CCOO qualifica la reuni\u00f3 mantinguda amb la nova titular del Ministeri de Sanitat com un primer pas per a avan\u00e7ar a donar resposta a les grans necessitats que sofreix en l\u2019actualitat el sistema sanitari. Un cam\u00ed que, en opini\u00f3 d\u2019aquest sindicat, ha d\u2019iniciar-se amb una aposta clara per part del Ministeri de Sanitat amb el di\u00e0leg social en el marc de l\u2019\u00c0mbit de Negociaci\u00f3 Col\u00b7lectiva.<\/p>\n\n\n\n<p>Com a representants de CCOO, Unai Sord, Humberto Mu\u00f1oz i Carlos Bravo, han traslladat a la ministra de Sanitat que ha de ser prioritari en l\u2019agenda del Govern garantir la sostenibilitat del SNS entorn d\u2019aquests eixos fonamentals:<\/p>\n\n\n\n<ul class=\"wp-block-list\">\n<li>Defensa i garantia del car\u00e0cter p\u00fablic, universal i gratu\u00eft del sistema, la gesti\u00f3 del qual ha de ser p\u00fablica directa per a assegurar l\u2019equitat i accessibilitat.<\/li>\n\n\n\n<li>Fer efectiva un finan\u00e7ament suficient, dedicant com a m\u00ednim el 7,5% del PIB (actualment \u00e9s el 6,9%), i una quarta part per a l\u2019Atenci\u00f3 Prim\u00e0ria, el pilar b\u00e0sic que resol avui dia m\u00e9s del 80% dels problemes de salut consumint nom\u00e9s una mica m\u00e9s del 15% dels recursos disponibles.<\/li>\n<\/ul>\n\n\n\n<p>De la mateixa manera, posar en marxa una pol\u00edtica de personal adequada per als i les professionals del SNS \u00e9s un altre dels grans temes que han centrat aquesta primera trobada entre el Ministeri i l\u2019organitzaci\u00f3 sindical. Des de CCOO s\u2019ha posat sobre la taula la urg\u00e8ncia d\u2019abordar:<\/p>\n\n\n\n<ul class=\"wp-block-list\">\n<li>El dimensionament adequat d\u2019unes plantilles ja deficit\u00e0ries i que han d\u2019afrontar a curt i mitj\u00e0 termini la jubilaci\u00f3 de pr\u00e0cticament la meitat de la plantilla assistencial, per la qual cosa \u00e9s priorit\u00e0ria l\u2019eliminaci\u00f3 de la taxa de reposici\u00f3 en Sanitat.<\/li>\n\n\n\n<li>Mesures d\u2019incentiu de la contractaci\u00f3, de cara a la retenci\u00f3 del professionals i el retorn dels perduts a l\u2019estranger o el sector privat:<\/li>\n<\/ul>\n\n\n\n<ul class=\"wp-block-list\">\n<li>Estabilitat laboral, millora salarial, carrera professional, jubilaci\u00f3 anticipada i parcial.<\/li>\n\n\n\n<li>Actualitzaci\u00f3 de funcions (modernitzaci\u00f3 de les qualificacions).<\/li>\n\n\n\n<li>Reclassificaci\u00f3 professional concorde al Marc Espanyol i Europeu de Qualificacions (BRESSOLES\/MEC).<\/li>\n<\/ul>\n\n\n\n<p>Augment de places de Medicina i Infermeria en les universitats.<br>Increment de places de Formaci\u00f3 Sanit\u00e0ria Especialitzada (FSE): MIR, *EIR. Aix\u00f2 comporta el corresponent increment de tutors i de serveis amb acreditaci\u00f3 docent en les institucions sanit\u00e0ries.<br>Propostes sindicals encaminades a garantir la sostenibilitat del sistema i la millora de la qualitat assistencial que requereix d\u2019un important comprom\u00eds i impuls per part del Ministeri de Sanitat, tal com li ho ha fet saber CCOO a Garc\u00eda. En aquest sentit, l\u2019organitzaci\u00f3 sindical ha exigit en la reuni\u00f3 mantinguda avui:<\/p>\n\n\n\n<ul class=\"wp-block-list\">\n<li>Coordinaci\u00f3 real i efectiva dels sistemes sanitaris p\u00fablics de les Comunitats Aut\u00f2nomes.<\/li>\n\n\n\n<li>Aposta pel dialogo social en el marc de l\u2019\u00c0mbit de Negociaci\u00f3 Col\u00b7lectiva del Ministeri.<\/li>\n\n\n\n<li>Culminaci\u00f3 de la negociaci\u00f3 de l\u2019actualitzaci\u00f3 de l\u2019Estatut Marc.<\/li>\n\n\n\n<li>Compliment de tots els compromisos contemplats en el \u2018Acord marc per a una Administraci\u00f3 del Segle XXI\u2019.<\/li>\n\n\n\n<li>Negociaci\u00f3 d\u2019una cartera de serveis m\u00ednima com\u00fa, concorde al necessitats actuals.<\/li>\n\n\n\n<li>Actualitzaci\u00f3 del cat\u00e0leg d\u2019equival\u00e8ncies de categories professionals entre els sistemes sanitaris de les Comunitats Aut\u00f2nomes, una cosa fonamental per a *OEP, trasllats o carrera professional.<\/li>\n\n\n\n<li>Establiment d\u2019un sistema m\u00ednim de Carrera i Desenvolupament Professional com\u00fa a totes les Comunitats, i d\u2019un marc d\u2019equival\u00e8ncies de nivells.<\/li>\n<\/ul>\n","protected":false},"excerpt":{"rendered":"<p>Els secretaris generals de CCOO i de la FSS-CCOO, Unai Sord i Humberto Mu\u00f1oz, al costat del secretari de Pol\u00edtiques P\u00fabliques de CCOO, Carlos Bravo, han mantingut avui, 11 de &#8230; <a title=\"CCOO trasllada a la ministra de Sanitat les seves propostes per a garantir la sostenibilitat del SNS i la necessitat d\u2019impulsar el di\u00e0leg social\" class=\"read-more\" href=\"https:\/\/ccoo.app\/ics\/noticies\/ccoo-trasllada-a-la-ministra-de-sanitat-les-seves-propostes-per-a-garantir-la-sostenibilitat-del-sns-i-la-necessitat-dimpulsar-el-dialeg-social\/\" aria-label=\"M\u00e9s informaci\u00f3 sobre CCOO trasllada a la ministra de Sanitat les seves propostes per a garantir la sostenibilitat del SNS i la necessitat d\u2019impulsar el di\u00e0leg social\">Read more<\/a><\/p>\n","protected":false},"author":4386,"featured_media":32200,"comment_status":"closed","ping_status":"closed","sticky":false,"template":"","format":"standard","meta":{"footnotes":""},"categories":[12,1],"tags":[],"area":[],"class_list":["post-32199","post","type-post","status-publish","format-standard","has-post-thumbnail","hentry","category-actualitat","category-noticies","generate-columns","tablet-grid-50","mobile-grid-100","grid-parent","grid-50"],"_links":{"self":[{"href":"https:\/\/ccoo.app\/ics\/wp-json\/wp\/v2\/posts\/32199","targetHints":{"allow":["GET"]}}],"collection":[{"href":"https:\/\/ccoo.app\/ics\/wp-json\/wp\/v2\/posts"}],"about":[{"href":"https:\/\/ccoo.app\/ics\/wp-json\/wp\/v2\/types\/post"}],"author":[{"embeddable":true,"href":"https:\/\/ccoo.app\/ics\/wp-json\/wp\/v2\/users\/4386"}],"replies":[{"embeddable":true,"href":"https:\/\/ccoo.app\/ics\/wp-json\/wp\/v2\/comments?post=32199"}],"version-history":[{"count":1,"href":"https:\/\/ccoo.app\/ics\/wp-json\/wp\/v2\/posts\/32199\/revisions"}],"predecessor-version":[{"id":32201,"href":"https:\/\/ccoo.app\/ics\/wp-json\/wp\/v2\/posts\/32199\/revisions\/32201"}],"wp:featuredmedia":[{"embeddable":true,"href":"https:\/\/ccoo.app\/ics\/wp-json\/wp\/v2\/media\/32200"}],"wp:attachment":[{"href":"https:\/\/ccoo.app\/ics\/wp-json\/wp\/v2\/media?parent=32199"}],"wp:term":[{"taxonomy":"category","embeddable":true,"href":"https:\/\/ccoo.app\/ics\/wp-json\/wp\/v2\/categories?post=32199"},{"taxonomy":"post_tag","embeddable":true,"href":"https:\/\/ccoo.app\/ics\/wp-json\/wp\/v2\/tags?post=32199"},{"taxonomy":"area","embeddable":true,"href":"https:\/\/ccoo.app\/ics\/wp-json\/wp\/v2\/area?post=32199"}],"curies":[{"name":"wp","href":"https:\/\/api.w.org\/{rel}","templated":true}]}}