{"id":32195,"date":"2024-01-10T15:00:00","date_gmt":"2024-01-10T14:00:00","guid":{"rendered":"https:\/\/ccoo.app\/ics\/?p=32195"},"modified":"2024-01-15T12:32:53","modified_gmt":"2024-01-15T11:32:53","slug":"un-estudi-de-ccoo-revela-que-mes-del-80-del-collectiu-zelador-exigeix-ser-personal-sanitari-i-que-la-seva-professio-tingui-estudis-reglats","status":"publish","type":"post","link":"https:\/\/ccoo.app\/ics\/noticies\/un-estudi-de-ccoo-revela-que-mes-del-80-del-collectiu-zelador-exigeix-ser-personal-sanitari-i-que-la-seva-professio-tingui-estudis-reglats\/","title":{"rendered":"Un estudi de CCOO revela que m\u00e9s del 80% del col\u00b7lectiu zelador exigeix ser personal sanitari i que la seva professi\u00f3 tingui estudis reglats"},"content":{"rendered":"\n<h3 class=\"wp-block-heading\">Un informe elaborat per la Federaci\u00f3 de Sanitat i Sectors Sociosanitaris de CCOO (FSS-CCOO), despr\u00e9s de realitzar i analitzar m\u00e9s de 2.500 enquestes realitzades a zeladors i zeladores en centres p\u00fablics del Sistema Nacional de Salut (SNS), revela que el 82% del personal zelador considera que la seva professi\u00f3 hauria de ser considerada sanit\u00e0ria. Mateix percentatge \u00e9s el que exigeix que hauria d\u2019haver-hi una titulaci\u00f3 oficial de Formaci\u00f3 Professional, una cosa indispensable per a un treball on existeix una interacci\u00f3 cont\u00ednua amb els pacients, on s\u2019han de con\u00e8ixer els equips m\u00e8dics i els protocols de seguretat, cuidat integral i higiene dels pacients, entre altres raons.<\/h3>\n\n\n\n<p>L\u2019estudi elaborat per la FSS-CCOO revela a m\u00e9s que, en una professi\u00f3 sense estudis reglats, el 64% dels i les enquestades denuncien que assumeixen tasques que no els corresponen, tasques que no han estat modificades i que continuen sent les mateixes de l\u2019estatut preconstitucional de 1971. Aquestes funcions, de marcat car\u00e0cter \u201cmasclista\u201d, continuen estant vigents i per a CCOO es fa urgent la seva actualitzaci\u00f3 per part del Ministeri de Sanitat.<\/p>\n\n\n\n<p>Quant a l\u2019escassetat de professionals, l\u2019informe tamb\u00e9 posa de manifest que el 69% dels i les enquestades no considera suficient la r\u00e0tio de zeladors\/as que hi ha actualment, dades que la pr\u00f2pia Administraci\u00f3 dilueix en un conjunt global de n\u00fameros amb la resta de personal \u201cno sanitari\u201d. Segons c\u00e0lculs de la FSS-CCOO, en l\u2019SNS treballen al voltant de 40.000 zeladors i zeladores, i una r\u00e0tio de 0.8 zeladors per cada 1.000 habitants, mentre que en Infermeria la r\u00e0tio \u00e9s de 3.65 per cada 1.000 habitants i de TCAES de 2.65 per cada 1.000 habitants.<\/p>\n\n\n\n<p>D\u2019aquesta manera, per a aconseguir, tal com demanda CCOO, unes r\u00e0tios d\u2019almenys dos zeladors per cada quatre infermeres i de dos zeladors per cada tres TCAES, seria necess\u00e0ria la contractaci\u00f3 de com a m\u00ednim 20.000 zeladors i zeladores m\u00e9s en l\u2019SNS. Amb aquest increment com a m\u00ednim, la r\u00e0tio per nombre de llits passaria de 35 zeladors\/as per 100 llits actuals, a 52 zeladors\/as per 100 llits. Amb aquestes dades, s\u2019ent\u00e9n que la majoria de professionals considerin que la r\u00e0tio no \u00e9s suficient, aix\u00ed com que gaireb\u00e9 la meitat (48%) denunci\u00ef que tenen sobrec\u00e0rrega en el treball.<\/p>\n\n\n\n<p>Des de CCOO reivindiquem, tal com demanda el col\u00b7lectiu, la consideraci\u00f3 dels zeladors i zeladores com a personal sanitari; el 82% dels enquestats aix\u00ed ho exigeix. Una demanda que respon, entre altres coses, a la pol\u00e8mica greu que va sorgir en 2020 amb el Ministeri de Sanitat, que exclo\u00efa dels seus protocols de prevenci\u00f3 a zeladors i zeladores amb una classificaci\u00f3 diferent a la resta de personal sanitari.<\/p>\n\n\n\n<p>Propostes sindicals<\/p>\n\n\n\n<p>La FSS-CCOO recull en aquest informe propostes sindicals dirigides a donar resposta a les necessitats d\u2019aquest col\u00b7lectiu professional. Algunes d\u2019elles s\u00f3n:<\/p>\n\n\n\n<p>Augmentar el finan\u00e7ament de la Sanitat p\u00fablica, com a m\u00ednim, d\u2019un 7,2% del PIB.<\/p>\n\n\n\n<p>Incorporar amb estudis de les administracions el nombre suficient de zeladors i zeladores per a possibilitar la configuraci\u00f3 equilibrada del treball dels equips, sense oblidar que ja de per si mateix les plantilles d\u2019infermeres i t\u00e8cnics mitjans s\u00f3n deficit\u00e0ries en el nostre sistema sanitari.<\/p>\n\n\n\n<p>Elaborar per part del Ministeri de Sanitat les dades desagregades dels Recursos Humans del col\u00b7lectiu de zeladors per Comunitats Aut\u00f2nomes, per a con\u00e8ixer la seva distribuci\u00f3 en els diferents nivells assistencials, poder redimensionar d\u2019una forma clara i efectiva a les necessitats reals i garantir en un nivell general que no es produeixin desigualtats territorials en la prestaci\u00f3 de cures.<\/p>\n\n\n\n<p>Reclassificar al col\u00b7lectiu de Zeladors en el grup de classificaci\u00f3 C2.<\/p>\n\n\n\n<p>Abordar de manera immediata l\u2019actualitzaci\u00f3 de funcions del col\u00b7lectiu.<\/p>\n\n\n\n<p>Abordar la creaci\u00f3 d\u2019un nou t\u00edtol formatiu, de formaci\u00f3 professional, amb el Ministeri de Sanitat i Educaci\u00f3.<\/p>\n\n\n\n<p>Consideraci\u00f3 dels i les zeladores com a personal sanitari.<\/p>\n\n\n\n<p>Establir un model \u00fanic de carrera professional, accessible per a tots, evitant les discriminacions que es produeixen ara entre les diferents Comunitats Aut\u00f2nomes.<\/p>\n\n\n\n<p>Proporcionar una formaci\u00f3 continuada, real, \u00e0mplia i dirigida directament al col\u00b7lectiu.<\/p>\n\n\n\n<p>Adequar les condicions ergon\u00f2miques, l\u2019organitzaci\u00f3 de tasques i activitats per a garantir la salut del conjunt de treballadores.<\/p>\n\n\n\n<p><\/p>\n\n\n\n<div data-wp-interactive=\"core\/file\" class=\"wp-block-file\"><object data-wp-bind--hidden=\"!state.hasPdfPreview\" hidden class=\"wp-block-file__embed\" data=\"https:\/\/ccoo.app\/ics\/wp-content\/blogs.dir\/6\/files\/sites\/200\/2024\/01\/Estudi-sobre-les-condicions-laborals-del-colectiu-zelador.pdf\" type=\"application\/pdf\" style=\"width:100%;height:600px\" aria-label=\"Incrustaci\u00f3 del fitxer Estudi-sobre-les-condicions-laborals-del-colectiu-zelador.\"><\/object><a id=\"wp-block-file--media-e656eb13-cde2-42de-ae04-d4bc1c6e0220\" href=\"https:\/\/ccoo.app\/ics\/wp-content\/blogs.dir\/6\/files\/sites\/200\/2024\/01\/Estudi-sobre-les-condicions-laborals-del-colectiu-zelador.pdf\">Estudi-sobre-les-condicions-laborals-del-colectiu-zelador<\/a><a href=\"https:\/\/ccoo.app\/ics\/wp-content\/blogs.dir\/6\/files\/sites\/200\/2024\/01\/Estudi-sobre-les-condicions-laborals-del-colectiu-zelador.pdf\" class=\"wp-block-file__button wp-element-button\" download aria-describedby=\"wp-block-file--media-e656eb13-cde2-42de-ae04-d4bc1c6e0220\">Baixa<\/a><\/div>\n","protected":false},"excerpt":{"rendered":"<p>Un informe elaborat per la Federaci\u00f3 de Sanitat i Sectors Sociosanitaris de CCOO (FSS-CCOO), despr\u00e9s de realitzar i analitzar m\u00e9s de 2.500 enquestes realitzades a zeladors i zeladores en centres &#8230; <a title=\"Un estudi de CCOO revela que m\u00e9s del 80% del col\u00b7lectiu zelador exigeix ser personal sanitari i que la seva professi\u00f3 tingui estudis reglats\" class=\"read-more\" href=\"https:\/\/ccoo.app\/ics\/noticies\/un-estudi-de-ccoo-revela-que-mes-del-80-del-collectiu-zelador-exigeix-ser-personal-sanitari-i-que-la-seva-professio-tingui-estudis-reglats\/\" aria-label=\"M\u00e9s informaci\u00f3 sobre Un estudi de CCOO revela que m\u00e9s del 80% del col\u00b7lectiu zelador exigeix ser personal sanitari i que la seva professi\u00f3 tingui estudis reglats\">Read more<\/a><\/p>\n","protected":false},"author":4386,"featured_media":32196,"comment_status":"closed","ping_status":"closed","sticky":false,"template":"","format":"standard","meta":{"footnotes":""},"categories":[12,1],"tags":[],"area":[],"class_list":["post-32195","post","type-post","status-publish","format-standard","has-post-thumbnail","hentry","category-actualitat","category-noticies","generate-columns","tablet-grid-50","mobile-grid-100","grid-parent","grid-50"],"_links":{"self":[{"href":"https:\/\/ccoo.app\/ics\/wp-json\/wp\/v2\/posts\/32195","targetHints":{"allow":["GET"]}}],"collection":[{"href":"https:\/\/ccoo.app\/ics\/wp-json\/wp\/v2\/posts"}],"about":[{"href":"https:\/\/ccoo.app\/ics\/wp-json\/wp\/v2\/types\/post"}],"author":[{"embeddable":true,"href":"https:\/\/ccoo.app\/ics\/wp-json\/wp\/v2\/users\/4386"}],"replies":[{"embeddable":true,"href":"https:\/\/ccoo.app\/ics\/wp-json\/wp\/v2\/comments?post=32195"}],"version-history":[{"count":1,"href":"https:\/\/ccoo.app\/ics\/wp-json\/wp\/v2\/posts\/32195\/revisions"}],"predecessor-version":[{"id":32198,"href":"https:\/\/ccoo.app\/ics\/wp-json\/wp\/v2\/posts\/32195\/revisions\/32198"}],"wp:featuredmedia":[{"embeddable":true,"href":"https:\/\/ccoo.app\/ics\/wp-json\/wp\/v2\/media\/32196"}],"wp:attachment":[{"href":"https:\/\/ccoo.app\/ics\/wp-json\/wp\/v2\/media?parent=32195"}],"wp:term":[{"taxonomy":"category","embeddable":true,"href":"https:\/\/ccoo.app\/ics\/wp-json\/wp\/v2\/categories?post=32195"},{"taxonomy":"post_tag","embeddable":true,"href":"https:\/\/ccoo.app\/ics\/wp-json\/wp\/v2\/tags?post=32195"},{"taxonomy":"area","embeddable":true,"href":"https:\/\/ccoo.app\/ics\/wp-json\/wp\/v2\/area?post=32195"}],"curies":[{"name":"wp","href":"https:\/\/api.w.org\/{rel}","templated":true}]}}