{"id":32192,"date":"2024-01-04T15:00:00","date_gmt":"2024-01-04T14:00:00","guid":{"rendered":"https:\/\/ccoo.app\/ics\/?p=32192"},"modified":"2024-01-15T12:25:19","modified_gmt":"2024-01-15T11:25:19","slug":"ccoo-demana-al-departament-de-salut-incrementar-plantilles-davant-laugment-de-contagis-per-virus-respiratoris","status":"publish","type":"post","link":"https:\/\/ccoo.app\/ics\/noticies\/ccoo-demana-al-departament-de-salut-incrementar-plantilles-davant-laugment-de-contagis-per-virus-respiratoris\/","title":{"rendered":"CCOO demana al Departament de Salut incrementar plantilles davant l\u2019augment de contagis per virus respiratoris"},"content":{"rendered":"\n<p>Davant l\u2019increment notable de contagis per virus respiratoris entre la poblaci\u00f3, ja sigui per grip estacional, per grip A o per COVID, des de la Federaci\u00f3 de Sanitat de CCOO de Catalunya demanem al Departament de Salut que reforci totes les plantilles tant de l\u2019\u00e0mbit hospitalari com de l\u2019\u00e0mbit d\u2019atenci\u00f3 prim\u00e0ria.<\/p>\n\n\n\n<p>Som conscients que s\u2019han fet molts contractes programa adre\u00e7ats a professionals durant aquesta \u00e8poca, per\u00f2 que trobem que s\u00f3n insuficients pel nombre de casos atesos, i m\u00e9s encara quan a Catalunya encara no s\u2019ha arribat al pic m\u00e0xim de nombre de contagis, segons ens informa la mateixa Conselleria de Salut.<\/p>\n\n\n\n<p>Estem rebent queixes d\u2019hospitals d\u2019arreu dels territoris amb la mateixa casu\u00edstica: pacients acumulats a passadissos en espera de ser atesos i que en alguns casos han superat les 12 hores per ser avaluats i iniciar tractaments, cosa que s\u2019agreuja si calen ingressos a planta, perqu\u00e8 l\u2019espera de llit encara \u00e9s m\u00e9s elevada. La situaci\u00f3 no \u00e9s millor als centres d\u2019atenci\u00f3 prim\u00e0ria i a les urg\u00e8ncies ateses als CUAP.<\/p>\n\n\n\n<p>Per tot plegat, des de CCOO tamb\u00e9 demanem habilitar \u00e0rees espec\u00edfiques que diferenci\u00efn els casos de patologies respirat\u00f2ries de la resta d\u2019urg\u00e8ncies a fi d\u2019evitar m\u00e9s contagis.<\/p>\n","protected":false},"excerpt":{"rendered":"<p>Davant l\u2019increment notable de contagis per virus respiratoris entre la poblaci\u00f3, ja sigui per grip estacional, per grip A o per COVID, des de la Federaci\u00f3 de Sanitat de CCOO &#8230; <a title=\"CCOO demana al Departament de Salut incrementar plantilles davant l\u2019augment de contagis per virus respiratoris\" class=\"read-more\" href=\"https:\/\/ccoo.app\/ics\/noticies\/ccoo-demana-al-departament-de-salut-incrementar-plantilles-davant-laugment-de-contagis-per-virus-respiratoris\/\" aria-label=\"M\u00e9s informaci\u00f3 sobre CCOO demana al Departament de Salut incrementar plantilles davant l\u2019augment de contagis per virus respiratoris\">Read more<\/a><\/p>\n","protected":false},"author":4386,"featured_media":32193,"comment_status":"closed","ping_status":"closed","sticky":false,"template":"","format":"standard","meta":{"footnotes":""},"categories":[12,1],"tags":[],"area":[],"class_list":["post-32192","post","type-post","status-publish","format-standard","has-post-thumbnail","hentry","category-actualitat","category-noticies","generate-columns","tablet-grid-50","mobile-grid-100","grid-parent","grid-50"],"_links":{"self":[{"href":"https:\/\/ccoo.app\/ics\/wp-json\/wp\/v2\/posts\/32192","targetHints":{"allow":["GET"]}}],"collection":[{"href":"https:\/\/ccoo.app\/ics\/wp-json\/wp\/v2\/posts"}],"about":[{"href":"https:\/\/ccoo.app\/ics\/wp-json\/wp\/v2\/types\/post"}],"author":[{"embeddable":true,"href":"https:\/\/ccoo.app\/ics\/wp-json\/wp\/v2\/users\/4386"}],"replies":[{"embeddable":true,"href":"https:\/\/ccoo.app\/ics\/wp-json\/wp\/v2\/comments?post=32192"}],"version-history":[{"count":1,"href":"https:\/\/ccoo.app\/ics\/wp-json\/wp\/v2\/posts\/32192\/revisions"}],"predecessor-version":[{"id":32194,"href":"https:\/\/ccoo.app\/ics\/wp-json\/wp\/v2\/posts\/32192\/revisions\/32194"}],"wp:featuredmedia":[{"embeddable":true,"href":"https:\/\/ccoo.app\/ics\/wp-json\/wp\/v2\/media\/32193"}],"wp:attachment":[{"href":"https:\/\/ccoo.app\/ics\/wp-json\/wp\/v2\/media?parent=32192"}],"wp:term":[{"taxonomy":"category","embeddable":true,"href":"https:\/\/ccoo.app\/ics\/wp-json\/wp\/v2\/categories?post=32192"},{"taxonomy":"post_tag","embeddable":true,"href":"https:\/\/ccoo.app\/ics\/wp-json\/wp\/v2\/tags?post=32192"},{"taxonomy":"area","embeddable":true,"href":"https:\/\/ccoo.app\/ics\/wp-json\/wp\/v2\/area?post=32192"}],"curies":[{"name":"wp","href":"https:\/\/api.w.org\/{rel}","templated":true}]}}