{"id":32189,"date":"2024-01-09T15:00:00","date_gmt":"2024-01-09T14:00:00","guid":{"rendered":"https:\/\/ccoo.app\/ics\/?p=32189"},"modified":"2024-01-15T12:55:06","modified_gmt":"2024-01-15T11:55:06","slug":"el-3r-acord-de-lics-un-acord-necessari","status":"publish","type":"post","link":"https:\/\/ccoo.app\/ics\/noticies\/el-3r-acord-de-lics-un-acord-necessari\/","title":{"rendered":"El 3r Acord de l\u2019ICS, un acord necessari"},"content":{"rendered":"\n<p>El 3r Acord de l\u2019ICS millora les condicions laborals i retributives de totes les categories professionals que conformen l\u2019ICS, tant les sanit\u00e0ries com les de gesti\u00f3 i serveis (no sanit\u00e0ries), i ha estat signat per CCOO i altres sindicats de la Mesa Negociadora. Evidentment, aquest acord no \u00e9s un punt final, sin\u00f3 un punt i seguit per anar assolint totes les reivindicacions que CCOO vam presentar a la nostra plataforma negociadora.&nbsp;<\/p>\n\n\n\n<p>Hem de tenir en compte que l\u2019any 2006 va ser quan es va signar el 2n Acord de la Mesa Sectorial de Negociaci\u00f3 de Sanitat sobre les condicions de treball del personal estatutari de l\u2019ICS, que ha estat vigent fins a la signatura del preacord del&nbsp;<a href=\"https:\/\/www.ccoo.cat\/wp-content\/uploads\/2024\/01\/iii-acord-ics-signat.pdf\">3r Acord<\/a>&nbsp;el passat 22 de novembre del 2023. La den\u00fancia del 2n Acord per negociar i millorar les condicions laborals es va fer al desembre del 2021, perqu\u00e8, per primer cop en molts anys, el pressupost en salut es veia incrementat per al 2022.<\/p>\n\n\n\n<p>CCOO, despr\u00e9s de la signatura, tenim garantida la pres\u00e8ncia a la Comissi\u00f3 de Seguiment d\u2019aquest acord amb l\u2019objectiu de continuar millorant les condicions laborals, sense que en cap cas h\u00e0gim d\u2019esperar 17 anys m\u00e9s. A m\u00e9s, a difer\u00e8ncia d\u2019altres propostes sindicals que no compten amb la condici\u00f3 de m\u00e9s representatives, la nostra pres\u00e8ncia a altres taules de negociaci\u00f3 fa que algunes mat\u00e8ries, com les que afecten la regulaci\u00f3 de car\u00e0cter estatal, puguin ser negociades. CCOO, com sempre, \u00e9s garantia de millora de drets i condicions laborals, i \u00e9s el suport de la gent treballadora el que ho fa possible.<\/p>\n\n\n\n<p>Per a qualsevol dubte o q\u00fcesti\u00f3, no dubtis a posar-te en contacte amb nosaltres per correu electr\u00f2nic a l\u2019adre\u00e7a seg\u00fcent:&nbsp;fsanitat1@ccoo.cat.<\/p>\n\n\n\n<p>Aquest preacord significa garantir la implementaci\u00f3 de les millores laborals i retributives seg\u00fcents:<\/p>\n\n\n\n<p><strong>1 \u2013 Una reducci\u00f3 hor\u00e0ria per a totes les categories professionals<\/strong><\/p>\n\n\n\n<ul class=\"wp-block-list\">\n<li>En el cas dels&nbsp;<strong>facultatius i facultatives especialistes<\/strong>, que feien una jornada completa de 1.728 hores, passaran a realitzar 1.642 hores anuals.<\/li>\n\n\n\n<li>La&nbsp;<strong>resta de professionals en torn di\u00fcrn<\/strong>, que feien una jornada de 1.642 hores anuals, passaran a fer-ne 1.599.<\/li>\n\n\n\n<li>I si&nbsp;<strong>aquests professionals treballen en torn nocturn,<\/strong>&nbsp;la jornada dels quals era de 1.472 hores anuals, passaran a realitzar-ne 1.445.<\/li>\n\n\n\n<li>En el&nbsp;<strong>cas del personal que presti serveis en torn di\u00fcrn i nocturn<\/strong>, com per exemple en l\u2019Atenci\u00f3 Continuada d\u2019Urg\u00e8ncies Terrorial ACUT o a les presons, realitzarien la proporcionalitat de totes dues jornades en funci\u00f3 de les hores realitzades.<\/li>\n\n\n\n<li><strong>El mateix acord recull el comprom\u00eds de l\u2019aplicaci\u00f3 immediata de la rebaixa de jornada (fins a les 35 hores setmanals)<\/strong>:<strong>&nbsp;<\/strong>el 3r Acord recull de manera expressa el que CCOO hem acordat dins el marc de l\u2019<a href=\"https:\/\/www.boe.es\/diario_boe\/txt.php?id=BOE-A-2022-18961\">Acuerdo Marco para la Administraci\u00f3n del Siglo XXI<\/a>&nbsp;pel que fa a l\u2019aplicaci\u00f3 d\u2019una reducci\u00f3 de jornada setmanal fins a les 35 hores. En aquest sentit, es recull que, un cop s\u2019acordi en el marc de la Funci\u00f3 P\u00fablica catalana, tamb\u00e9 sigui d\u2019aplicaci\u00f3 immediata per als professionals de l\u2019ICS. Es preveu que es pugui implementar aquest 2024.<\/li>\n<\/ul>\n\n\n\n<p><strong>2 \u2013 Increment retributiu a trav\u00e9s de diferents complements<\/strong><\/p>\n\n\n\n<ul class=\"wp-block-list\">\n<li>El 3r Acord de l\u2019ICS&nbsp;<strong>NO t\u00e9 compet\u00e8ncies per modificar el salari base ni el complement de destinaci\u00f3 ni els triennis, ja que s\u00f3n d\u2019\u00e0mbit estatal.<\/strong><\/li>\n\n\n\n<li>El que s\u00ed que pot modificar s\u00f3n els&nbsp;<strong>diferents complements d\u2019\u00e0mbit auton\u00f2mic o d\u2019\u00e0mbit d\u2019empresa.<\/strong><\/li>\n\n\n\n<li>I \u00e9s en aquesta l\u00ednia que cada categoria professional, sense excepci\u00f3,<strong>&nbsp;ha vist incrementat un complement o diversos<\/strong>, com per exemple el complement espec\u00edfic, el de carrera professional, els DPO, el complement d\u2019homologaci\u00f3, el complement de coordinaci\u00f3, el complement de doc\u00e8ncia\u2026 Tots aquests complements es reflectiran en les noves taules retributives, en espera de tenir les definitives. En aquest sentit,&nbsp;<a href=\"https:\/\/www.ccoo.cat\/wp-content\/uploads\/2024\/01\/iii-acord-ics-signat.pdf#page=7\">us donem acc\u00e9s a l\u2019apartat de l\u2019acord que en parla<\/a>&nbsp;<strong>i tan bon punt disposem de les taules retributives definitives CCOO publicarem en la nostra web unes taules comparatives per categories i\/o grups professionals dins de cada \u00e0mbit<\/strong>, de manera que, d\u2019una manera f\u00e0cil i senzilla, es podran veure les difer\u00e8ncies entre el 2n Acord i el 3r Acord.<\/li>\n<\/ul>\n\n\n\n<p><strong>3 \u2013 Acc\u00e9s a cobrament d\u2019objectius (DPO)<\/strong><\/p>\n\n\n\n<ul class=\"wp-block-list\">\n<li>Fins ara, nom\u00e9s tenia acc\u00e9s al cobrament de la paga d\u2019objectius o DPO el personal que era estatutari fix, estatutari inter\u00ed o que, com a m\u00ednim, tenia un nomenament estatutari temporal superior a 6 mesos de durada.<\/li>\n\n\n\n<li>Fins ara, en quedaven exclosos tots els contractes inferiors a 6 mesos de durada o aquells que, tot i ser de durada superior, eren de substituci\u00f3.<\/li>\n\n\n\n<li><strong>Amb el 3r Acord tindran acc\u00e9s al cobrament de DPO totes les categories professionals amb independ\u00e8ncia de la tipologia de contracte que tinguin.<\/strong>&nbsp;El requisit m\u00ednim per accedir-hi ser\u00e0 que la suma dels contractes superi un m\u00ednim de 175 dies\/any, \u00e9s a dir, que no cal un nomenament inicial de 6 mesos o m\u00e9s.<\/li>\n\n\n\n<li>Les persones que tinguin nomenament de 6 mesos o superior a principis d\u2019any continuaran com fins ara.<\/li>\n\n\n\n<li>Hi ha el comprom\u00eds per part de l\u2019ICS que els objectius hauran de suposar un repte, per\u00f2, alhora, hauran de ser assolibles i fixar-se amb la participaci\u00f3 de les persones interessades. Les fitxes s\u2019hauran de lliurar dins del 1r trimestre de l\u2019any.<\/li>\n<\/ul>\n\n\n\n<p><strong>4 \u2013 Carrera professional amb qualsevol tipus de contracte<\/strong><\/p>\n\n\n\n<ul class=\"wp-block-list\">\n<li>Amb el 2n Acord, nom\u00e9s tenien acc\u00e9s al cobrament de la carrera professional aquelles persones amb vinculaci\u00f3 estatut\u00e0ria fixa. Arran de les s<a href=\"https:\/\/www.ccoo.cat\/sanitat\/noticies\/ccoo-primer-sindicat-que-arriba-al-tribunal-suprem-i-aconsegueix-sentencies-a-favor-del-dret-a-la-carrera-professional-del-personal-estatutari-interi-de-linstitut-catala-de-la-salut-ics\/\">ent\u00e8ncies guanyades per CCOO<\/a>&nbsp;, tamb\u00e9 hi va accedir el personal estatutari inter\u00ed.<\/li>\n\n\n\n<li>Fins ara, doncs, en quedaven exclosos totes aquells professionals que, tot i tenir els anys m\u00ednims necessaris per assolir determinats nivells de carrera professional, tinguessin nomenaments estatuaris temporals, com ara eventualitats, substitucions, etc.<\/li>\n\n\n\n<li>Amb el 3r Acord,&nbsp;<strong>tindran acc\u00e9s al cobrament de la carrera professional totes les categories professionals amb independ\u00e8ncia de la tipologia de contracte que tinguin.<\/strong><\/li>\n\n\n\n<li>Volem recordar tamb\u00e9 que per a la<strong>&nbsp;carrera professional del 2023 ja s\u2019ha recuperat l\u2019any de tr\u00e0mit que es va perdre durant les retallades del 2023<\/strong>. \u00c9s a dir, les carreres sol\u00b7licitades al desembre del 2022 s\u2019han cobrat amb efectes des de l\u20191 de gener del 2023.<\/li>\n<\/ul>\n\n\n\n<p><strong>5 \u2013 Carrera professional per a treballadors\/es que venen d\u2019altres sectors<\/strong><\/p>\n\n\n\n<ul class=\"wp-block-list\">\n<li>Amb el 2n Acord, per a la carrera professional nom\u00e9s computaven els serveis prestats a l\u2019ICS o al Servei Nacional de Salut (SNS), de manera que en quedava exclosa la resta del sector concertat.<\/li>\n\n\n\n<li>Amb el 3r Acord, hi ha un&nbsp;<strong>reconeixement del nivell o nivells de carrera professional que ja estiguessin assolits al sector concertat<\/strong>&nbsp;(conveni del SISCAT o convenis propis). D\u2019altra banda, un cop demanat el reconeixement, ser\u00e0 d\u2019aplicaci\u00f3 immediata, sense necessitat de cap requisit m\u00e9s.<\/li>\n<\/ul>\n\n\n\n<p><strong>6 \u2013 Carrera professional en cas de promoci\u00f3 interna temporal<\/strong><\/p>\n\n\n\n<ul class=\"wp-block-list\">\n<li>Amb el 2n Acord, quan un professional es trobava en promoci\u00f3 interna temporal i havia canviat de grup professional, li succe\u00efen dues coses: d\u2019una banda, la carrera professional de la categoria d\u2019origen li quedava congelada sense possibilitat d\u2019avan\u00e7ar en nous nivells, i per altra banda, tampoc podia assolir cap nivell de la categoria que estava promocionada.<\/li>\n\n\n\n<li>Amb el 3r Acord, aix\u00f2 ha estat corregit, de manera que l<strong>a persona mant\u00e9 la carrera professional de la categoria d\u2019origen, fins que l\u2019import de la carrera professional de la categoria en qu\u00e8 est\u00e0 promocionada sigui superior a l\u2019import anterior<\/strong>, i a partir d\u2019aqu\u00ed igualment&nbsp;<strong>anir\u00e0 sumant nivells de la categoria en promoci\u00f3<\/strong>, com qualsevol altre professional que no estigui en situaci\u00f3 de promoci\u00f3 interna temporal.<\/li>\n\n\n\n<li>Exemples del punt anterior serien els casos del personal TCAI (t\u00e8cnics i t\u00e8cniques en cures d\u2019auxiliar d\u2019infermeria) que promociona a infermer o infermera, del personal zelador que promociona a auxiliar administratiu\u2026, dels quals actualment hi ha un gran nombre.<\/li>\n<\/ul>\n\n\n\n<p><strong>7 \u2013 Altres millores en carrera professional<\/strong><\/p>\n\n\n\n<ul class=\"wp-block-list\">\n<li><strong>Reconeixement dels anys destinats a fer les resid\u00e8ncies<\/strong>&nbsp;del personal m\u00e8dic i d\u2019infermeria, a l\u2019efecte del c\u00f2mput per assolir nivells de carrera professional.<\/li>\n\n\n\n<li><strong>Reconeixement de les especialitats m\u00e8diques i d\u2019infermeria<\/strong>&nbsp;amb increments retributius en la carrera professional.<\/li>\n\n\n\n<li>En el cas&nbsp;<strong>d\u2019infermeres especialistes es reconeix un nivell 0<\/strong>, sense cap tipus de requisit m\u00e9s enll\u00e0 de tenir l\u2019especialitat, aix\u00ed com en el cas de les llevadores.<\/li>\n\n\n\n<li>Per manca de desplegament de l\u2019especialitat medicoquir\u00fargica d\u2019\u00e0mbit hospitalari, hi ha un&nbsp;<strong>reconeixement de l\u2019infermer o infermera especialitzat amb un increment retributiu<\/strong>&nbsp;en funci\u00f3 del lloc on es treballa si es reuneixen els requisits seg\u00fcents: tenir un m\u00e0ster relacionat amb el lloc de treball o b\u00e9 tenir el 4t nivell de carrera professional i haver prestat 10 anys de servei al lloc per al qual s\u2019opta.<\/li>\n\n\n\n<li>S\u2019han establert unes&nbsp;<strong>bandes m\u00ednimes d\u2019assoliment<\/strong>, que \u00e9s la garantia que com a m\u00ednim un percentatge de cada nivell i de cada categoria professional assolir\u00e0 la carrera professional, de manera que, si no s\u2019assoleix aquest percentatge, caldr\u00e0 abaixar cr\u00e8dits per tal d\u2019aconseguir-ho.<\/li>\n<\/ul>\n\n\n\n<p><strong>8 \u2013 Possibilitat de realitzaci\u00f3 de gu\u00e0rdies per a totes les categories professionals<\/strong><\/p>\n\n\n\n<ul class=\"wp-block-list\">\n<li>Amb el 2n Acord, la realitzaci\u00f3 de gu\u00e0rdies estava limitada a personal m\u00e8dic i d\u2019infermeria. Sovint la resta de categories professionals doblaven o treballaven en caps de setmana (com a jornada ordin\u00e0ria).<\/li>\n\n\n\n<li>Amb el 3r Acord, s\u2019obre la&nbsp;<strong>possibilitat que, en cas de necessitat, qualsevol categoria professional a la qual se li demani fer jornades de m\u00e9s pugui ser retribu\u00efda amb un preu per hora de jornada de gu\u00e0rdia.<\/strong><\/li>\n\n\n\n<li>El 3r Acord recull expressament que, per a totes aquelles categories que no feien gu\u00e0rdies, la realitzaci\u00f3 d\u2019aquestes ser\u00e0&nbsp;<strong>volunt\u00e0ria.<\/strong><\/li>\n<\/ul>\n\n\n\n<p><strong>9 \u2013 Regulaci\u00f3 de les gu\u00e0rdies localitzades.<\/strong><\/p>\n\n\n\n<ul class=\"wp-block-list\">\n<li>El 2n Acord no regulava de manera uniforme el preu de la gu\u00e0rdia localitzable.<\/li>\n\n\n\n<li>El 3r Acord&nbsp;<strong>regula les gu\u00e0rdies localitzables per a totes les categories professionals i l\u2019import d\u2019aquestes ser\u00e0 el 50 % del que estigui estipulat per a la gu\u00e0rdia presencial.<\/strong><\/li>\n<\/ul>\n\n\n\n<p><strong>10- Increment de les gratificacions de 25 de desembre i 1 de gener (tamb\u00e9 les vig\u00edlies)<\/strong><\/p>\n\n\n\n<ul class=\"wp-block-list\">\n<li>Tant en l\u2019\u00e0mbit hospitalari com en l\u2019\u00e0mbit de l\u2019atenci\u00f3 prim\u00e0ria hi ha un increment del preu per hora per als dies 25 de desembre i 1 de gener (tamb\u00e9 les vig\u00edlies).<\/li>\n\n\n\n<li>En l\u2019\u00e0mbit&nbsp;<strong>de l\u2019atenci\u00f3 prim\u00e0ria hi ha un increment corresponent al 200 %<\/strong>&nbsp;del preu de l\u2019hora ordin\u00e0ria de gu\u00e0rdia.<\/li>\n\n\n\n<li>La&nbsp;<strong>gratificaci\u00f3 especial (jornada ordin\u00e0ria m\u00e9s plus) de l\u2019\u00e0mbit hospitalari tamb\u00e9 ha estat incrementada<\/strong>&nbsp;en funci\u00f3 de la categoria professional i, en el cas d\u2019infermeria, llevadors i llevadores, i personal m\u00e8dic, podran triar entre gratificaci\u00f3 especial o preu per hora de gu\u00e0rdia com a prim\u00e0ria. Vegeu la taula.<\/li>\n<\/ul>\n\n\n\n<figure class=\"wp-block-image\"><img decoding=\"async\" src=\"https:\/\/www.ccoo.cat\/wp-content\/uploads\/2024\/01\/millores_retributives_tercer_acord-1024x713.jpg\" alt=\"Millores Retributives Tercer Acord\" class=\"wp-image-145793\" \/><figcaption class=\"wp-element-caption\">Millores retributives 3r acord ICS<\/figcaption><\/figure>\n\n\n\n<p><strong>11 \u2013 A infermeria, possibilitat de fer diumenges i\/o dissabtes de manera volunt\u00e0ria a 35 \u20ac\/h a partir de 43 hores<\/strong><\/p>\n\n\n\n<ul class=\"wp-block-list\">\n<li>La reducci\u00f3 de la jornada ordin\u00e0ria en torn di\u00fcrn ha estat de 43 hores anuals. En el cas de categoria deficit\u00e0ria, com \u00e9s infermeria, hi ha la&nbsp;<strong>possibilitat, totalment volunt\u00e0ria, de realitzar aquestes 43 hores en diumenge i\/o dissabtes, tant de dia com de nit, a un preu de 35 euros l\u2019hora.<\/strong><\/li>\n\n\n\n<li>Aquesta mesura s\u2019ha de real\u00e7ar, ja que permetr\u00e0&nbsp;<strong>millorar la conciliaci\u00f3 del personal en caps de setmana.&nbsp;<\/strong>Ser\u00e0 valorat dins la Comissi\u00f3 de Seguiment hospital per hospital.<\/li>\n<\/ul>\n\n\n\n<p><strong>&nbsp;12 \u2013 Comprom\u00eds de la reclassificaci\u00f3 professional i altres millores<\/strong><\/p>\n\n\n\n<ul class=\"wp-block-list\">\n<li>El 3r Acord recull, de manera expressa, que tot all\u00f2 que CCOO hem acordat dins&nbsp;<a href=\"https:\/\/www.boe.es\/diario_boe\/txt.php?id=BOE-A-2022-18961\">el marc de l\u2019Acuerdo Marco para la Administraci\u00f3n del Siglo XXI<\/a>&nbsp;pel que fa a la reclassificaci\u00f3 professional ser\u00e0 d\u2019aplicaci\u00f3 immediata per als professionals de l\u2019ICS. En aquest sentit, en el marc estatal,&nbsp;<a href=\"https:\/\/www.ccoo.cat\/sanitat\/noticies\/ccoo-i-ugt-demanen-a-la-vicepresidenta-4-i-ministra-dhisenda-funcio-publica-reprendre-lagenda-de-negociacions-al-mes-aviat-possible\/\">CCOO hem sol\u00b7licitat reiniciar les reunions<\/a>&nbsp;(enlla\u00e7 4) per al seu desplegament despr\u00e9s del canvi de govern, i si el Govern incompleix l\u2019Acuerdo Marco,&nbsp;<a href=\"https:\/\/www.ccoo.cat\/noticies\/la-ministra-dhisenda-i-vicepresidenta-4a-maria-jesus-montero-menysprea-a-mes-de-cinc-milions-dempleades-i-empleats-publics\/\">hi haur\u00e0 mobilitzacions<\/a>. Tamb\u00e9 hi ha una previsi\u00f3 que pugui ser implementat ja per a aquest 2024.<\/li>\n<\/ul>\n\n\n\n<p><strong>13 \u2013 Altres millores<\/strong><\/p>\n\n\n\n<ul class=\"wp-block-list\">\n<li>A m\u00e9s de l\u2019exempci\u00f3 de gu\u00e0rdia a les persones treballadores majors de 50 anys que ja regulava el 2n Acord, ara tamb\u00e9 hi ha l\u2019<strong>exoneraci\u00f3 volunt\u00e0ria de les gu\u00e0rdies localitzables o de crida per ra\u00f3 d\u2019edat, i d\u2019un plus del 10 % en les gu\u00e0rdies si el perllongament \u00e9s obligatori per necessitats justificades del servei<\/strong>.<\/li>\n\n\n\n<li><strong>Reconeixement de nous perfils professionals<\/strong>, no previstos en el 2n Acord: genetistes, professionals de biodiagn\u00f2stic, referents de benestar emocional comunitari (REBEC), higienistes dentals de presons\u2026<\/li>\n\n\n\n<li><strong>Reconeixement, en el cas de les TCAI i dels t\u00e8cnics i t\u00e8cniques superiors higienistes dentals de presons<\/strong>, del nivell que els pertocava, de tal manera que veuran incrementada la seva retribuci\u00f3 tamb\u00e9 en el complement de destinaci\u00f3.<\/li>\n\n\n\n<li>Tamb\u00e9 s\u2019obre la porta al&nbsp;<strong>reconeixement a les especialitats d\u2019infermeria<\/strong>: a banda de l\u2019increment de carrera professional descrit anteriorment, tamb\u00e9 hi ha la possibilitat de convocat\u00f2ries de concursos d\u2019oposici\u00f3 espec\u00edfics.<\/li>\n\n\n\n<li><strong>Reconeixement retributiu a determinades categories que realitzen tasques de coordinaci\u00f3<\/strong>: t\u00e8cnics i t\u00e8cniques superiors sanitaris, personal de manteniment, auxiliars administratius\u2026<\/li>\n\n\n\n<li><strong>Reconeixement econ\u00f2mic per passar el comunicat entre torns o per a la continu\u00eftat assistencial (encavalcament)&nbsp;<\/strong>per a infermeria, TCAI i llevadors i llevadores de sales de part que treballin amb torns de 7&nbsp;h&nbsp;\/&nbsp;7&nbsp;h&nbsp;\/&nbsp;10&nbsp;h o 12&nbsp;h&nbsp;\/&nbsp;12&nbsp;h les 24 hores del dia els 365 dies l\u2019any.<\/li>\n\n\n\n<li><strong>Reconeixement econ\u00f2mic com a plus de torn a determinades categories<\/strong>&nbsp;que treballen en serveis i\/o \u00e0mbits oberts 24 hores, en torns de 7&nbsp;h&nbsp;\/&nbsp;7&nbsp;h&nbsp;\/&nbsp;10&nbsp;h o 12&nbsp;h&nbsp;\/&nbsp;12&nbsp;h.<\/li>\n\n\n\n<li><strong>Pagament de dietes o \u00e0pats per cada m\u00f2dul o jornada de 12 hores, de tal manera que si es fa una gu\u00e0rdia de 24 hores, el pagament ser\u00e0 de 2 \u00e0pats.<\/strong>&nbsp;Amb el 2n Acord, nom\u00e9s era 1 \u00e0pat m\u00e0xim al dia.<\/li>\n\n\n\n<li><strong>Plus econ\u00f2mic rural de dif\u00edcil cobertura&nbsp;<\/strong>per a metges i metgesses, professionals d\u2019infermeria, treballadors i treballadores socials i llevadors i llevadores.<\/li>\n\n\n\n<li><strong>Millora i reconeixement econ\u00f2mic de tutors i tutores, c\u00e0rrecs de coordinaci\u00f3 docent i caps d\u2019estudi per la FSE<\/strong>&nbsp;(formaci\u00f3 sanit\u00e0ria especialitzada).<\/li>\n\n\n\n<li><strong>Creaci\u00f3 de diferents grups de treball o comissions<\/strong>&nbsp;per tractar expressament:\n<ul class=\"wp-block-list\">\n<li>La&nbsp;<strong>conciliaci\u00f3&nbsp;<\/strong>en caps de setmana en l\u2019\u00e0mbit hospitalari.<\/li>\n\n\n\n<li>L\u2019an\u00e0lisi en l\u2019atenci\u00f3 prim\u00e0ria de la realitzaci\u00f3 de l\u2019<strong>agenda \u201ctova\u201d<\/strong>&nbsp;i les jornades complement\u00e0ries als&nbsp;<strong>centres penitenciaris i ACUTS.<\/strong><\/li>\n\n\n\n<li>L\u2019an\u00e0lisi de la regulaci\u00f3, del funcionament, de les retribucions, etc., dels&nbsp;<strong>infermers i infermeres de pr\u00e0ctica avan\u00e7ada<\/strong>&nbsp;(IPA).<\/li>\n\n\n\n<li>L\u2019an\u00e0lisi per establir un model de retribucions per a la realitzaci\u00f3 de<strong>&nbsp;trasplantaments<\/strong>&nbsp;(extraccions i implants d\u2019\u00f2rgans).<\/li>\n<\/ul>\n<\/li>\n<\/ul>\n\n\n\n<h2 class=\"wp-block-heading\"><strong><u>Qu\u00e8 NO POT regular el 3r Acord per manca de compet\u00e8ncies?<\/u><\/strong><\/h2>\n\n\n\n<p><strong>1 \u2013 Modificaci\u00f3 salari base, complement de destinaci\u00f3 i triennis<\/strong><\/p>\n\n\n\n<p>El 3r Acord no \u00e9s competent en l\u2019increment de retribucions dins del salari base, del complement de destinaci\u00f3 ni dels triennis, ja que s\u00f3n q\u00fcestions de compet\u00e8ncia estatal que es regulen per a totes les comunitats aut\u00f2nomes.<\/p>\n\n\n\n<p>El que s\u00ed que s\u2019implementaran seran els increments previstos dins el marc de l\u2019<a href=\"https:\/\/www.boe.es\/diario_boe\/txt.php?id=BOE-A-2022-18961\">Acuerdo Marco para la Administraci\u00f3n del Siglo XXI<\/a>, signat per CCOO i UGT. En aquest acord, a m\u00e9s de l\u2019increment retributiu del 0,5 % vinculat al PIB del 2023, que faltar\u00e0 aplicar, tamb\u00e9 hi haur\u00e0 un increment retributiu del 2 %, m\u00e9s el 0,5 % (IPC), si es compleixen els requisits per a l\u2019any 2024. Aquests increments es veuran reflectits no nom\u00e9s en els conceptes salarials estatals, sin\u00f3 en la totalitat dels conceptes de les taules retributives de l\u2019ICS.<\/p>\n\n\n\n<p><strong>2 \u2013 Dies d\u2019assumptes propis<\/strong><\/p>\n\n\n\n<p>Els dies d\u2019assumptes propis (o dies personals o dies graciables) s\u00f3n de compet\u00e8ncia auton\u00f2mica per a tots els treballadors i treballadores de la Generalitat de Catalunya, i, per tant, la seva regulaci\u00f3 es fa a la Mesa General de la Funci\u00f3 P\u00fablica. \u00c9s un tema ja sol\u00b7licitat per CCOO i quan es concedeixi ser\u00e0 d\u2019aplicaci\u00f3 immediata per al personal de l\u2019ICS, aix\u00ed com per al d\u2019Ensenyament i de la Generalitat.<\/p>\n\n\n\n<p><strong>3 \u2013 Jubilaci\u00f3 anticipada, jubilaci\u00f3 parcial anticipada<\/strong><\/p>\n\n\n\n<p>El 3r Acord no t\u00e9 cap tipus de compet\u00e8ncia en mat\u00e8ria de jubilacions: tant la jubilaci\u00f3 anticipada com la jubilaci\u00f3 parcial anticipada s\u00f3n d\u2019\u00e0mbit estatal i de compet\u00e8ncia de la Seguretat Social.<\/p>\n\n\n\n<p>En el cas de la jubilaci\u00f3 parcial anticipada, est\u00e0 ja continguda dins el marc de l\u2019<a href=\"https:\/\/www.ccoo.cat\/wp-content\/uploads\/2024\/01\/pagina7_acord_ics.png\">A<\/a><a href=\"https:\/\/www.boe.es\/diario_boe\/txt.php?id=BOE-A-2022-18961\">cuerdo Marco para la Administraci\u00f3n del Siglo XXI<\/a>, signat per CCOO i UGT, i cal un canvi normatiu per incloure el contracte relleu en el cas del personal funcionari i estatutari. En aquest sentit, en el marc estatal, CCOO hem fet&nbsp;<a href=\"https:\/\/sanidad.ccoo.es\/noticia:658552--CCOO_se_concentra_a_las_puertas_del_Ministerio_que_dirige_Escriva_y_le_exige_que_inicie_los_tramites_para_anticipar_a_los_60_anos_la_jubilacion_del_personal_sanitario_y_sociosanitario&amp;opc_id=9ed91ef0e13b2b91822a5b05b3a054a1\">mobilitzacions<\/a>&nbsp;i hem sol\u00b7licitat&nbsp;<a href=\"https:\/\/www.ccoo.cat\/sanitat\/noticies\/ccoo-i-ugt-demanen-a-la-vicepresidenta-4-i-ministra-dhisenda-funcio-publica-reprendre-lagenda-de-negociacions-al-mes-aviat-possible\/\">reiniciar les negociacions<\/a>&nbsp;per al seu desplegament despr\u00e9s del canvi de govern. Tamb\u00e9 hi ha una previsi\u00f3 que pugui ser implementat de cara a aquest 2024.<\/p>\n\n\n\n<p><strong>4 \u2013 Fons d\u2019Acci\u00f3 Social (FAS)<\/strong><\/p>\n\n\n\n<p>El FAS, que era un tipus d\u2019ajut econ\u00f2mic per a tot el personal de la Generalitat de Catalunya, en determinats casos (ajuts escolars, odontol\u00f2gics, \u00f2ptics\u2026) tamb\u00e9 \u00e9s compet\u00e8ncia de la Mesa General de la Funci\u00f3 P\u00fablica. \u00c9s un tema ja sol\u00b7licitat per CCOO i quan es concedeixi ser\u00e0 d\u2019aplicaci\u00f3 immediata per al personal de l\u2019ICS, aix\u00ed com per al d\u2019Ensenyament i de la Generalitat.<\/p>\n\n\n\n<p><strong>5 \u2013 Gesti\u00f3 d\u2019infermeria de la demanda (GID)<\/strong><\/p>\n\n\n\n<p>Les directrius per a l\u2019exercici de les actuacions infermeres en l\u2019anomenada GID les fixa el Consell de Col\u00b7legis d\u2019Infermeres i Infermers de Catalunya (CCIIC), que estableix la GID com una resposta que dona l\u2019infermer o infermera des del seu \u00e0mbit competencial a persones usu\u00e0ries que plantegen una demanda relacionada amb la salut. Est\u00e0 regulada en l\u2019acord publicat el 15 de juny del 2016 al DOGC i emparada per l\u2019article 4.2 de la Llei 44\/2003, de 21 de novembre, d\u2019ordenaci\u00f3 de les professions sanit\u00e0ries. L\u2019exercici de les professions sanit\u00e0ries s\u2019ha d\u2019ajustar al que estableixen les lleis i les normes reguladores d\u2019aquest exercici que dictin les organitzacions col\u00b7legials respectives.<\/p>\n\n\n\n<p>M\u00e9s concretament, la GID es va implementar gr\u00e0cies, o com a conseq\u00fc\u00e8ncia, de la regulaci\u00f3 en dos acords del Consell de Col\u00b7legis d\u2019Infermeres i Infermers de Catalunya publicats al DOGC els anys&nbsp;<a href=\"https:\/\/dogc.gencat.cat\/ca\/document-del-dogc\/?documentId=640189\">2013<\/a>&nbsp;i&nbsp;<a href=\"https:\/\/dogc.gencat.cat\/ca\/document-del-dogc\/?documentId=640189\">2016<\/a>, i, per tant, de cap manera \u00e9s compet\u00e8ncia del 3r Acord.<\/p>\n\n\n\n<p><strong>6 \u2013 Compet\u00e8ncies i funcions de les diferents professions<\/strong><\/p>\n\n\n\n<p>Les compet\u00e8ncies i funcions de les diferents professions estan regulades per diferents normatives estatals i pels diferents col\u00b7legis professionals. Per tant, no poden ser regulats pel 3r Acord, encara que la seva regulaci\u00f3 no s\u2019ajusti a la realitat actual.<\/p>\n\n\n\n<p><strong>7 \u2013 Formaci\u00f3<\/strong><\/p>\n\n\n\n<p>L\u2019\u00e0mbit regulador de la formaci\u00f3 en el cas dels professionals de l\u2019ICS passa per dues vies: d\u2019una banda, formaci\u00f3 amb pressupost propi, gestionat pel mateix ICS, i, de l\u2019altra, formaci\u00f3 amb formaci\u00f3 AFEDAP, p\u00fablica, que surt de les n\u00f2mines de cada professional. Cal dir tamb\u00e9 que la compensaci\u00f3 de les 40 hores de formaci\u00f3 \u00e9s compet\u00e8ncia del 3r Acord de la Mesa General de la Funci\u00f3 P\u00fablica<\/p>\n\n\n\n<p><strong>8 \u2013 Recuperaci\u00f3 del 5% de la retallada patida a l\u2019any 2010<\/strong><\/p>\n\n\n\n<p>La retallada del 5 % patida el 2010 va ser per&nbsp;<a href=\"https:\/\/www.boe.es\/eli\/es\/rdl\/2010\/05\/20\/8\/con\">llei<\/a>&nbsp;del Govern central. Per tant, la seva recuperaci\u00f3 ha d\u2019emanar del mateix Govern. Ara b\u00e9, cal fer esment al fet que la retallada tamb\u00e9 del 5 % de la massa salarial aplicada pel Govern de la Generalitat via retirada d\u2019una paga doble els anys 2012, 2013 i 2014, ja es va recuperar gr\u00e0cies a l\u2019Acord de la Mesa General de la Funci\u00f3 P\u00fablica,&nbsp;<a href=\"https:\/\/administraciopublica.gencat.cat\/ca\/empleats-publics\/acords-pactes-i-convenis\/\">signat per CCOO<\/a>&nbsp;i UGT.<\/p>\n\n\n\n<p><strong>9 \u2013 Reclassificaci\u00f3 professional<\/strong><\/p>\n\n\n\n<p>Tot i el comprom\u00eds recollit en el 3r Acord respecte de l\u2019aplicaci\u00f3 immediata de les reclassificacions professionals quan siguin efectives, el 3r Acord no t\u00e9 compet\u00e8ncies, per exemple, en el seg\u00fcent:<\/p>\n\n\n\n<ul class=\"wp-block-list\">\n<li>Reconeixement del grup A1 d\u2019infermeria i resta de graus que actualment s\u00f3n al grup A2. Aix\u00f2 dep\u00e8n de l\u2019\u00e0mbit estatal, i perqu\u00e8 sigui una realitat necessitem un comprom\u00eds per part de l\u2019Estat per a l\u2019actualitzaci\u00f3 de la Llei 44\/2003, d\u2019ordenaci\u00f3 de les professions sanit\u00e0ries (LOPS), en qu\u00e8 les infermeres encara estan classificades com a diplomades. Cal adaptar els nivells en qu\u00e8 s\u2019estructuren les professions sanit\u00e0ries titulades en l\u2019aplicaci\u00f3 de l\u2019Espai Europeu d\u2019Educaci\u00f3 Superior, davant l\u2019extinta classificaci\u00f3 de llicenciats i diplomats. Avui tots s\u00f3n graduats.&nbsp;<a href=\"https:\/\/sanidad.ccoo.es\/websanidadpaisvalencia\/noticia:622310--Propuesta_sobre_cualificacion_y_clasificacion_profesional&amp;opc_id=99d8dae50ee5d204a531a72350471c99\">CCOO ha portat diverses propostes per a la reclassificaci\u00f3 corresponent<\/a>.<\/li>\n\n\n\n<li>Implantaci\u00f3 de la reclassificaci\u00f3 professional dels t\u00e8cnics i t\u00e8cniques de grau mitj\u00e0 (passarien del grup C2 al grup C1) i dels t\u00e8cnics i t\u00e8cniques de grau superior (passarien del grup C1 al grup B). Aquests casos ja estan recollits dins el marc de l<a href=\"https:\/\/www.boe.es\/diario_boe\/txt.php?id=BOE-A-2022-18961\">\u2019Acuerdo Marco para la Administraci\u00f3n del Siglo XXI<\/a>&nbsp;(enlla\u00e7 2), signat per CCOO i UGT. CCOO ha interposat&nbsp;<a href=\"https:\/\/sanidad.ccoo.es\/noticia:674994--La_FSS_CCOO_exige_al_Gobierno_la_inmediata_aplicacion_de_la_clasificacion_profesional_para_el_personal_del_SNS&amp;opc_id=9ae4b06529ef1900bf9906580b9635bd\">requeriment davant el Ministeri d\u2019Hisenda i Funci\u00f3 P\u00fablica estatal per a la seva implantaci\u00f3<\/a>.<\/li>\n<\/ul>\n\n\n\n<p><strong>10 \u2013 Altres temes que no pot preveure el 3r Acord:<\/strong><\/p>\n\n\n\n<ul class=\"wp-block-list\">\n<li>R\u00e0tios i contingents.<\/li>\n\n\n\n<li>C\u00e0rregues assistencials.<\/li>\n\n\n\n<li>Contractaci\u00f3 temporal.<\/li>\n\n\n\n<li>Avaluacions de la gesti\u00f3 de les direccions dels centres.<\/li>\n\n\n\n<li>\u00das de vehicles particulars per a la realitzaci\u00f3 de visites a domicilis.<\/li>\n\n\n\n<li>Etc.<\/li>\n<\/ul>\n\n\n\n<p><strong>El 3r Acord nom\u00e9s \u00e9s un punt de partida de les nostres reivindicacions. CCOO estem negociant totes les mat\u00e8ries excloses a les taules de negociaci\u00f3 en qu\u00e8 S\u00cd es tenen compet\u00e8ncies.<\/strong><\/p>\n\n\n\n<div data-wp-interactive=\"core\/file\" class=\"wp-block-file\"><object data-wp-bind--hidden=\"!state.hasPdfPreview\" hidden class=\"wp-block-file__embed\" data=\"https:\/\/ccoo.app\/ics\/wp-content\/blogs.dir\/6\/files\/sites\/200\/2024\/01\/info-3racord-ics-012024-1.pdf\" type=\"application\/pdf\" style=\"width:100%;height:600px\" aria-label=\"Incrustaci\u00f3 del fitxer info-3racord-ics-012024-1.\"><\/object><a id=\"wp-block-file--media-956b8b17-356c-44de-9f57-57c86a0350ba\" href=\"https:\/\/ccoo.app\/ics\/wp-content\/blogs.dir\/6\/files\/sites\/200\/2024\/01\/info-3racord-ics-012024-1.pdf\">info-3racord-ics-012024-1<\/a><a href=\"https:\/\/ccoo.app\/ics\/wp-content\/blogs.dir\/6\/files\/sites\/200\/2024\/01\/info-3racord-ics-012024-1.pdf\" class=\"wp-block-file__button wp-element-button\" download aria-describedby=\"wp-block-file--media-956b8b17-356c-44de-9f57-57c86a0350ba\">Baixa<\/a><\/div>\n\n\n\n<p><\/p>\n\n\n\n<figure class=\"wp-block-image\"><img decoding=\"async\" src=\"https:\/\/www.ccoo.cat\/wp-content\/uploads\/2024\/01\/ics_tercer_acord_1-819x1024.png\" alt=\"Ics Tercer Acord 1\" class=\"wp-image-145832\" \/><\/figure>\n\n\n\n<figure class=\"wp-block-image\"><img decoding=\"async\" src=\"https:\/\/www.ccoo.cat\/wp-content\/uploads\/2024\/01\/ics_tercer_acord_1-819x1024.png\" alt=\"Ics Tercer Acord 1\" class=\"wp-image-145832\" \/><\/figure>\n\n\n\n<figure class=\"wp-block-image\"><img decoding=\"async\" src=\"https:\/\/www.ccoo.cat\/wp-content\/uploads\/2024\/01\/ics_tercer_acord_2-819x1024.png\" alt=\"Ics Tercer Acord 2\" class=\"wp-image-145835\" \/><\/figure>\n\n\n\n<figure class=\"wp-block-image\"><img decoding=\"async\" src=\"https:\/\/www.ccoo.cat\/wp-content\/uploads\/2024\/01\/ics_tercer_acord_3-819x1024.png\" alt=\"Ics Tercer Acord 3\" class=\"wp-image-145833\" \/><\/figure>\n\n\n\n<figure class=\"wp-block-image\"><img decoding=\"async\" src=\"https:\/\/www.ccoo.cat\/wp-content\/uploads\/2024\/01\/ics_tercer_acord_4-819x1024.png\" alt=\"Ics Tercer Acord 4\" class=\"wp-image-145837\" \/><\/figure>\n\n\n\n<figure class=\"wp-block-image\"><img decoding=\"async\" src=\"https:\/\/www.ccoo.cat\/wp-content\/uploads\/2024\/01\/ics_tercer_acord_5-819x1024.png\" alt=\"Ics Tercer Acord 5\" class=\"wp-image-145842\" \/><\/figure>\n\n\n\n<figure class=\"wp-block-image\"><img decoding=\"async\" src=\"https:\/\/www.ccoo.cat\/wp-content\/uploads\/2024\/01\/ics_tercer_acord_6-819x1024.png\" alt=\"Ics Tercer Acord 6\" class=\"wp-image-145844\" \/><\/figure>\n\n\n\n<figure class=\"wp-block-image\"><img decoding=\"async\" src=\"https:\/\/www.ccoo.cat\/wp-content\/uploads\/2024\/01\/ics_tercer_acord_7-819x1024.png\" alt=\"Ics Tercer Acord 7\" class=\"wp-image-145845\" \/><\/figure>\n\n\n\n<figure class=\"wp-block-image\"><img decoding=\"async\" src=\"https:\/\/www.ccoo.cat\/wp-content\/uploads\/2024\/01\/ics_tercer_acord_8-819x1024.png\" alt=\"Ics Tercer Acord 8\" class=\"wp-image-145843\" \/><\/figure>\n\n\n\n<figure class=\"wp-block-image\"><img decoding=\"async\" src=\"https:\/\/www.ccoo.cat\/wp-content\/uploads\/2024\/01\/ics_tercer_acord_9-819x1024.png\" alt=\"Ics Tercer Acord 9\" class=\"wp-image-145846\" \/><\/figure>\n\n\n\n<figure class=\"wp-block-image\"><img decoding=\"async\" src=\"https:\/\/www.ccoo.cat\/wp-content\/uploads\/2024\/01\/ics_tercer_acord_10-819x1024.png\" alt=\"Ics Tercer Acord 10\" class=\"wp-image-145836\" \/><\/figure>\n\n\n\n<figure class=\"wp-block-image\"><img decoding=\"async\" src=\"https:\/\/www.ccoo.cat\/wp-content\/uploads\/2024\/01\/ics_tercer_acord_11-819x1024.png\" alt=\"Ics Tercer Acord 11\" class=\"wp-image-145838\" \/><\/figure>\n\n\n\n<figure class=\"wp-block-image\"><img decoding=\"async\" src=\"https:\/\/www.ccoo.cat\/wp-content\/uploads\/2024\/01\/ics_tercer_acord_12-819x1024.png\" alt=\"Ics Tercer Acord 12\" class=\"wp-image-145841\" \/><\/figure>\n\n\n\n<figure class=\"wp-block-image\"><img decoding=\"async\" src=\"https:\/\/www.ccoo.cat\/wp-content\/uploads\/2024\/01\/ics_tercer_acord_13-819x1024.png\" alt=\"Ics Tercer Acord 13\" class=\"wp-image-145839\" \/><\/figure>\n\n\n\n<figure class=\"wp-block-image\"><img decoding=\"async\" src=\"https:\/\/www.ccoo.cat\/wp-content\/uploads\/2024\/01\/ics_tercer_acord_14-819x1024.png\" alt=\"Ics Tercer Acord 14\" class=\"wp-image-145840\" \/><\/figure>\n\n\n\n<figure class=\"wp-block-image\"><img decoding=\"async\" src=\"https:\/\/www.ccoo.cat\/wp-content\/uploads\/2024\/01\/ics_tercer_acord_15-819x1024.png\" alt=\"Ics Tercer Acord 15\" class=\"wp-image-145834\" \/><\/figure>\n\n\n\n<p><a href=\"https:\/\/www.facebook.com\/sharer\/sharer.php?u=https%3A%2F%2Fwww.ccoo.cat%2Fsanitat%2Fnoticies%2Fel-3r-acord-de-lics-un-acord-necessari%2F\" target=\"_blank\" rel=\"noreferrer noopener\"><\/a>&nbsp;<a href=\"https:\/\/twitter.com\/intent\/tweet?text=El+3r+Acord+de+l%E2%80%99ICS%2C+un+acord+necessari&amp;url=https%3A%2F%2Fwww.ccoo.cat%2Fsanitat%2Fnoticies%2Fel-3r-acord-de-lics-un-acord-necessari%2F&amp;via=wplogout\" target=\"_blank\" rel=\"noreferrer noopener\"><\/a>&nbsp;<a href=\"https:\/\/api.whatsapp.com\/send?text=El+3r+Acord+de+l%E2%80%99ICS%2C+un+acord+necessari%20https%3A%2F%2Fwww.ccoo.cat%2Fsanitat%2Fnoticies%2Fel-3r-acord-de-lics-un-acord-necessari%2F\" target=\"_blank\" rel=\"noreferrer noopener\"><\/a>&nbsp;<a href=\"https:\/\/t.me\/share?url=https%3A%2F%2Fwww.ccoo.cat%2Fsanitat%2Fnoticies%2Fel-3r-acord-de-lics-un-acord-necessari%2F\" target=\"_blank\" rel=\"noreferrer noopener\"><\/a>&nbsp;<a href=\"https:\/\/www.linkedin.com\/shareArticle?url=https%3A%2F%2Fwww.ccoo.cat%2Fsanitat%2Fnoticies%2Fel-3r-acord-de-lics-un-acord-necessari%2F&amp;title=El+3r+Acord+de+l%E2%80%99ICS%2C+un+acord+necessari&amp;mini=true\" target=\"_blank\" rel=\"noreferrer noopener\"><\/a>&nbsp;<a href=\"mailto:?subject=El%203r%20Acord%20de%20l%E2%80%99ICS,%20un%20acord%20necessari%20-%20Sanitat&amp;body=https%3A%2F%2Fwww.ccoo.cat%2Fsanitat%2Fnoticies%2Fel-3r-acord-de-lics-un-acord-necessari%2F\" target=\"_blank\" rel=\"noreferrer noopener\"><\/a><\/p>\n\n\n\n<h2 class=\"wp-block-heading\">CONTACTE<\/h2>\n\n\n\n<p>Via Laietana, 16, 4a<br>08003<br>Barcelona<br>Tel.&nbsp;<a href=\"tel:934812845\">93 481 28 45<\/a><br><a href=\"mailto:fsanitat1@ccoo.cat\">fsanitat1@ccoo.cat<\/a><\/p>\n\n\n\n<h2 class=\"wp-block-heading\">XARXES SOCI<\/h2>\n","protected":false},"excerpt":{"rendered":"<p>El 3r Acord de l\u2019ICS millora les condicions laborals i retributives de totes les categories professionals que conformen l\u2019ICS, tant les sanit\u00e0ries com les de gesti\u00f3 i serveis (no sanit\u00e0ries), &#8230; <a title=\"El 3r Acord de l\u2019ICS, un acord necessari\" class=\"read-more\" href=\"https:\/\/ccoo.app\/ics\/noticies\/el-3r-acord-de-lics-un-acord-necessari\/\" aria-label=\"M\u00e9s informaci\u00f3 sobre El 3r Acord de l\u2019ICS, un acord necessari\">Read more<\/a><\/p>\n","protected":false},"author":4386,"featured_media":32190,"comment_status":"closed","ping_status":"closed","sticky":false,"template":"","format":"standard","meta":{"footnotes":""},"categories":[12,18,1],"tags":[],"area":[],"class_list":["post-32189","post","type-post","status-publish","format-standard","has-post-thumbnail","hentry","category-actualitat","category-normativa","category-noticies","generate-columns","tablet-grid-50","mobile-grid-100","grid-parent","grid-50"],"_links":{"self":[{"href":"https:\/\/ccoo.app\/ics\/wp-json\/wp\/v2\/posts\/32189","targetHints":{"allow":["GET"]}}],"collection":[{"href":"https:\/\/ccoo.app\/ics\/wp-json\/wp\/v2\/posts"}],"about":[{"href":"https:\/\/ccoo.app\/ics\/wp-json\/wp\/v2\/types\/post"}],"author":[{"embeddable":true,"href":"https:\/\/ccoo.app\/ics\/wp-json\/wp\/v2\/users\/4386"}],"replies":[{"embeddable":true,"href":"https:\/\/ccoo.app\/ics\/wp-json\/wp\/v2\/comments?post=32189"}],"version-history":[{"count":2,"href":"https:\/\/ccoo.app\/ics\/wp-json\/wp\/v2\/posts\/32189\/revisions"}],"predecessor-version":[{"id":32204,"href":"https:\/\/ccoo.app\/ics\/wp-json\/wp\/v2\/posts\/32189\/revisions\/32204"}],"wp:featuredmedia":[{"embeddable":true,"href":"https:\/\/ccoo.app\/ics\/wp-json\/wp\/v2\/media\/32190"}],"wp:attachment":[{"href":"https:\/\/ccoo.app\/ics\/wp-json\/wp\/v2\/media?parent=32189"}],"wp:term":[{"taxonomy":"category","embeddable":true,"href":"https:\/\/ccoo.app\/ics\/wp-json\/wp\/v2\/categories?post=32189"},{"taxonomy":"post_tag","embeddable":true,"href":"https:\/\/ccoo.app\/ics\/wp-json\/wp\/v2\/tags?post=32189"},{"taxonomy":"area","embeddable":true,"href":"https:\/\/ccoo.app\/ics\/wp-json\/wp\/v2\/area?post=32189"}],"curies":[{"name":"wp","href":"https:\/\/api.w.org\/{rel}","templated":true}]}}