{"id":32183,"date":"2023-11-22T19:38:07","date_gmt":"2023-11-22T18:38:07","guid":{"rendered":"https:\/\/ccoo.app\/ics\/?p=32183"},"modified":"2023-11-22T19:38:08","modified_gmt":"2023-11-22T18:38:08","slug":"ccoo-i-ugt-signem-el-iii-acord-de-les-condicions-de-treball-del-personal-estatutari-de-linstitut-catala-de-la-salut","status":"publish","type":"post","link":"https:\/\/ccoo.app\/ics\/noticies\/ccoo-i-ugt-signem-el-iii-acord-de-les-condicions-de-treball-del-personal-estatutari-de-linstitut-catala-de-la-salut\/","title":{"rendered":"CCOO i UGT signem el III Acord de les condicions de treball del personal estatutari de l\u2019Institut Catal\u00e0 de la Salut"},"content":{"rendered":"\n<p>Els sindicats UGT i CCOO de Catalunya, hem signat avui, 22 de novembre, el III Acord de les condicions de treball del personal estatutari de l\u2019ICS despr\u00e9s de quasi 17 anys de vig\u00e8ncia del II Acord, ja que valorem positivament les millores laborals i retributives de totes les categories professionals a qui representem.<\/p>\n\n\n\n<p>Despr\u00e9s de gaireb\u00e9 dos anys de negociacions, hem pogut arribar a acords en mat\u00e8ries transversals que afecten al conjunt de treballadors i treballadores del sector. Entre aquestes millores destaquem:&nbsp; una rebaixa de la jornada anual tant di\u00fcrna com nocturna, accessibilitat sense diferenciaci\u00f3 per motius de vinculaci\u00f3 contractual tant als sistemes de carrera professional com al cobrament d\u2019objectius, aix\u00ed com tamb\u00e9 increments retributius en els plusos de nocturnitat en dissabtes i diumenges.<\/p>\n\n\n\n<p>A banda d\u2019aix\u00f2, hi ha pujades salarials en diferents complements dels que la mesa sectorial en tenim la compet\u00e8ncia aix\u00ed com un comprom\u00eds de rebaixar la jornada que es dictamini en l\u2019\u00e0mbit de la Funci\u00f3 P\u00fablica i la requalificaci\u00f3 professional, que ser\u00e0 d\u2019aplicaci\u00f3 immediata quan s\u2019acordi en l\u2019\u00e0mbit estatal corresponent.<\/p>\n\n\n\n<p>L\u2019acord finalment ha estat signat tamb\u00e9 pels sindicats SATSE i Metges de Catalunya, presents igualment a la mesa sectorial de l\u2019ICS.<\/p>\n\n\n\n<p>El que ens pertoca ara \u00e9s continuar reivindicant millores i interpretacions favorables dins la comissi\u00f3 de seguiment de l\u2019esmentat Acord.<\/p>\n\n\n\n<p>Oficina de Premsa de CCOO de Catalunya<br>Barcelona, 22 de novembre de 2023<\/p>\n\n\n\n<div data-wp-interactive=\"core\/file\" class=\"wp-block-file\"><object data-wp-bind--hidden=\"!state.hasPdfPreview\" hidden class=\"wp-block-file__embed\" data=\"https:\/\/ccoo.app\/ics\/wp-content\/blogs.dir\/6\/files\/sites\/200\/2023\/11\/III-Acord-de-les-condicions-de-treball-del-personal-estatutari-de-lICS.pdf\" type=\"application\/pdf\" style=\"width:100%;height:730px\" aria-label=\"Incrustaci\u00f3 del fitxer III-Acord-de-les-condicions-de-treball-del-personal-estatutari-de-lICS.\"><\/object><a id=\"wp-block-file--media-a79e9249-9837-4545-8254-d243d9244a25\" href=\"https:\/\/ccoo.app\/ics\/wp-content\/blogs.dir\/6\/files\/sites\/200\/2023\/11\/III-Acord-de-les-condicions-de-treball-del-personal-estatutari-de-lICS.pdf\">III-Acord-de-les-condicions-de-treball-del-personal-estatutari-de-lICS<\/a><a href=\"https:\/\/ccoo.app\/ics\/wp-content\/blogs.dir\/6\/files\/sites\/200\/2023\/11\/III-Acord-de-les-condicions-de-treball-del-personal-estatutari-de-lICS.pdf\" class=\"wp-block-file__button wp-element-button\" download aria-describedby=\"wp-block-file--media-a79e9249-9837-4545-8254-d243d9244a25\">Baixa<\/a><\/div>\n","protected":false},"excerpt":{"rendered":"<p>Els sindicats UGT i CCOO de Catalunya, hem signat avui, 22 de novembre, el III Acord de les condicions de treball del personal estatutari de l\u2019ICS despr\u00e9s de quasi 17 &#8230; <a title=\"CCOO i UGT signem el III Acord de les condicions de treball del personal estatutari de l\u2019Institut Catal\u00e0 de la Salut\" class=\"read-more\" href=\"https:\/\/ccoo.app\/ics\/noticies\/ccoo-i-ugt-signem-el-iii-acord-de-les-condicions-de-treball-del-personal-estatutari-de-linstitut-catala-de-la-salut\/\" aria-label=\"M\u00e9s informaci\u00f3 sobre CCOO i UGT signem el III Acord de les condicions de treball del personal estatutari de l\u2019Institut Catal\u00e0 de la Salut\">Read more<\/a><\/p>\n","protected":false},"author":4386,"featured_media":32184,"comment_status":"closed","ping_status":"closed","sticky":false,"template":"","format":"standard","meta":{"footnotes":""},"categories":[12,1],"tags":[],"area":[],"class_list":["post-32183","post","type-post","status-publish","format-standard","has-post-thumbnail","hentry","category-actualitat","category-noticies","generate-columns","tablet-grid-50","mobile-grid-100","grid-parent","grid-50"],"_links":{"self":[{"href":"https:\/\/ccoo.app\/ics\/wp-json\/wp\/v2\/posts\/32183","targetHints":{"allow":["GET"]}}],"collection":[{"href":"https:\/\/ccoo.app\/ics\/wp-json\/wp\/v2\/posts"}],"about":[{"href":"https:\/\/ccoo.app\/ics\/wp-json\/wp\/v2\/types\/post"}],"author":[{"embeddable":true,"href":"https:\/\/ccoo.app\/ics\/wp-json\/wp\/v2\/users\/4386"}],"replies":[{"embeddable":true,"href":"https:\/\/ccoo.app\/ics\/wp-json\/wp\/v2\/comments?post=32183"}],"version-history":[{"count":1,"href":"https:\/\/ccoo.app\/ics\/wp-json\/wp\/v2\/posts\/32183\/revisions"}],"predecessor-version":[{"id":32187,"href":"https:\/\/ccoo.app\/ics\/wp-json\/wp\/v2\/posts\/32183\/revisions\/32187"}],"wp:featuredmedia":[{"embeddable":true,"href":"https:\/\/ccoo.app\/ics\/wp-json\/wp\/v2\/media\/32184"}],"wp:attachment":[{"href":"https:\/\/ccoo.app\/ics\/wp-json\/wp\/v2\/media?parent=32183"}],"wp:term":[{"taxonomy":"category","embeddable":true,"href":"https:\/\/ccoo.app\/ics\/wp-json\/wp\/v2\/categories?post=32183"},{"taxonomy":"post_tag","embeddable":true,"href":"https:\/\/ccoo.app\/ics\/wp-json\/wp\/v2\/tags?post=32183"},{"taxonomy":"area","embeddable":true,"href":"https:\/\/ccoo.app\/ics\/wp-json\/wp\/v2\/area?post=32183"}],"curies":[{"name":"wp","href":"https:\/\/api.w.org\/{rel}","templated":true}]}}