{"id":32180,"date":"2023-11-21T11:52:31","date_gmt":"2023-11-21T10:52:31","guid":{"rendered":"https:\/\/ccoo.app\/ics\/?p=32180"},"modified":"2023-11-21T11:52:33","modified_gmt":"2023-11-21T10:52:33","slug":"ccoo-i-ugt-demanen-a-la-vicepresidenta-4-i-ministra-dhisenda-funcio-publica-reprendre-lagenda-de-negociacions-al-mes-aviat-possible","status":"publish","type":"post","link":"https:\/\/ccoo.app\/ics\/noticies\/ccoo-i-ugt-demanen-a-la-vicepresidenta-4-i-ministra-dhisenda-funcio-publica-reprendre-lagenda-de-negociacions-al-mes-aviat-possible\/","title":{"rendered":"CCOO i UGT demanen a la Vicepresidenta 4\u00b0 i ministra d\u2019Hisenda Funci\u00f3 P\u00fablica reprendre l\u2019agenda de negociacions al m\u00e9s aviat possible"},"content":{"rendered":"\n<h2 class=\"wp-block-heading\">Tots dos sindicats exhorten a Montero a continuar treballant sobre la base dels compromisos adquirits en l&#8217;Acord marc per a una Administraci\u00f3 P\u00fablica del segle XXI, i que continua vigent fins a finals de 2024.<\/h2>\n\n\n\n<p>Les organitzacions sindicals han assenyalat que \u00e9s prioritari culminar i implementar les mesures que es recullen en l&#8217;Acord marc segle XXI. S&#8217;han d&#8217;abordar mat\u00e8ries pendents com la jubilaci\u00f3 parcial anticipada del personal funcionari; la classificaci\u00f3 professional i la definici\u00f3 del car\u00e0cter m\u00ednim dels permisos i dies addicionals de vacances. Aquestes millores van quedar arracades despr\u00e9s de l&#8217;avan\u00e7ament electoral i, una vegada nomenat el nou govern, no hi ha raons per a retardar la seva negociaci\u00f3 i aplicaci\u00f3.<\/p>\n\n\n\n<p>A m\u00e9s, s&#8217;ha insistit en la necessitat d&#8217;impulsar la plena aplicaci\u00f3 de la classificaci\u00f3 professional de l&#8217;article 76 del Text Ref\u00f3s de l&#8217;Estatut B\u00e0sic de l&#8217;Empleat p\u00fablic (TREBEP).<\/p>\n\n\n\n<p>En un altre ordre de coses, el Ministeri i les organitzacions sindicals signants continuen treballant sobre la base dels compromisos de l&#8217;Acord, per la qual cosa reclamen que s&#8217;implementi la jornada ordin\u00e0ria de 35 hores en l&#8217;Administraci\u00f3 General de l&#8217;Estat i la culminaci\u00f3 de la negociaci\u00f3 per a aprovar la Llei de Funci\u00f3 P\u00fablica, que va quedar en suspens despr\u00e9s de l&#8217;avan\u00e7ament electoral.<\/p>\n\n\n\n<p>La concreci\u00f3 d&#8217;aquestes mat\u00e8ries contribueix a millorar els drets i condicions de treball de les empleades i empleats p\u00fablics. Cont\u00ednua sent prioritari per a totes dues organitzacions el seguiment de la signatura de plans d&#8217;Igualtat en les diferents Administracions i el seu registre.<\/p>\n\n\n\n<p><\/p>\n","protected":false},"excerpt":{"rendered":"<p>Tots dos sindicats exhorten a Montero a continuar treballant sobre la base dels compromisos adquirits en l&#8217;Acord marc per a una Administraci\u00f3 P\u00fablica del segle XXI, i que continua vigent &#8230; <a title=\"CCOO i UGT demanen a la Vicepresidenta 4\u00b0 i ministra d\u2019Hisenda Funci\u00f3 P\u00fablica reprendre l\u2019agenda de negociacions al m\u00e9s aviat possible\" class=\"read-more\" href=\"https:\/\/ccoo.app\/ics\/noticies\/ccoo-i-ugt-demanen-a-la-vicepresidenta-4-i-ministra-dhisenda-funcio-publica-reprendre-lagenda-de-negociacions-al-mes-aviat-possible\/\" aria-label=\"M\u00e9s informaci\u00f3 sobre CCOO i UGT demanen a la Vicepresidenta 4\u00b0 i ministra d\u2019Hisenda Funci\u00f3 P\u00fablica reprendre l\u2019agenda de negociacions al m\u00e9s aviat possible\">Read more<\/a><\/p>\n","protected":false},"author":4386,"featured_media":32181,"comment_status":"closed","ping_status":"closed","sticky":false,"template":"","format":"standard","meta":{"footnotes":""},"categories":[13,12,1],"tags":[],"area":[],"class_list":["post-32180","post","type-post","status-publish","format-standard","has-post-thumbnail","hentry","category-accions-sindicals","category-actualitat","category-noticies","generate-columns","tablet-grid-50","mobile-grid-100","grid-parent","grid-50"],"_links":{"self":[{"href":"https:\/\/ccoo.app\/ics\/wp-json\/wp\/v2\/posts\/32180","targetHints":{"allow":["GET"]}}],"collection":[{"href":"https:\/\/ccoo.app\/ics\/wp-json\/wp\/v2\/posts"}],"about":[{"href":"https:\/\/ccoo.app\/ics\/wp-json\/wp\/v2\/types\/post"}],"author":[{"embeddable":true,"href":"https:\/\/ccoo.app\/ics\/wp-json\/wp\/v2\/users\/4386"}],"replies":[{"embeddable":true,"href":"https:\/\/ccoo.app\/ics\/wp-json\/wp\/v2\/comments?post=32180"}],"version-history":[{"count":1,"href":"https:\/\/ccoo.app\/ics\/wp-json\/wp\/v2\/posts\/32180\/revisions"}],"predecessor-version":[{"id":32182,"href":"https:\/\/ccoo.app\/ics\/wp-json\/wp\/v2\/posts\/32180\/revisions\/32182"}],"wp:featuredmedia":[{"embeddable":true,"href":"https:\/\/ccoo.app\/ics\/wp-json\/wp\/v2\/media\/32181"}],"wp:attachment":[{"href":"https:\/\/ccoo.app\/ics\/wp-json\/wp\/v2\/media?parent=32180"}],"wp:term":[{"taxonomy":"category","embeddable":true,"href":"https:\/\/ccoo.app\/ics\/wp-json\/wp\/v2\/categories?post=32180"},{"taxonomy":"post_tag","embeddable":true,"href":"https:\/\/ccoo.app\/ics\/wp-json\/wp\/v2\/tags?post=32180"},{"taxonomy":"area","embeddable":true,"href":"https:\/\/ccoo.app\/ics\/wp-json\/wp\/v2\/area?post=32180"}],"curies":[{"name":"wp","href":"https:\/\/api.w.org\/{rel}","templated":true}]}}