{"id":32171,"date":"2023-10-26T20:00:00","date_gmt":"2023-10-26T18:00:00","guid":{"rendered":"https:\/\/ccoo.app\/ics\/?p=32171"},"modified":"2023-11-03T18:41:51","modified_gmt":"2023-11-03T17:41:51","slug":"la-fss-ccoo-celebra-i-divulga-els-drets-i-principis-de-latencio-sanitaria-a-les-persones-intersex-recollits-en-la-llei-4-2023","status":"publish","type":"post","link":"https:\/\/ccoo.app\/ics\/noticies\/la-fss-ccoo-celebra-i-divulga-els-drets-i-principis-de-latencio-sanitaria-a-les-persones-intersex-recollits-en-la-llei-4-2023\/","title":{"rendered":"La FSS-CCOO celebra i divulga els drets i principis de l&#8217;atenci\u00f3 sanit\u00e0ria a les persones intersex* recollits en la Llei 4\/2023"},"content":{"rendered":"\n<h3 class=\"wp-block-heading\">Cada 26 d&#8217;octubre es commemora, a nivell internacional, el Dia de la Visibilitat <em>Intersex<\/em>. Enguany, coincideix amb el primer des de l&#8217;aprovaci\u00f3 de la Llei 4\/2023 per a la Igualtat real i efectiva de les persones trans i per a la garantia dels drets LGTBI (l&#8217;anomenada Llei Trans\/LGTBI) que va entrar en vigor des de l&#8217;endem\u00e0 de la seva publicaci\u00f3 en BOE d&#8217;1 de mar\u00e7 de 2023. Una Llei que recull en el seu articulat drets i principis b\u00e0sics relacionats amb l&#8217;atenci\u00f3 sanit\u00e0ria integral a les persones intersex*.<\/h3>\n\n\n\n<p>Des de la FSS-CCOO commemorem enguany el Dia de la Visibilitat Intersex* participant en la divulgaci\u00f3 del seu contingut amb car\u00e0cter pedag\u00f2gic i cap a la part professional dels sectors sanitaris i sociosanitaris perqu\u00e8 en prengueu coneixement i aplicaci\u00f3 en la nostra relaci\u00f3 directa i documental professional-persona usu\u00e0ria <em>intersex<\/em>.<\/p>\n\n\n\n<p>En aquest sentit, l&#8217;article 19 de la Llei 4\/2023, sobre aspectes relacionats amb l&#8217;atenci\u00f3 a la salut integral de les persones intersexuals recull que es realitzar\u00e0 conforme als principis de no patologitzaci\u00f3, autonomia, decisi\u00f3 i consentiment informats, no discriminaci\u00f3, assist\u00e8ncia integral, qualitat, especialitzaci\u00f3, proximitat i no segregaci\u00f3.<\/p>\n\n\n\n<p>Que s&#8217;assegurar\u00e0, en tot cas, el respecte de la seva intimitat i la confidencialitat sobre les seves caracter\u00edstiques f\u00edsiques, evitant les exploracions innecess\u00e0ries o la seva exposici\u00f3 sense un objectiu diagn\u00f2stic o terap\u00e8utic directament relacionat.<\/p>\n\n\n\n<p>A m\u00e9s, s&#8217;explicita que queden prohibides totes aquelles pr\u00e0ctiques de modificaci\u00f3 genital en persones menors de 12 anys, excepte en els casos en qu\u00e8 les indicacions m\u00e8diques exigeixin el contrari a fi de protegir la salut de la persona. Per a les persones menors entre 12 i 16 anys, nom\u00e9s es permetran aquestes pr\u00e0ctiques a sol\u00b7licitud de la persona menor sempre que, per la seva edat i maduresa, pugui consentir de manera informada a la realitzaci\u00f3 d&#8217;aquestes pr\u00e0ctiques.<\/p>\n\n\n\n<p>D&#8217;altra banda, les administracions p\u00fabliques impulsaran protocols d&#8217;actuaci\u00f3 en mat\u00e8ria d&#8217;intersexualitat que garanteixin, en la mesura que sigui possible, la participaci\u00f3 de les persones menors d&#8217;edat en el proc\u00e9s d&#8217;adopci\u00f3 de decisions, aix\u00ed com la prestaci\u00f3 d&#8217;assessorament i suport, incl\u00f2s el psicol\u00f2gic, a persones menors d&#8217;edat intersexuals i les seves fam\u00edlies.<\/p>\n\n\n\n<p>En particular, abans de l&#8217;inici de qualsevol tractament que pogu\u00e9s comprometre la seva capacitat reproductora, es garantir\u00e0 que les persones intersexuals comptin amb la possibilitat real i efectiva d&#8217;accedir a les t\u00e8cniques de congelaci\u00f3 de teixit gonadal i de c\u00e8l\u00b7lules reproductives per a la seva futura recuperaci\u00f3 en les mateixes condicions que la resta de persones usu\u00e0ries.<\/p>\n\n\n\n<p>Finalment les administracions p\u00fabliques, en l&#8217;\u00e0mbit de les seves compet\u00e8ncies, garantiran una formaci\u00f3 suficient, continuada i actualitzada del personal sanitari, que tingui en compte les necessitats espec\u00edfiques de les persones intersexuals.<\/p>\n","protected":false},"excerpt":{"rendered":"<p>Cada 26 d&#8217;octubre es commemora, a nivell internacional, el Dia de la Visibilitat Intersex. Enguany, coincideix amb el primer des de l&#8217;aprovaci\u00f3 de la Llei 4\/2023 per a la Igualtat &#8230; <a title=\"La FSS-CCOO celebra i divulga els drets i principis de l&#8217;atenci\u00f3 sanit\u00e0ria a les persones intersex* recollits en la Llei 4\/2023\" class=\"read-more\" href=\"https:\/\/ccoo.app\/ics\/noticies\/la-fss-ccoo-celebra-i-divulga-els-drets-i-principis-de-latencio-sanitaria-a-les-persones-intersex-recollits-en-la-llei-4-2023\/\" aria-label=\"M\u00e9s informaci\u00f3 sobre La FSS-CCOO celebra i divulga els drets i principis de l&#8217;atenci\u00f3 sanit\u00e0ria a les persones intersex* recollits en la Llei 4\/2023\">Read more<\/a><\/p>\n","protected":false},"author":4386,"featured_media":32172,"comment_status":"closed","ping_status":"closed","sticky":false,"template":"","format":"standard","meta":{"footnotes":""},"categories":[9,1],"tags":[],"area":[],"class_list":["post-32171","post","type-post","status-publish","format-standard","has-post-thumbnail","hentry","category-igualtat","category-noticies","generate-columns","tablet-grid-50","mobile-grid-100","grid-parent","grid-50"],"_links":{"self":[{"href":"https:\/\/ccoo.app\/ics\/wp-json\/wp\/v2\/posts\/32171","targetHints":{"allow":["GET"]}}],"collection":[{"href":"https:\/\/ccoo.app\/ics\/wp-json\/wp\/v2\/posts"}],"about":[{"href":"https:\/\/ccoo.app\/ics\/wp-json\/wp\/v2\/types\/post"}],"author":[{"embeddable":true,"href":"https:\/\/ccoo.app\/ics\/wp-json\/wp\/v2\/users\/4386"}],"replies":[{"embeddable":true,"href":"https:\/\/ccoo.app\/ics\/wp-json\/wp\/v2\/comments?post=32171"}],"version-history":[{"count":1,"href":"https:\/\/ccoo.app\/ics\/wp-json\/wp\/v2\/posts\/32171\/revisions"}],"predecessor-version":[{"id":32173,"href":"https:\/\/ccoo.app\/ics\/wp-json\/wp\/v2\/posts\/32171\/revisions\/32173"}],"wp:featuredmedia":[{"embeddable":true,"href":"https:\/\/ccoo.app\/ics\/wp-json\/wp\/v2\/media\/32172"}],"wp:attachment":[{"href":"https:\/\/ccoo.app\/ics\/wp-json\/wp\/v2\/media?parent=32171"}],"wp:term":[{"taxonomy":"category","embeddable":true,"href":"https:\/\/ccoo.app\/ics\/wp-json\/wp\/v2\/categories?post=32171"},{"taxonomy":"post_tag","embeddable":true,"href":"https:\/\/ccoo.app\/ics\/wp-json\/wp\/v2\/tags?post=32171"},{"taxonomy":"area","embeddable":true,"href":"https:\/\/ccoo.app\/ics\/wp-json\/wp\/v2\/area?post=32171"}],"curies":[{"name":"wp","href":"https:\/\/api.w.org\/{rel}","templated":true}]}}