{"id":32162,"date":"2023-11-03T15:00:00","date_gmt":"2023-11-03T14:00:00","guid":{"rendered":"https:\/\/ccoo.app\/ics\/?p=32162"},"modified":"2023-11-03T22:08:29","modified_gmt":"2023-11-03T21:08:29","slug":"publicada-convocatoria-prova-oral-de-catala","status":"publish","type":"post","link":"https:\/\/ccoo.app\/ics\/noticies\/publicada-convocatoria-prova-oral-de-catala\/","title":{"rendered":"Publicada convocat\u00f2ria prova oral de catal\u00e0, proc\u00e9s d&#8217;estabilitzaci\u00f3"},"content":{"rendered":"\n<h3 class=\"wp-block-heading\">Anunci pel qual es dona publicitat del lloc, dels dies i dels horaris de realitzaci\u00f3 de la part oral de la prova de coneixements de llengua catalana, corresponents a la fase d\u2019oposici\u00f3  la convocat\u00f2ria amb codi d\u2019identificaci\u00f3 100, proc\u00e9s d&#8217;establitzaci\u00f3.<br><\/h3>\n\n\n\n<blockquote class=\"wp-block-quote is-layout-flow wp-block-quote-is-layout-flow\">\n<p>Lloc: Centre Corporatiu de l\u2019Institut Catal\u00e0 de la Salut<br>Gran Via de les Corts Catalanes, 587<br>08007 Barcelona<\/p>\n<\/blockquote>\n\n\n\n<p>Nom\u00e9s podran  realitzar la prova de coneixements de llengua catalana aquelles persones que van fer la part escrita de coneixements el passat dia 30 de setembre de 2023.<br>Les persones convocades <strong>NOM\u00c9S <\/strong>podran realitzar la prova oral el dia i a l\u2019hora en qu\u00e8 han estat convocades. <a href=\"\/Users\/Usuario\/Downloads\/Dilig%C3%A8ncia_prova%20oral%20catal%C3%A0_conv.100_3.11.2023.sig.pdf\" data-type=\"link\" data-id=\"file:\/\/\/C:\/Users\/Usuario\/Downloads\/Dilig%C3%A8ncia_prova%20oral%20catal%C3%A0_conv.100_3.11.2023.sig.pdf\" target=\"_blank\" rel=\"noreferrer noopener\"><strong>Cada aspirant t\u00e9 una hora diferent<\/strong>, que podr\u00e0 consultar a l&#8217;annex de la dilig\u00e8ncia<\/a>.<br>Les persones convocades que no es presentin quedaran excloses de la convocat\u00f2ria a tots els efectes.<br>Les persones convocades hauran de portar obligat\u00f2riament el DNI o el passaport o el perm\u00eds de conduir (en format original), per a la realitzaci\u00f3 de la prova.<\/p>\n\n\n\n<div data-wp-interactive=\"core\/file\" class=\"wp-block-file\"><object data-wp-bind--hidden=\"!state.hasPdfPreview\" hidden class=\"wp-block-file__embed\" data=\"https:\/\/ccoo.app\/ics\/wp-content\/blogs.dir\/6\/files\/sites\/200\/2023\/11\/Diligencia-prova-oral-de-catala-C-100.pdf\" type=\"application\/pdf\" style=\"width:100%;height:710px\" aria-label=\"Incrustaci\u00f3 del fitxer Diligencia-prova-oral-de-catala-C-100.\"><\/object><a id=\"wp-block-file--media-a2f87c54-80d1-4b01-bf3f-b62c992d2567\" href=\"https:\/\/ccoo.app\/ics\/wp-content\/blogs.dir\/6\/files\/sites\/200\/2023\/11\/Diligencia-prova-oral-de-catala-C-100.pdf\">Diligencia-prova-oral-de-catala-C-100<\/a><a href=\"https:\/\/ccoo.app\/ics\/wp-content\/blogs.dir\/6\/files\/sites\/200\/2023\/11\/Diligencia-prova-oral-de-catala-C-100.pdf\" class=\"wp-block-file__button wp-element-button\" download aria-describedby=\"wp-block-file--media-a2f87c54-80d1-4b01-bf3f-b62c992d2567\">Baixa<\/a><\/div>\n","protected":false},"excerpt":{"rendered":"<p>Anunci pel qual es dona publicitat del lloc, dels dies i dels horaris de realitzaci\u00f3 de la part oral de la prova de coneixements de llengua catalana, corresponents a la &#8230; <a title=\"Publicada convocat\u00f2ria prova oral de catal\u00e0, proc\u00e9s d&#8217;estabilitzaci\u00f3\" class=\"read-more\" href=\"https:\/\/ccoo.app\/ics\/noticies\/publicada-convocatoria-prova-oral-de-catala\/\" aria-label=\"M\u00e9s informaci\u00f3 sobre Publicada convocat\u00f2ria prova oral de catal\u00e0, proc\u00e9s d&#8217;estabilitzaci\u00f3\">Read more<\/a><\/p>\n","protected":false},"author":4386,"featured_media":32177,"comment_status":"closed","ping_status":"closed","sticky":false,"template":"","format":"standard","meta":{"footnotes":""},"categories":[6,1],"tags":[],"area":[],"class_list":["post-32162","post","type-post","status-publish","format-standard","has-post-thumbnail","hentry","category-convocatories","category-noticies","generate-columns","tablet-grid-50","mobile-grid-100","grid-parent","grid-50"],"_links":{"self":[{"href":"https:\/\/ccoo.app\/ics\/wp-json\/wp\/v2\/posts\/32162","targetHints":{"allow":["GET"]}}],"collection":[{"href":"https:\/\/ccoo.app\/ics\/wp-json\/wp\/v2\/posts"}],"about":[{"href":"https:\/\/ccoo.app\/ics\/wp-json\/wp\/v2\/types\/post"}],"author":[{"embeddable":true,"href":"https:\/\/ccoo.app\/ics\/wp-json\/wp\/v2\/users\/4386"}],"replies":[{"embeddable":true,"href":"https:\/\/ccoo.app\/ics\/wp-json\/wp\/v2\/comments?post=32162"}],"version-history":[{"count":4,"href":"https:\/\/ccoo.app\/ics\/wp-json\/wp\/v2\/posts\/32162\/revisions"}],"predecessor-version":[{"id":32169,"href":"https:\/\/ccoo.app\/ics\/wp-json\/wp\/v2\/posts\/32162\/revisions\/32169"}],"wp:featuredmedia":[{"embeddable":true,"href":"https:\/\/ccoo.app\/ics\/wp-json\/wp\/v2\/media\/32177"}],"wp:attachment":[{"href":"https:\/\/ccoo.app\/ics\/wp-json\/wp\/v2\/media?parent=32162"}],"wp:term":[{"taxonomy":"category","embeddable":true,"href":"https:\/\/ccoo.app\/ics\/wp-json\/wp\/v2\/categories?post=32162"},{"taxonomy":"post_tag","embeddable":true,"href":"https:\/\/ccoo.app\/ics\/wp-json\/wp\/v2\/tags?post=32162"},{"taxonomy":"area","embeddable":true,"href":"https:\/\/ccoo.app\/ics\/wp-json\/wp\/v2\/area?post=32162"}],"curies":[{"name":"wp","href":"https:\/\/api.w.org\/{rel}","templated":true}]}}