{"id":32157,"date":"2023-11-02T20:00:00","date_gmt":"2023-11-02T19:00:00","guid":{"rendered":"https:\/\/ccoo.app\/ics\/?p=32157"},"modified":"2023-11-03T17:01:59","modified_gmt":"2023-11-03T16:01:59","slug":"nota-informativa-sobre-lacreditacio-de-la-capacitat-funcional-dels-675-nomenaments-estatutaris-fixs","status":"publish","type":"post","link":"https:\/\/ccoo.app\/ics\/noticies\/nota-informativa-sobre-lacreditacio-de-la-capacitat-funcional-dels-675-nomenaments-estatutaris-fixs\/","title":{"rendered":"Nota informativa sobre l&#8217;acreditaci\u00f3 de la capacitat funcional, dels 675 nomenaments estatutaris fixs"},"content":{"rendered":"\n<p>S\u2019informa a totes les persones que han estat <a href=\"https:\/\/ccoo.app\/ics\/noticies\/publicada-resolucio-del-gerent-de-lics-que-nomenara-a-1188-professionals-com-a-personal-estatutari-fix\/\" data-type=\"link\" data-id=\"https:\/\/ccoo.app\/ics\/noticies\/publicada-resolucio-del-gerent-de-lics-que-nomenara-a-1188-professionals-com-a-personal-estatutari-fix\/\">nomenades com a personal estatutari fix<\/a> i consten als annex1 i 2 de la <a href=\"https:\/\/dogc.gencat.cat\/ca\/document-del-dogc\/?documentId=971071\" data-type=\"link\" data-id=\"https:\/\/dogc.gencat.cat\/ca\/document-del-dogc\/?documentId=971071\">Resoluci\u00f3 SLT\/3622\/2023, de 25 d&#8217;octubre<\/a>,  que se&#8217;ls facilita per totes les persones nomenades l&#8217;enlla\u00e7 i codi QR que dona acc\u00e9s al q\u00fcestionari per fer el tr\u00e0mit corresponent a la indicada acreditaci\u00f3 de la capacitat fucional : <a href=\"https:\/\/wsm.ics.gencat.cat\/questionarivaloracio\/\">https:\/\/wsm.ics.gencat.cat\/questionarivaloracio\/<\/a><\/p>\n\n\n\n<div data-wp-interactive=\"core\/file\" class=\"wp-block-file\"><object data-wp-bind--hidden=\"!state.hasPdfPreview\" hidden class=\"wp-block-file__embed\" data=\"https:\/\/ccoo.app\/ics\/wp-content\/blogs.dir\/6\/files\/sites\/200\/2023\/11\/NOTA-INFORMATIVA-ENLLAC-CAPACITAT-FUNCIONAL-2.11.2023-1.pdf\" type=\"application\/pdf\" style=\"width:100%;height:600px\" aria-label=\"Incrustaci\u00f3 del fitxer NOTA-INFORMATIVA-ENLLAC-CAPACITAT-FUNCIONAL-2.11.2023-1.\"><\/object><a id=\"wp-block-file--media-c0b44a41-734c-4138-ac9a-75a75b32d1a5\" href=\"https:\/\/ccoo.app\/ics\/wp-content\/blogs.dir\/6\/files\/sites\/200\/2023\/11\/NOTA-INFORMATIVA-ENLLAC-CAPACITAT-FUNCIONAL-2.11.2023-1.pdf\">NOTA-INFORMATIVA-ENLLAC-CAPACITAT-FUNCIONAL-2.11.2023-1<\/a><a href=\"https:\/\/ccoo.app\/ics\/wp-content\/blogs.dir\/6\/files\/sites\/200\/2023\/11\/NOTA-INFORMATIVA-ENLLAC-CAPACITAT-FUNCIONAL-2.11.2023-1.pdf\" class=\"wp-block-file__button wp-element-button\" download aria-describedby=\"wp-block-file--media-c0b44a41-734c-4138-ac9a-75a75b32d1a5\">Baixa<\/a><\/div>\n\n\n\n<div class=\"wp-block-group\"><div class=\"wp-block-group__inner-container is-layout-constrained wp-block-group-is-layout-constrained\"><\/div><\/div>\n","protected":false},"excerpt":{"rendered":"<p>S\u2019informa a totes les persones que han estat nomenades com a personal estatutari fix i consten als annex1 i 2 de la Resoluci\u00f3 SLT\/3622\/2023, de 25 d&#8217;octubre, que se&#8217;ls facilita &#8230; <a title=\"Nota informativa sobre l&#8217;acreditaci\u00f3 de la capacitat funcional, dels 675 nomenaments estatutaris fixs\" class=\"read-more\" href=\"https:\/\/ccoo.app\/ics\/noticies\/nota-informativa-sobre-lacreditacio-de-la-capacitat-funcional-dels-675-nomenaments-estatutaris-fixs\/\" aria-label=\"M\u00e9s informaci\u00f3 sobre Nota informativa sobre l&#8217;acreditaci\u00f3 de la capacitat funcional, dels 675 nomenaments estatutaris fixs\">Read more<\/a><\/p>\n","protected":false},"author":4386,"featured_media":32160,"comment_status":"closed","ping_status":"closed","sticky":false,"template":"","format":"standard","meta":{"footnotes":""},"categories":[6,1],"tags":[],"area":[],"class_list":["post-32157","post","type-post","status-publish","format-standard","has-post-thumbnail","hentry","category-convocatories","category-noticies","generate-columns","tablet-grid-50","mobile-grid-100","grid-parent","grid-50"],"_links":{"self":[{"href":"https:\/\/ccoo.app\/ics\/wp-json\/wp\/v2\/posts\/32157","targetHints":{"allow":["GET"]}}],"collection":[{"href":"https:\/\/ccoo.app\/ics\/wp-json\/wp\/v2\/posts"}],"about":[{"href":"https:\/\/ccoo.app\/ics\/wp-json\/wp\/v2\/types\/post"}],"author":[{"embeddable":true,"href":"https:\/\/ccoo.app\/ics\/wp-json\/wp\/v2\/users\/4386"}],"replies":[{"embeddable":true,"href":"https:\/\/ccoo.app\/ics\/wp-json\/wp\/v2\/comments?post=32157"}],"version-history":[{"count":2,"href":"https:\/\/ccoo.app\/ics\/wp-json\/wp\/v2\/posts\/32157\/revisions"}],"predecessor-version":[{"id":32161,"href":"https:\/\/ccoo.app\/ics\/wp-json\/wp\/v2\/posts\/32157\/revisions\/32161"}],"wp:featuredmedia":[{"embeddable":true,"href":"https:\/\/ccoo.app\/ics\/wp-json\/wp\/v2\/media\/32160"}],"wp:attachment":[{"href":"https:\/\/ccoo.app\/ics\/wp-json\/wp\/v2\/media?parent=32157"}],"wp:term":[{"taxonomy":"category","embeddable":true,"href":"https:\/\/ccoo.app\/ics\/wp-json\/wp\/v2\/categories?post=32157"},{"taxonomy":"post_tag","embeddable":true,"href":"https:\/\/ccoo.app\/ics\/wp-json\/wp\/v2\/tags?post=32157"},{"taxonomy":"area","embeddable":true,"href":"https:\/\/ccoo.app\/ics\/wp-json\/wp\/v2\/area?post=32157"}],"curies":[{"name":"wp","href":"https:\/\/api.w.org\/{rel}","templated":true}]}}