{"id":32149,"date":"2023-10-16T22:00:03","date_gmt":"2023-10-16T20:00:03","guid":{"rendered":"https:\/\/ccoo.app\/ics\/?p=32149"},"modified":"2023-11-01T22:01:28","modified_gmt":"2023-11-01T21:01:28","slug":"la-fss-ccoo-exigeix-al-govern-la-immediata-aplicacio-de-la-classificacio-professional-per-al-personal-del-sns","status":"publish","type":"post","link":"https:\/\/ccoo.app\/ics\/noticies\/la-fss-ccoo-exigeix-al-govern-la-immediata-aplicacio-de-la-classificacio-professional-per-al-personal-del-sns\/","title":{"rendered":"La FSS-CCOO exigeix al Govern la immediata aplicaci\u00f3 de la classificaci\u00f3 professional per al personal del SNS"},"content":{"rendered":"\n<h4 class=\"wp-block-heading\">La Federaci\u00f3 de Sanitat i Sectors Sociosanitaris de CCOO (FSS-CCOO) ha presentat avui, 16 d\u2019octubre de 2023, sengles requeriments al Ministeri d\u2019Hisenda i Funci\u00f3 P\u00fablica, i al Ministeri de Sanitat, a fi que adoptin mesures oportunes per a la immediata aplicaci\u00f3 del que s\u2019estableix en mat\u00e8ria de classificaci\u00f3 professional en l\u2019article 76 del TREBEP, donant aix\u00ed compliment al recollit en l\u2019Acord marc per a una Administraci\u00f3 del Segle XXI.<\/h4>\n\n\n\n<p>L\u2019Acord subscrit entre el Ministeri d\u2019Hisenda i Funci\u00f3 P\u00fablica i CCOO, el 19 d\u2019octubre de 2022, recollia de manera expressa la plena aplicaci\u00f3 de la classificaci\u00f3 professional del personal al servei de les Administracions P\u00fabliques previst en l\u2019article 76 del TREBEP.<\/p>\n\n\n\n<p>CCOO considera que, tal com s\u2019estableix en l\u2019Acord, la disposici\u00f3 transit\u00f2ria tercera del TREBEP ha de considerar-se culminada, i, per tant, concl\u00f2s el proc\u00e9s d\u2019implantaci\u00f3 de les noves titulacions, que estableix el Marc Espanyol de Qualificacions per a l\u2019Educaci\u00f3 Superior (BRESSOLES), en els procediments d\u2019acc\u00e9s a les Administracions P\u00fabliques.<\/p>\n\n\n\n<p><strong>Professionals del SNS<\/strong><\/p>\n\n\n\n<p>El requeriment de CCOO es produeix obligat per les demores injustificables que s\u2019estan produint per a donar compliment a l\u2019apartat quart del citat Acord, sobre aplicaci\u00f3 de la classificaci\u00f3 segons l\u2019Art. 76 del TREBEP, sobretot perqu\u00e8 en el&nbsp;<strong>personal estatutari del Sistema Nacional de Salut no \u00e9s necessari realitzar cap desenvolupament normatiu, ni de car\u00e0cter reglamentari<\/strong>, ja que nom\u00e9s poden prestar serveis en els diferents Serveis de Salut aquells que acreditin estar en possessi\u00f3 de la titulaci\u00f3 acad\u00e8mica habilitant per a la professi\u00f3 a exercir .<\/p>\n\n\n\n<p>Aix\u00ed mateix, aquest sindicat ent\u00e9n que en l\u2019\u00e0mbit del personal estatutari al servei del SNS, aquesta reclassificaci\u00f3 afectar\u00e0 a totes i tots els professionals sanitaris als quals se\u2019ls exigeix la Titulaci\u00f3 Acad\u00e8mica T\u00e8cnic de grau mitj\u00e0, que avui dia segueixen adscrits al grup de classificaci\u00f3 C2, en lloc del C1, i al personal al qual se li exigeix estar en possessi\u00f3 del t\u00edtol de T\u00e8cnic Superior, el qual continua estant adscrit al grup de classificaci\u00f3 C1 en lloc del grup B, que \u00e9s el que en dret li correspon.<\/p>\n\n\n\n<div data-wp-interactive=\"core\/file\" class=\"wp-block-file\"><object data-wp-bind--hidden=\"!state.hasPdfPreview\" hidden class=\"wp-block-file__embed\" data=\"https:\/\/ccoo.app\/ics\/wp-content\/blogs.dir\/6\/files\/sites\/200\/2023\/11\/cartel-para-la-clasificacion-profesional-para-el-personal-del-sns.pdf\" type=\"application\/pdf\" style=\"width:100%;height:600px\" aria-label=\"Incrustaci\u00f3 del fitxer cartel-para-la-clasificacion-profesional-para-el-personal-del-sns.\"><\/object><a id=\"wp-block-file--media-e7d80b22-f53c-4390-a4eb-5de75ff71f0b\" href=\"https:\/\/ccoo.app\/ics\/wp-content\/blogs.dir\/6\/files\/sites\/200\/2023\/11\/cartel-para-la-clasificacion-profesional-para-el-personal-del-sns.pdf\">cartel-para-la-clasificacion-profesional-para-el-personal-del-sns<\/a><a href=\"https:\/\/ccoo.app\/ics\/wp-content\/blogs.dir\/6\/files\/sites\/200\/2023\/11\/cartel-para-la-clasificacion-profesional-para-el-personal-del-sns.pdf\" class=\"wp-block-file__button wp-element-button\" download aria-describedby=\"wp-block-file--media-e7d80b22-f53c-4390-a4eb-5de75ff71f0b\">Baixa<\/a><\/div>\n","protected":false},"excerpt":{"rendered":"<p>La Federaci\u00f3 de Sanitat i Sectors Sociosanitaris de CCOO (FSS-CCOO) ha presentat avui, 16 d\u2019octubre de 2023, sengles requeriments al Ministeri d\u2019Hisenda i Funci\u00f3 P\u00fablica, i al Ministeri de Sanitat, &#8230; <a title=\"La FSS-CCOO exigeix al Govern la immediata aplicaci\u00f3 de la classificaci\u00f3 professional per al personal del SNS\" class=\"read-more\" href=\"https:\/\/ccoo.app\/ics\/noticies\/la-fss-ccoo-exigeix-al-govern-la-immediata-aplicacio-de-la-classificacio-professional-per-al-personal-del-sns\/\" aria-label=\"M\u00e9s informaci\u00f3 sobre La FSS-CCOO exigeix al Govern la immediata aplicaci\u00f3 de la classificaci\u00f3 professional per al personal del SNS\">Read more<\/a><\/p>\n","protected":false},"author":4386,"featured_media":32151,"comment_status":"closed","ping_status":"closed","sticky":false,"template":"","format":"standard","meta":{"footnotes":""},"categories":[13,1],"tags":[],"area":[],"class_list":["post-32149","post","type-post","status-publish","format-standard","has-post-thumbnail","hentry","category-accions-sindicals","category-noticies","generate-columns","tablet-grid-50","mobile-grid-100","grid-parent","grid-50"],"_links":{"self":[{"href":"https:\/\/ccoo.app\/ics\/wp-json\/wp\/v2\/posts\/32149","targetHints":{"allow":["GET"]}}],"collection":[{"href":"https:\/\/ccoo.app\/ics\/wp-json\/wp\/v2\/posts"}],"about":[{"href":"https:\/\/ccoo.app\/ics\/wp-json\/wp\/v2\/types\/post"}],"author":[{"embeddable":true,"href":"https:\/\/ccoo.app\/ics\/wp-json\/wp\/v2\/users\/4386"}],"replies":[{"embeddable":true,"href":"https:\/\/ccoo.app\/ics\/wp-json\/wp\/v2\/comments?post=32149"}],"version-history":[{"count":1,"href":"https:\/\/ccoo.app\/ics\/wp-json\/wp\/v2\/posts\/32149\/revisions"}],"predecessor-version":[{"id":32152,"href":"https:\/\/ccoo.app\/ics\/wp-json\/wp\/v2\/posts\/32149\/revisions\/32152"}],"wp:featuredmedia":[{"embeddable":true,"href":"https:\/\/ccoo.app\/ics\/wp-json\/wp\/v2\/media\/32151"}],"wp:attachment":[{"href":"https:\/\/ccoo.app\/ics\/wp-json\/wp\/v2\/media?parent=32149"}],"wp:term":[{"taxonomy":"category","embeddable":true,"href":"https:\/\/ccoo.app\/ics\/wp-json\/wp\/v2\/categories?post=32149"},{"taxonomy":"post_tag","embeddable":true,"href":"https:\/\/ccoo.app\/ics\/wp-json\/wp\/v2\/tags?post=32149"},{"taxonomy":"area","embeddable":true,"href":"https:\/\/ccoo.app\/ics\/wp-json\/wp\/v2\/area?post=32149"}],"curies":[{"name":"wp","href":"https:\/\/api.w.org\/{rel}","templated":true}]}}