{"id":32146,"date":"2023-10-20T08:00:00","date_gmt":"2023-10-20T06:00:00","guid":{"rendered":"https:\/\/ccoo.app\/ics\/?p=32146"},"modified":"2023-11-01T21:56:56","modified_gmt":"2023-11-01T20:56:56","slug":"des-de-ccoo-valorem-positivament-la-cotitzacio-de-les-jornades-parcials-com-a-completes-i-instem-ladministracio-perque-els-informes-de-vida-laboral-ho-reflecteixin-correctament","status":"publish","type":"post","link":"https:\/\/ccoo.app\/ics\/noticies\/des-de-ccoo-valorem-positivament-la-cotitzacio-de-les-jornades-parcials-com-a-completes-i-instem-ladministracio-perque-els-informes-de-vida-laboral-ho-reflecteixin-correctament\/","title":{"rendered":"Des de CCOO valorem positivament la cotitzaci\u00f3 de les jornades parcials com a completes, i instem l\u2019Administraci\u00f3 perqu\u00e8 els informes de vida laboral ho reflecteixin correctament"},"content":{"rendered":"\n<p>El passat 1 d&#8217;octubre va entrar en vigor una modificaci\u00f3 de la Llei de Seguretat Social, concretament l\u2019article 247 del Reial decret llei 2\/2023, de 16 de mar\u00e7, que millora la carrera de cotitzacions de treballadores i treballadors amb contractes parcials. Aquest article regula les jornades treballades a temps parcial que es reconeixeran com a dies complets cotitzats. Aix\u00ed, cada dia de treball d\u2019una persona que tingui un contracte a temps parcial comptar\u00e0 com un dia complet per a la Seguretat Social a efectes de cotitzaci\u00f3, i tindr\u00e0 efectes retroactius a tota la vida laboral.<\/p>\n\n\n\n<p>Des de CCOO celebrem aquesta modificaci\u00f3 a la norma, perqu\u00e8 fa que millorin els per\u00edodes de cotitzaci\u00f3 necessaris per causar el dret d&#8217;acc\u00e9s a les prestacions de jubilaci\u00f3, incapacitat permanent, mort i superviv\u00e8ncia, incapacitat temporal i naixement i de cura d\u2019infants, i&nbsp; que es tinguin&nbsp; en compte els diferents per\u00edodes durant els quals el treballador o treballdora hagi estat donat d\u2019alta amb un contracte a temps parcial, sigui quina sigui la durada de la jornada realitzada en cadascun.<\/p>\n\n\n\n<p>Cal destacar que aquest canvi legislatiu millora la carrera de cotitzacions a m\u00e9s de 2 milions de treballadors i treballadores de tot l\u2019Estat, dels quals el 67 % s\u00f3n dones, les quals, de manera sistem\u00e0tica, pateixen la precarietat fruit de la parcialitat no desitjada; aix\u00ed ho constata l&#8217;Informe del Mercat de Treball de les Dones del Ministeri de Treball i Economia Social.<\/p>\n\n\n\n<p>Hem de recordar que l&#8217;informe de vida laboral, quant als treballs a temps parcial, continua fent-se amb els par\u00e0metres de la legislaci\u00f3 ja superada. Aix\u00ed, la informaci\u00f3 dels per\u00edodes cotitzats a jornada parcial apareixen \u201cconvertits\u201d en el seu equivalent a jornades completes, donant lloc a una infraestimaci\u00f3 de per\u00edode cotitzat.<\/p>\n\n\n\n<p>Per exemple, una persona que hagi cotitzat durant quaranta anys sempre a mitja jornada veur\u00e0 al seu informe de vida laboral que nom\u00e9s consten vint anys cotitzats, encara que l&#8217;INSS des de fa anys ja calcula les prestacions considerant la totalitat de quaranta anys en alta.<\/p>\n\n\n\n<p>Per aix\u00f2, des de CCOO fem una crida als instruments d&#8217;informaci\u00f3 administrativa que la Seguretat Social ofereix als treballadors i treballadors, de tal manera que l\u2019informe de vida laboral que serveix als treballadors i treballadores per orientar les seves possibles decisions en relaci\u00f3 amb la possibilitat d&#8217;acc\u00e9s a la jubilaci\u00f3 sigui un document entenedor i adaptat a la normativa vigent.<\/p>\n","protected":false},"excerpt":{"rendered":"<p>El passat 1 d&#8217;octubre va entrar en vigor una modificaci\u00f3 de la Llei de Seguretat Social, concretament l\u2019article 247 del Reial decret llei 2\/2023, de 16 de mar\u00e7, que millora &#8230; <a title=\"Des de CCOO valorem positivament la cotitzaci\u00f3 de les jornades parcials com a completes, i instem l\u2019Administraci\u00f3 perqu\u00e8 els informes de vida laboral ho reflecteixin correctament\" class=\"read-more\" href=\"https:\/\/ccoo.app\/ics\/noticies\/des-de-ccoo-valorem-positivament-la-cotitzacio-de-les-jornades-parcials-com-a-completes-i-instem-ladministracio-perque-els-informes-de-vida-laboral-ho-reflecteixin-correctament\/\" aria-label=\"M\u00e9s informaci\u00f3 sobre Des de CCOO valorem positivament la cotitzaci\u00f3 de les jornades parcials com a completes, i instem l\u2019Administraci\u00f3 perqu\u00e8 els informes de vida laboral ho reflecteixin correctament\">Read more<\/a><\/p>\n","protected":false},"author":4386,"featured_media":32147,"comment_status":"closed","ping_status":"closed","sticky":false,"template":"","format":"standard","meta":{"footnotes":""},"categories":[12,1],"tags":[],"area":[],"class_list":["post-32146","post","type-post","status-publish","format-standard","has-post-thumbnail","hentry","category-actualitat","category-noticies","generate-columns","tablet-grid-50","mobile-grid-100","grid-parent","grid-50"],"_links":{"self":[{"href":"https:\/\/ccoo.app\/ics\/wp-json\/wp\/v2\/posts\/32146","targetHints":{"allow":["GET"]}}],"collection":[{"href":"https:\/\/ccoo.app\/ics\/wp-json\/wp\/v2\/posts"}],"about":[{"href":"https:\/\/ccoo.app\/ics\/wp-json\/wp\/v2\/types\/post"}],"author":[{"embeddable":true,"href":"https:\/\/ccoo.app\/ics\/wp-json\/wp\/v2\/users\/4386"}],"replies":[{"embeddable":true,"href":"https:\/\/ccoo.app\/ics\/wp-json\/wp\/v2\/comments?post=32146"}],"version-history":[{"count":1,"href":"https:\/\/ccoo.app\/ics\/wp-json\/wp\/v2\/posts\/32146\/revisions"}],"predecessor-version":[{"id":32148,"href":"https:\/\/ccoo.app\/ics\/wp-json\/wp\/v2\/posts\/32146\/revisions\/32148"}],"wp:featuredmedia":[{"embeddable":true,"href":"https:\/\/ccoo.app\/ics\/wp-json\/wp\/v2\/media\/32147"}],"wp:attachment":[{"href":"https:\/\/ccoo.app\/ics\/wp-json\/wp\/v2\/media?parent=32146"}],"wp:term":[{"taxonomy":"category","embeddable":true,"href":"https:\/\/ccoo.app\/ics\/wp-json\/wp\/v2\/categories?post=32146"},{"taxonomy":"post_tag","embeddable":true,"href":"https:\/\/ccoo.app\/ics\/wp-json\/wp\/v2\/tags?post=32146"},{"taxonomy":"area","embeddable":true,"href":"https:\/\/ccoo.app\/ics\/wp-json\/wp\/v2\/area?post=32146"}],"curies":[{"name":"wp","href":"https:\/\/api.w.org\/{rel}","templated":true}]}}