{"id":32139,"date":"2023-10-27T16:00:00","date_gmt":"2023-10-27T14:00:00","guid":{"rendered":"https:\/\/ccoo.app\/ics\/?p=32139"},"modified":"2023-11-01T21:47:40","modified_gmt":"2023-11-01T20:47:40","slug":"comunicat-conjunt-ccoo-ugt-en-relacio-al-canvi-de-decisio-dels-processos-destabilitzacio-de-lics","status":"publish","type":"post","link":"https:\/\/ccoo.app\/ics\/noticies\/comunicat-conjunt-ccoo-ugt-en-relacio-al-canvi-de-decisio-dels-processos-destabilitzacio-de-lics\/","title":{"rendered":"Comunicat conjunt CCOO-UGT en relaci\u00f3 al canvi de decisi\u00f3 dels processos d&#8217;estabilitzaci\u00f3 de l&#8217;ICS"},"content":{"rendered":"\n<p>Dins dels processos d\u2019estabilitzaci\u00f3 en curs a l\u2019Institut Catal\u00e0 de la Salut (ICS), a la darrera Mesa Sectorial del passat 28 de setembre del 2023 se\u2019ns va comunicar la decisi\u00f3 d\u2019ampliar a la FASE 1 (m\u00e8rits), un total de 4.679 places entre diferents categories professionals.<\/p>\n\n\n\n<p>Amb data 23 d\u2019octubre del 2023 se\u2019ns informa que a causa d\u2019una interpretaci\u00f3 jur\u00eddica err\u00f2nia de l\u2019ICS del article 217 de la Llei 5\/2023, de 28 de juny, per q\u00fcestions de legalitat, s\u2019han de reubicar aquestes 4.679 places a la FASE 3, i, per tant, no hi haur\u00e0 un nou per\u00edode d\u2019inscripcions.<\/p>\n\n\n\n<p>Aquesta situaci\u00f3 no ha estat buscada ni volguda per cap de les parts implicades, i menys encara per les organitzacions sindicals que formem part de la Mesa Sectorial (CCOO de Catalunya i UGT de Catalunya). La finalitat d\u2019aquesta ampliaci\u00f3 era estabilitzar al nombre m\u00e0xim de professionals a l\u2019ICS i aquesta modificaci\u00f3 ha derivat en frustraci\u00f3, indignaci\u00f3 i r\u00e0bia de totes les persones aspirants que s\u2019havien creat unes expectatives sobre aquest aspecte que no han estat satisfetes.<\/p>\n\n\n\n<p>D\u2019en\u00e7\u00e0 que vam ser informats d\u2019aquests canvis, tant CCOO com UGT hem transm\u00e8s la nostra disconformitat i malestar per tot aquest enrenou, provocat per una mala gesti\u00f3 del centre corporatiu.<\/p>\n\n\n\n<p>Continuem exigint ex\u00e0mens assequibles, que no descomptin les preguntes err\u00f2nies en cap categoria, i que no s\u2019hagi de tornar a repetir la prova de catal\u00e0.<\/p>\n\n\n<div class=\"wp-block-image\">\n<figure class=\"aligncenter size-full is-resized\"><img loading=\"lazy\" decoding=\"async\" width=\"736\" height=\"1024\" src=\"https:\/\/ccoo.app\/ics\/wp-content\/blogs.dir\/6\/files\/sites\/200\/2023\/11\/Comunicat-CCOO-UGT-proces-d-estabilitzacio.jpeg\" alt=\"\" class=\"wp-image-32140\" style=\"aspect-ratio:0.71875;width:774px;height:auto\" srcset=\"https:\/\/ccoo.app\/ics\/wp-content\/blogs.dir\/6\/files\/sites\/200\/2023\/11\/Comunicat-CCOO-UGT-proces-d-estabilitzacio.jpeg 736w, https:\/\/ccoo.app\/ics\/wp-content\/blogs.dir\/6\/files\/sites\/200\/2023\/11\/Comunicat-CCOO-UGT-proces-d-estabilitzacio-216x300.jpeg 216w\" sizes=\"auto, (max-width: 736px) 100vw, 736px\" \/><\/figure>\n<\/div>","protected":false},"excerpt":{"rendered":"<p>Dins dels processos d\u2019estabilitzaci\u00f3 en curs a l\u2019Institut Catal\u00e0 de la Salut (ICS), a la darrera Mesa Sectorial del passat 28 de setembre del 2023 se\u2019ns va comunicar la decisi\u00f3 &#8230; <a title=\"Comunicat conjunt CCOO-UGT en relaci\u00f3 al canvi de decisi\u00f3 dels processos d&#8217;estabilitzaci\u00f3 de l&#8217;ICS\" class=\"read-more\" href=\"https:\/\/ccoo.app\/ics\/noticies\/comunicat-conjunt-ccoo-ugt-en-relacio-al-canvi-de-decisio-dels-processos-destabilitzacio-de-lics\/\" aria-label=\"M\u00e9s informaci\u00f3 sobre Comunicat conjunt CCOO-UGT en relaci\u00f3 al canvi de decisi\u00f3 dels processos d&#8217;estabilitzaci\u00f3 de l&#8217;ICS\">Read more<\/a><\/p>\n","protected":false},"author":4386,"featured_media":32141,"comment_status":"closed","ping_status":"closed","sticky":false,"template":"","format":"standard","meta":{"footnotes":""},"categories":[10,1],"tags":[],"area":[],"class_list":["post-32139","post","type-post","status-publish","format-standard","has-post-thumbnail","hentry","category-comunicats","category-noticies","generate-columns","tablet-grid-50","mobile-grid-100","grid-parent","grid-50"],"_links":{"self":[{"href":"https:\/\/ccoo.app\/ics\/wp-json\/wp\/v2\/posts\/32139","targetHints":{"allow":["GET"]}}],"collection":[{"href":"https:\/\/ccoo.app\/ics\/wp-json\/wp\/v2\/posts"}],"about":[{"href":"https:\/\/ccoo.app\/ics\/wp-json\/wp\/v2\/types\/post"}],"author":[{"embeddable":true,"href":"https:\/\/ccoo.app\/ics\/wp-json\/wp\/v2\/users\/4386"}],"replies":[{"embeddable":true,"href":"https:\/\/ccoo.app\/ics\/wp-json\/wp\/v2\/comments?post=32139"}],"version-history":[{"count":3,"href":"https:\/\/ccoo.app\/ics\/wp-json\/wp\/v2\/posts\/32139\/revisions"}],"predecessor-version":[{"id":32145,"href":"https:\/\/ccoo.app\/ics\/wp-json\/wp\/v2\/posts\/32139\/revisions\/32145"}],"wp:featuredmedia":[{"embeddable":true,"href":"https:\/\/ccoo.app\/ics\/wp-json\/wp\/v2\/media\/32141"}],"wp:attachment":[{"href":"https:\/\/ccoo.app\/ics\/wp-json\/wp\/v2\/media?parent=32139"}],"wp:term":[{"taxonomy":"category","embeddable":true,"href":"https:\/\/ccoo.app\/ics\/wp-json\/wp\/v2\/categories?post=32139"},{"taxonomy":"post_tag","embeddable":true,"href":"https:\/\/ccoo.app\/ics\/wp-json\/wp\/v2\/tags?post=32139"},{"taxonomy":"area","embeddable":true,"href":"https:\/\/ccoo.app\/ics\/wp-json\/wp\/v2\/area?post=32139"}],"curies":[{"name":"wp","href":"https:\/\/api.w.org\/{rel}","templated":true}]}}