{"id":32127,"date":"2023-10-31T20:00:00","date_gmt":"2023-10-31T19:00:00","guid":{"rendered":"https:\/\/ccoo.app\/ics\/?p=32127"},"modified":"2023-11-03T17:04:47","modified_gmt":"2023-11-03T16:04:47","slug":"publicada-resolucio-del-gerent-de-lics-que-nomenara-a-675-professionals-com-a-personal-estatutari-fix","status":"publish","type":"post","link":"https:\/\/ccoo.app\/ics\/noticies\/publicada-resolucio-del-gerent-de-lics-que-nomenara-a-675-professionals-com-a-personal-estatutari-fix\/","title":{"rendered":"Publicada resoluci\u00f3 del Gerent de l&#8217;ICS que nomenar\u00e0 a 675 professionals com a personal estatut\u00e0ri fix"},"content":{"rendered":"\n<h3 class=\"wp-block-heading\">Avui 31 d&#8217;octubre del 2023, s&#8217;ha publicat al DOGC la resoluci\u00f3 del Gerent de l&#8217;ICS mitjan\u00e7ant la qual s&#8217;adjudicaran<strong>&nbsp;places estatut\u00e0ries fixes a 513 infermeres i 162 TCAI, aprovades sense pla\u00e7a de OPOS-2018 seguint l&#8217;ordre de puntuaci\u00f3 obtingut per les persones aspirantsa aprovades sense pla\u00e7a en el proc\u00e9s selectiu DSI LLIURE-2018 i TCAI LLIURE-2018. <\/strong><\/h3>\n\n\n\n<figure class=\"wp-block-pullquote has-text-align-left has-base-2-background-color has-background\" style=\"font-size:15px\"><blockquote><p><a href=\"https:\/\/dogc.gencat.cat\/ca\/document-del-dogc\/?documentId=971071\" data-type=\"link\" data-id=\"https:\/\/dogc.gencat.cat\/ca\/document-del-dogc\/?documentId=971071\">RESOLUCI\u00d3 SLT\/3622\/2023, de 25 d&#8217;octubre<\/a>, d&#8217;aplicaci\u00f3 de la mesura prevista a la disposici\u00f3 addicional trentena del Decret legislatiu 1\/1997, de 31 d&#8217;octubre, als processos de selecci\u00f3 de l&#8217;Institut Catal\u00e0 de la Salut de les categories de diplomat\/ada sanitari\/\u00e0ria en infermeria (codi d&#8217;identificaci\u00f3: DSI LLIURE-2018) i de t\u00e8cnic\/a especialista de grau mitj\u00e0 sanitari en cures auxiliars d&#8217;infermeria (codi d&#8217;identificaci\u00f3: TCAI LLIURE-2018).<\/p><\/blockquote><\/figure>\n\n\n\n<p>S&#8217;aplica la mesura excepcional prevista a la disposici\u00f3 addicional trentena del Decret legislatiu 1\/1997, de 31 d&#8217;octubre, a l&#8217;empara de l&#8217;apartat 2 de la disposici\u00f3 transit\u00f2ria segona de la Llei 8\/2023, de 12 de maig, de mesures urgents per a la reducci\u00f3 de la temporalitat, de foment de la promoci\u00f3 interna i d&#8217;agilitaci\u00f3 de la cobertura de llocs de treball amb funcionaris de carrera.<br>Aquesta mesura s&#8217;aplica al 90% de les places que figuren a les ofertes d&#8217;ocupaci\u00f3 p\u00fablica de l&#8217;Institut Catal\u00e0 de la Salut per l&#8217;exercici 2022, aprovada a l&#8217;Acord 101\/2022, de data 23 de desembre, de la Comissi\u00f3 Executiva del Consell d&#8217;Administraci\u00f3 de l&#8217;Institut.<\/p>\n\n\n\n<ul class=\"wp-block-list\">\n<li>La Resoluci\u00f3 nomena com a personal estatutari fix de la categoria de diplomat\/ada sanitari\/\u00e0ria en infermeria o en el seu cas en categoria de t\u00e8cnic\/a especialista de grau mitj\u00e0 sanitari en cures<br>auxiliars d&#8217;infermeria, sempre seguint l&#8217;ordre de puntuaci\u00f3 obtingut per les persones aspirants aprovades sense pla\u00e7a en el proc\u00e9s selectiu DSI LLIURE-2018 o en el seu cas TCAI LLIURE-2018, a les persones que figuren a l&#8217;Annex 1 (DSI) i 2 (TCAI) de la Resoluci\u00f3.<\/li>\n<\/ul>\n\n\n\n<ul class=\"wp-block-list\">\n<li>Destina amb <strong>car\u00e0cter provisional <\/strong>les persones nomenades a les ger\u00e8ncies territorials que figuren en els<br>annexos 1 i 2 de tal manera que si la persona \u00e9s treballadora en actiu s&#8217;ha assignat pla\u00e7a amb car\u00e0cter temporal a la Ger\u00e8ncia del seu lloc d&#8217;adscripci\u00f3 i en el cas que la persona no es trob\u00e9s en actiu d&#8217;aquella categoria o b\u00e9 no treball\u00e9s s&#8217;ha assignat la Ger\u00e8ncia m\u00e9s propera segons consta a la seva fitxa d&#8217;aspirant.<br><strong>\u00c9S MOLT IMPORTANT<\/strong> tenir en compte que donat el seu car\u00e0cter provisional TOTES les persones nomenades estan obligades a participar en el concurs de trasllat obert i permanent en la categoria i especialitat corresponent i a sol\u00b7licitar, com a m\u00ednim, totes les destinacions possibles en la ger\u00e8ncia territorial on tinguin l&#8217;adscripci\u00f3 provisional, tal i com indica la <a href=\"https:\/\/dogc.gencat.cat\/ca\/document-del-dogc\/?documentId=880920\" data-type=\"link\" data-id=\"https:\/\/dogc.gencat.cat\/ca\/document-del-dogc\/?documentId=880920\">Resoluci\u00f3 SLT\/2099\/2020, de 25 d&#8217;agost<\/a>,en cas de no fer-ho  les persones amb destinaci\u00f3 provisional quedarien en situaci\u00f3 d&#8217;exced\u00e8ncia volunt\u00e0ria per inter\u00e9s particular. <\/li>\n<\/ul>\n\n\n\n<ol class=\"wp-block-list\">\n<li>Les persones nomenades hauran de prendre possessi\u00f3 de la destinaci\u00f3 adjudicada en el termini d&#8217;un mes comptador a partir de l&#8217;endem\u00e0 de la publicaci\u00f3 d&#8217;aquesta Resoluci\u00f3 al Diari Oficial de la Generalitat de Catalunya. En el cas que les persones nomenades no prenguin possessi\u00f3 de la destinaci\u00f3 adjudicada en el termini abans esmentat, perdran els drets derivats de la convocat\u00f2ria i no adquiriran la condici\u00f3 de personal estatutari fix de les categories professionals esmentades.<\/li>\n<\/ol>\n\n\n\n<div data-wp-interactive=\"core\/file\" class=\"wp-block-file\"><object data-wp-bind--hidden=\"!state.hasPdfPreview\" hidden class=\"wp-block-file__embed\" data=\"https:\/\/ccoo.app\/ics\/wp-content\/blogs.dir\/6\/files\/sites\/200\/2023\/11\/RESOLUCIO-SLT36222023-de-25-d_octubre.pdf\" type=\"application\/pdf\" style=\"width:100%;height:600px\" aria-label=\"Incrustaci\u00f3 del fitxer RESOLUCIO-SLT36222023-de-25-d_octubre.\"><\/object><a id=\"wp-block-file--media-f860a216-c571-4466-83b1-492ab8d47b4e\" href=\"https:\/\/ccoo.app\/ics\/wp-content\/blogs.dir\/6\/files\/sites\/200\/2023\/11\/RESOLUCIO-SLT36222023-de-25-d_octubre.pdf\">RESOLUCIO-SLT36222023-de-25-d_octubre<\/a><a href=\"https:\/\/ccoo.app\/ics\/wp-content\/blogs.dir\/6\/files\/sites\/200\/2023\/11\/RESOLUCIO-SLT36222023-de-25-d_octubre.pdf\" class=\"wp-block-file__button wp-element-button\" download aria-describedby=\"wp-block-file--media-f860a216-c571-4466-83b1-492ab8d47b4e\">Baixa<\/a><\/div>\n","protected":false},"excerpt":{"rendered":"<p>Avui 31 d&#8217;octubre del 2023, s&#8217;ha publicat al DOGC la resoluci\u00f3 del Gerent de l&#8217;ICS mitjan\u00e7ant la qual s&#8217;adjudicaran&nbsp;places estatut\u00e0ries fixes a 513 infermeres i 162 TCAI, aprovades sense pla\u00e7a &#8230; <a title=\"Publicada resoluci\u00f3 del Gerent de l&#8217;ICS que nomenar\u00e0 a 675 professionals com a personal estatut\u00e0ri fix\" class=\"read-more\" href=\"https:\/\/ccoo.app\/ics\/noticies\/publicada-resolucio-del-gerent-de-lics-que-nomenara-a-675-professionals-com-a-personal-estatutari-fix\/\" aria-label=\"M\u00e9s informaci\u00f3 sobre Publicada resoluci\u00f3 del Gerent de l&#8217;ICS que nomenar\u00e0 a 675 professionals com a personal estatut\u00e0ri fix\">Read more<\/a><\/p>\n","protected":false},"author":4386,"featured_media":32156,"comment_status":"closed","ping_status":"closed","sticky":false,"template":"","format":"standard","meta":{"footnotes":""},"categories":[6,1],"tags":[],"area":[],"class_list":["post-32127","post","type-post","status-publish","format-standard","has-post-thumbnail","hentry","category-convocatories","category-noticies","generate-columns","tablet-grid-50","mobile-grid-100","grid-parent","grid-50"],"_links":{"self":[{"href":"https:\/\/ccoo.app\/ics\/wp-json\/wp\/v2\/posts\/32127","targetHints":{"allow":["GET"]}}],"collection":[{"href":"https:\/\/ccoo.app\/ics\/wp-json\/wp\/v2\/posts"}],"about":[{"href":"https:\/\/ccoo.app\/ics\/wp-json\/wp\/v2\/types\/post"}],"author":[{"embeddable":true,"href":"https:\/\/ccoo.app\/ics\/wp-json\/wp\/v2\/users\/4386"}],"replies":[{"embeddable":true,"href":"https:\/\/ccoo.app\/ics\/wp-json\/wp\/v2\/comments?post=32127"}],"version-history":[{"count":5,"href":"https:\/\/ccoo.app\/ics\/wp-json\/wp\/v2\/posts\/32127\/revisions"}],"predecessor-version":[{"id":32155,"href":"https:\/\/ccoo.app\/ics\/wp-json\/wp\/v2\/posts\/32127\/revisions\/32155"}],"wp:featuredmedia":[{"embeddable":true,"href":"https:\/\/ccoo.app\/ics\/wp-json\/wp\/v2\/media\/32156"}],"wp:attachment":[{"href":"https:\/\/ccoo.app\/ics\/wp-json\/wp\/v2\/media?parent=32127"}],"wp:term":[{"taxonomy":"category","embeddable":true,"href":"https:\/\/ccoo.app\/ics\/wp-json\/wp\/v2\/categories?post=32127"},{"taxonomy":"post_tag","embeddable":true,"href":"https:\/\/ccoo.app\/ics\/wp-json\/wp\/v2\/tags?post=32127"},{"taxonomy":"area","embeddable":true,"href":"https:\/\/ccoo.app\/ics\/wp-json\/wp\/v2\/area?post=32127"}],"curies":[{"name":"wp","href":"https:\/\/api.w.org\/{rel}","templated":true}]}}