{"id":32122,"date":"2023-10-31T20:00:00","date_gmt":"2023-10-31T19:00:00","guid":{"rendered":"https:\/\/ccoo.app\/ics\/?p=32122"},"modified":"2023-11-01T19:00:46","modified_gmt":"2023-11-01T18:00:46","slug":"un-estudi-de-ccoo-revela-que-el-70-de-les-i-els-tecnics-superiors-sanitaris-considera-que-el-seu-nivell-de-qualificacio-professional-no-esta-dacord-amb-la-seva-titulacio","status":"publish","type":"post","link":"https:\/\/ccoo.app\/ics\/noticies\/un-estudi-de-ccoo-revela-que-el-70-de-les-i-els-tecnics-superiors-sanitaris-considera-que-el-seu-nivell-de-qualificacio-professional-no-esta-dacord-amb-la-seva-titulacio\/","title":{"rendered":"Un estudi de CCOO revela que el 70% de les i els t\u00e8cnics superiors sanitaris considera que el seu nivell de qualificaci\u00f3 professional no est\u00e0 d\u2019acord amb la seva titulaci\u00f3"},"content":{"rendered":"\n<h3 class=\"wp-block-heading\">Tan sols el 30,9% de les i els t\u00e8cnics superiors sanitaris estima que el seu nivell de qualificaci\u00f3 professional est\u00e0 d\u2019acord amb la seva titulaci\u00f3 acad\u00e8mica, i el 90,6% creu necessari que, per les seves capacitats, la formaci\u00f3 reglada hauria de ser un Grau universitari. Aix\u00ed es despr\u00e8n de l\u2019estudi elaborat per la Federaci\u00f3 de Sanitat i Sectors Sociosanitaris de CCOO (FSS-CCOO), despr\u00e9s de realitzar i analitzar al voltant de 1.500 enquestes realitzades en centres p\u00fablics del Sistema Nacional de Salut (SNS). Aquesta \u00e9s una de les principals reivindicacions de l\u2019informe, que recull a m\u00e9s de les conclusions obtingudes amb les enquestes, propostes sindicals encaminades a pal\u00b7liar les necessitats d\u2019aquest col\u00b7lectiu.<\/h3>\n\n\n\n<p>L\u2019estudi dut a terme per la FSS-CCOO recull entre les seves conclusions que la formaci\u00f3 professional \u00e9s insuficient, perqu\u00e8 tan sols un 12% de les persones enquestades l\u2019estimen adequada i un 17,8% pot participar en sessions formatives amb facilitat en el seu horari de treball. Premissa que es refor\u00e7a en analitzar que set de cada deu d\u2019aquestes professionals considera que el seu nivell de qualificaci\u00f3 professional no est\u00e0 d\u2019acord amb la seva titulaci\u00f3 acad\u00e8mica, i que el 90,6% defensa que per les seves capacitats la formaci\u00f3 reglada hauria de ser un Grau universitari.<\/p>\n\n\n\n<p>Aix\u00ed mateix, l\u2019informe recull que en el col\u00b7lectiu de t\u00e8cnics\/as superiors sanitaris existeix una preocupaci\u00f3 estesa per la definici\u00f3 de les seves compet\u00e8ncies i pels conflictes de conviv\u00e8ncia funcional amb altres categories. En concret, el 50,2% considera que les seves funcions no estan prou definides, i a vegades s\u00f3n realitzades per altres professionals; el 36,2% den\u00fancia que realitzen altres labors que no s\u00f3n pr\u00f2pies de la seva professi\u00f3 per falta de personal en altres categories, i el 43,4% es queixa de dedicar m\u00e9s temps del necessari a treball administratiu.<\/p>\n\n\n\n<p>Es posa aix\u00ed de manifest en aquesta an\u00e0lisi de CCOO que la principal reclamaci\u00f3 d\u2019aquest conjunt de professionals es refereix a la inadequada formaci\u00f3 que reben per a l\u2019acompliment de les seves funcions, a la falta de reconeixement i definici\u00f3 de les seves funcions. No obstant aix\u00f2, aquestes enquestes tamb\u00e9 revelen que les plantilles s\u00f3n insuficients i els serveis no es reforcen tenint en compte les c\u00e0rregues de treball (el 67,3% de les persones enquestades consideren que el nombre de t\u00e8cnics sanitaris superiors en el seu servei \u00e9s insuficient); perceben poca valoraci\u00f3 de pacients i familiars; o que les incid\u00e8ncies en les contractacions i en la planificaci\u00f3 dels torns incideixen en la conciliaci\u00f3 de la vida laboral i familiar, etc.<\/p>\n\n\n\n<p><strong>Propostes sindicals<\/strong><\/p>\n\n\n\n<p>La FSS-CCOO recull en aquest informe propostes sindicals encaminades a donar resposta a les necessitats d\u2019aquest col\u00b7lectiu professional. Algunes d\u2019elles s\u00f3n:<\/p>\n\n\n\n<ul class=\"wp-block-list\">\n<li>Augmentar finan\u00e7ament de la Sanitat p\u00fablica, com a m\u00ednim, a un m\u00ednim del 7,2% del PIB.<\/li>\n\n\n\n<li>Increments de les plantilles, amb el seg\u00fcent desglossament:<\/li>\n<\/ul>\n\n\n\n<p>T\u00e8cnics Superiors de Laboratori i T\u00e8cnics Superiors Anatomia Patol\u00f2gica.<\/p>\n\n\n\n<p>T\u00e8cnics Superiors Imatge per al Diagn\u00f2stic i Medicina Nuclear.<\/p>\n\n\n\n<p>T\u00e8cnics Superiors Radioter\u00e0pia i Dosimetria.<\/p>\n\n\n\n<p>T\u00e8cnics Superiors en Documentaci\u00f3 Cl\u00ednica.<\/p>\n\n\n\n<p>T\u00e8cnics Superiors Nutrici\u00f3 i Diet\u00e8tica.<\/p>\n\n\n\n<p>T\u00e8cnics Superiors Higiene Dental.<\/p>\n\n\n\n<p>Increment substancial de les plantilles, amb l\u2019objectiu que hi hagi 1 higienista dental per cada odont\u00f2leg\/a, la qual cosa suposaria gaireb\u00e9 duplicar les plantilles actuals (m\u00e9s de 700 efectius).<\/p>\n\n\n\n<ul class=\"wp-block-list\">\n<li>Proposar al Ministeri de Sanitat i als serveis de salut auton\u00f2mics que publiquin les dades de plantilla desagregats per categoria professional.<\/li>\n\n\n\n<li>Actualitzar les funcions perqu\u00e8 s\u2019adaptin millor a les necessitats assistencials i que siguin homog\u00e8nies en el conjunt del SNS.<\/li>\n\n\n\n<li>Posar en pr\u00e0ctica actuacions amb les quals combatre els conflictes funcionals i fomentar el treball en equip.<\/li>\n\n\n\n<li>Creaci\u00f3 de llocs de Coordinador\/a en tots els serveis de salut.<\/li>\n\n\n\n<li>Incrementar l\u2019oferta formativa, adequant-la almenys al pes que t\u00e9 aquest col\u00b7lectiu en el conjunt de les plantilles (passar del 2,96% actual al 4,26%), i als continus canvis tecnol\u00f2gics; i facilitant que es faci en horari laboral.<\/li>\n\n\n\n<li>Culminar de manera immediata el pas d\u2019aquest col\u00b7lectiu al grup B.<\/li>\n\n\n\n<li>Propiciar que per fi el INCUAL reconegui de forma adequada el nivell de qualificaci\u00f3 professional corresponent com a pas previ a la creaci\u00f3 de les titulacions universit\u00e0ries.<\/li>\n\n\n\n<li>Establir protocols d\u2019actuaci\u00f3 efectius per a combatre els riscos psicosocials i l\u2019estr\u00e8s laboral.<\/li>\n<\/ul>\n\n\n\n<div data-wp-interactive=\"core\/file\" class=\"wp-block-file\"><object data-wp-bind--hidden=\"!state.hasPdfPreview\" hidden class=\"wp-block-file__embed\" data=\"https:\/\/ccoo.app\/ics\/wp-content\/blogs.dir\/6\/files\/sites\/200\/2023\/11\/Estudi-sobre-les-condicions-laborals-del-colectiu-Tecnic-superiors-sanitaris.pdf\" type=\"application\/pdf\" style=\"width:100%;height:600px\" aria-label=\"Incrustaci\u00f3 del fitxer Estudi-sobre-les-condicions-laborals-del-colectiu-Tecnic-superiors-sanitaris.\"><\/object><a id=\"wp-block-file--media-8c1658e6-8eeb-4a37-b9b8-1f4f172e9230\" href=\"https:\/\/ccoo.app\/ics\/wp-content\/blogs.dir\/6\/files\/sites\/200\/2023\/11\/Estudi-sobre-les-condicions-laborals-del-colectiu-Tecnic-superiors-sanitaris.pdf\">Estudi-sobre-les-condicions-laborals-del-colectiu-Tecnic-superiors-sanitaris<\/a><a href=\"https:\/\/ccoo.app\/ics\/wp-content\/blogs.dir\/6\/files\/sites\/200\/2023\/11\/Estudi-sobre-les-condicions-laborals-del-colectiu-Tecnic-superiors-sanitaris.pdf\" class=\"wp-block-file__button wp-element-button\" download aria-describedby=\"wp-block-file--media-8c1658e6-8eeb-4a37-b9b8-1f4f172e9230\">Baixa<\/a><\/div>\n","protected":false},"excerpt":{"rendered":"<p>Tan sols el 30,9% de les i els t\u00e8cnics superiors sanitaris estima que el seu nivell de qualificaci\u00f3 professional est\u00e0 d\u2019acord amb la seva titulaci\u00f3 acad\u00e8mica, i el 90,6% creu &#8230; <a title=\"Un estudi de CCOO revela que el 70% de les i els t\u00e8cnics superiors sanitaris considera que el seu nivell de qualificaci\u00f3 professional no est\u00e0 d\u2019acord amb la seva titulaci\u00f3\" class=\"read-more\" href=\"https:\/\/ccoo.app\/ics\/noticies\/un-estudi-de-ccoo-revela-que-el-70-de-les-i-els-tecnics-superiors-sanitaris-considera-que-el-seu-nivell-de-qualificacio-professional-no-esta-dacord-amb-la-seva-titulacio\/\" aria-label=\"M\u00e9s informaci\u00f3 sobre Un estudi de CCOO revela que el 70% de les i els t\u00e8cnics superiors sanitaris considera que el seu nivell de qualificaci\u00f3 professional no est\u00e0 d\u2019acord amb la seva titulaci\u00f3\">Read more<\/a><\/p>\n","protected":false},"author":4386,"featured_media":32126,"comment_status":"closed","ping_status":"closed","sticky":false,"template":"","format":"standard","meta":{"footnotes":""},"categories":[13,1],"tags":[],"area":[],"class_list":["post-32122","post","type-post","status-publish","format-standard","has-post-thumbnail","hentry","category-accions-sindicals","category-noticies","generate-columns","tablet-grid-50","mobile-grid-100","grid-parent","grid-50"],"_links":{"self":[{"href":"https:\/\/ccoo.app\/ics\/wp-json\/wp\/v2\/posts\/32122","targetHints":{"allow":["GET"]}}],"collection":[{"href":"https:\/\/ccoo.app\/ics\/wp-json\/wp\/v2\/posts"}],"about":[{"href":"https:\/\/ccoo.app\/ics\/wp-json\/wp\/v2\/types\/post"}],"author":[{"embeddable":true,"href":"https:\/\/ccoo.app\/ics\/wp-json\/wp\/v2\/users\/4386"}],"replies":[{"embeddable":true,"href":"https:\/\/ccoo.app\/ics\/wp-json\/wp\/v2\/comments?post=32122"}],"version-history":[{"count":2,"href":"https:\/\/ccoo.app\/ics\/wp-json\/wp\/v2\/posts\/32122\/revisions"}],"predecessor-version":[{"id":32125,"href":"https:\/\/ccoo.app\/ics\/wp-json\/wp\/v2\/posts\/32122\/revisions\/32125"}],"wp:featuredmedia":[{"embeddable":true,"href":"https:\/\/ccoo.app\/ics\/wp-json\/wp\/v2\/media\/32126"}],"wp:attachment":[{"href":"https:\/\/ccoo.app\/ics\/wp-json\/wp\/v2\/media?parent=32122"}],"wp:term":[{"taxonomy":"category","embeddable":true,"href":"https:\/\/ccoo.app\/ics\/wp-json\/wp\/v2\/categories?post=32122"},{"taxonomy":"post_tag","embeddable":true,"href":"https:\/\/ccoo.app\/ics\/wp-json\/wp\/v2\/tags?post=32122"},{"taxonomy":"area","embeddable":true,"href":"https:\/\/ccoo.app\/ics\/wp-json\/wp\/v2\/area?post=32122"}],"curies":[{"name":"wp","href":"https:\/\/api.w.org\/{rel}","templated":true}]}}