{"id":32116,"date":"2023-09-08T21:49:13","date_gmt":"2023-09-08T19:49:13","guid":{"rendered":"https:\/\/ccoo.app\/ics\/?p=32116"},"modified":"2023-10-01T21:56:13","modified_gmt":"2023-10-01T19:56:13","slug":"ccoo-participara-als-actes-de-la-diada-nacional-de-catalunya-2023","status":"publish","type":"post","link":"https:\/\/ccoo.app\/ics\/noticies\/ccoo-participara-als-actes-de-la-diada-nacional-de-catalunya-2023\/","title":{"rendered":"CCOO participar\u00e0 als actes de la Diada Nacional de Catalunya, 2023"},"content":{"rendered":"\n<figure class=\"wp-block-image size-full\"><img loading=\"lazy\" decoding=\"async\" width=\"1024\" height=\"576\" src=\"https:\/\/ccoo.app\/ics\/wp-content\/blogs.dir\/6\/files\/sites\/200\/2023\/10\/diada-23-1.jpg\" alt=\"Diada 23 1\" class=\"wp-image-32119\" srcset=\"https:\/\/ccoo.app\/ics\/wp-content\/blogs.dir\/6\/files\/sites\/200\/2023\/10\/diada-23-1.jpg 1024w, https:\/\/ccoo.app\/ics\/wp-content\/blogs.dir\/6\/files\/sites\/200\/2023\/10\/diada-23-1-300x169.jpg 300w, https:\/\/ccoo.app\/ics\/wp-content\/blogs.dir\/6\/files\/sites\/200\/2023\/10\/diada-23-1-768x432.jpg 768w\" sizes=\"auto, (max-width: 1024px) 100vw, 1024px\" \/><\/figure>\n\n\n\n<p>CCOO de Catalunya participar\u00e0, com cada any, en els&nbsp;<a href=\"https:\/\/www.ccoo.cat\/sanitat\/noticies\/ccoo-participara-als-actes-de-la-diada-nacional-de-catalunya\/#ofrenes-florals\">actes de la Diada Nacional de Catalunya<\/a>, el proper 11 de Setembre, i realitzar\u00e0 la tradicional&nbsp;<strong>ofrena floral al monument de Rafael Casanova de Barcelona<\/strong>, conjuntament amb la UGT. L\u2019acci\u00f3 tindr\u00e0 per objectiu demanar al Govern de la Generalitat pol\u00edtiques socials per millorar les condicions de vida de la gent que viu i treballa a Catalunya.<\/p>\n\n\n\n<p>La convocat\u00f2ria de CCOO de Catalunya \u00e9s&nbsp;<strong>a les 8.30 hores, a la ronda de Sant Pere, n\u00famero 52, de Barcelona<\/strong>. Javier Pacheco, secretari general de CCOO de Catalunya, encap\u00e7alar\u00e0 la delegaci\u00f3 del sindicat.<\/p>\n\n\n\n<p>El mateix dia, el sindicat tamb\u00e9 participar\u00e0 a l\u2019acte d\u2019<strong>homenatge a Salvador Allende<\/strong>, a Barcelona, que consistir\u00e0 en una ofrena floral. Ser\u00e0&nbsp;<strong>a partir de les 10.30 hores a la pla\u00e7a de Salvador Allende, al barri del Carmel.<\/strong><\/p>\n\n\n\n<p>Igualment, CCOO participar\u00e0 tamb\u00e9 en altres actes convocats arreu de Catalunya amb motiu de la Diada.<\/p>\n\n\n\n<div class=\"wp-block-buttons is-layout-flex wp-block-buttons-is-layout-flex\">\n<div class=\"wp-block-button is-style-outline is-style-outline--1\"><a class=\"wp-block-button__link wp-element-button\"><kbd>Manifest de CCOO de Catalunya i UGT amb motiu de la Diada \u00bb<\/kbd><\/a><\/div>\n<\/div>\n\n\n\n<blockquote class=\"wp-block-quote is-layout-flow wp-block-quote-is-layout-flow\">\n<h4 class=\"wp-block-heading\">En el marc de la celebraci\u00f3 de la Diada Nacional de Catalunya, el 13 de setembre, la Fundaci\u00f3 Cipriano Garcia de CCOO de Catalunya ha organitzat l\u2019<a href=\"https:\/\/www.ccoo.cat\/noticies\/100-anys-de-sindicalisme-de-classe-i-nacional\/\">acte de reflexi\u00f3 hist\u00f2rica comparada \u201c<strong>100 anys de sindicalisme de classe i nacional<\/strong>\u201c<\/a>&nbsp;sobre les figures de Salvador Segu\u00ed i Cipriano Garcia.<\/h4>\n<\/blockquote>\n\n\n\n<h2 class=\"wp-block-heading\">Ofrenes florals<\/h2>\n\n\n\n<h3 class=\"wp-block-heading\">10 de setembre<\/h3>\n\n\n\n<p><strong>El Prat de Llobregat<\/strong><br>Hora: 20<br>Lloc: pla\u00e7a del Mestre Estalella<\/p>\n\n\n\n<p><strong>Vic<br><\/strong>Hora: 20<br>Lloc: pla\u00e7a de Bac de Roda<\/p>\n\n\n\n<p><strong>Vilafranca del Pened\u00e8s<\/strong><br>Hora: 21<br>Lloc: pla\u00e7a del Pa\u00efsos Catalans<\/p>\n\n\n\n<h3 class=\"wp-block-heading\">11 de setembre<\/h3>\n\n\n\n<p><strong>Barcelona<\/strong><br>Hora: 8.30<br>Lloc: ronda de Sant Pere, 52<\/p>\n\n\n\n<p><strong>Berga<\/strong><br>Hora: 10<br>Lloc: momument de Rafael Casanova, Parc del Pla de l\u2019Alemany<\/p>\n\n\n\n<p><strong>Cerdanyola<\/strong><br>Hora: 11<br>Lloc: pla\u00e7a de l\u2019Onze de Setembre<\/p>\n\n\n\n<p><strong>Cornell\u00e0 de Llobregat<\/strong><br>Hora: 11.30<br>Lloc: pla\u00e7a de l\u2019Esgl\u00e9sia<\/p>\n\n\n\n<p><strong>Girona<\/strong><br>Hora: 11<br>Lloc: pla\u00e7a de Catalunya<\/p>\n\n\n\n<p><strong>Granollers<\/strong><br>Hora: 11<br>Lloc: pla\u00e7a de l\u201911 de Setembre<\/p>\n\n\n\n<p><strong>Lleida<\/strong><br>Hora: 10<br>Lloc: el Roser (c. de Cavallers, 15)<\/p>\n\n\n\n<p><strong>Manresa<\/strong><br>Hora: 11<br>Lloc: pla\u00e7a de l\u2019Onze de Setembre<\/p>\n\n\n\n<p><strong>Matar\u00f3<\/strong><br>Hora: 10.30<br>Lloc: pla\u00e7a de Rafael Casanova<\/p>\n\n\n\n<p><strong>Mollet<\/strong><br>Hora: 12<br>Lloc: avinguda de Rafael Casanova<\/p>\n\n\n\n<p><strong>Rub\u00ed<\/strong><br>Hora: 9.30<br>Lloc: pla\u00e7a de l\u2019Onze de Setembre<\/p>\n\n\n\n<p><strong>Sabadell<\/strong><br>Hora: 10<br>Lloc: Eix Maci\u00e0, davant del pont del Llac del Parc de Catalunya<\/p>\n\n\n\n<p><strong>Sant Boi de Llobregat<\/strong><br>Hora: 10<br>Lloc: Esgl\u00e9sia de Sant Baldiri<\/p>\n\n\n\n<p><strong>Tarragona<\/strong><br>Hora: 10<br>Lloc: passeig Mar\u00edtim (Rafael Casanova)<\/p>\n\n\n\n<p>Hora: 11.30<br>Lloc: Jardins del Camp de Mart (Salvador Allende)<\/p>\n\n\n\n<p><strong>Terrassa<\/strong><br>Hora: 10<br>Lloc: pla\u00e7a de l\u2019Onze de Setembre<\/p>\n\n\n\n<p><strong>Vilanova i la Geltr\u00fa<\/strong><br>Hora: 12<br>Lloc: rambla de la Pau, 111<\/p>\n","protected":false},"excerpt":{"rendered":"<p>CCOO de Catalunya participar\u00e0, com cada any, en els&nbsp;actes de la Diada Nacional de Catalunya, el proper 11 de Setembre, i realitzar\u00e0 la tradicional&nbsp;ofrena floral al monument de Rafael Casanova &#8230; <a title=\"CCOO participar\u00e0 als actes de la Diada Nacional de Catalunya, 2023\" class=\"read-more\" href=\"https:\/\/ccoo.app\/ics\/noticies\/ccoo-participara-als-actes-de-la-diada-nacional-de-catalunya-2023\/\" aria-label=\"M\u00e9s informaci\u00f3 sobre CCOO participar\u00e0 als actes de la Diada Nacional de Catalunya, 2023\">Read more<\/a><\/p>\n","protected":false},"author":4386,"featured_media":32117,"comment_status":"closed","ping_status":"closed","sticky":false,"template":"","format":"standard","meta":{"footnotes":""},"categories":[12,1],"tags":[],"area":[],"class_list":["post-32116","post","type-post","status-publish","format-standard","has-post-thumbnail","hentry","category-actualitat","category-noticies","generate-columns","tablet-grid-50","mobile-grid-100","grid-parent","grid-50"],"_links":{"self":[{"href":"https:\/\/ccoo.app\/ics\/wp-json\/wp\/v2\/posts\/32116","targetHints":{"allow":["GET"]}}],"collection":[{"href":"https:\/\/ccoo.app\/ics\/wp-json\/wp\/v2\/posts"}],"about":[{"href":"https:\/\/ccoo.app\/ics\/wp-json\/wp\/v2\/types\/post"}],"author":[{"embeddable":true,"href":"https:\/\/ccoo.app\/ics\/wp-json\/wp\/v2\/users\/4386"}],"replies":[{"embeddable":true,"href":"https:\/\/ccoo.app\/ics\/wp-json\/wp\/v2\/comments?post=32116"}],"version-history":[{"count":2,"href":"https:\/\/ccoo.app\/ics\/wp-json\/wp\/v2\/posts\/32116\/revisions"}],"predecessor-version":[{"id":32120,"href":"https:\/\/ccoo.app\/ics\/wp-json\/wp\/v2\/posts\/32116\/revisions\/32120"}],"wp:featuredmedia":[{"embeddable":true,"href":"https:\/\/ccoo.app\/ics\/wp-json\/wp\/v2\/media\/32117"}],"wp:attachment":[{"href":"https:\/\/ccoo.app\/ics\/wp-json\/wp\/v2\/media?parent=32116"}],"wp:term":[{"taxonomy":"category","embeddable":true,"href":"https:\/\/ccoo.app\/ics\/wp-json\/wp\/v2\/categories?post=32116"},{"taxonomy":"post_tag","embeddable":true,"href":"https:\/\/ccoo.app\/ics\/wp-json\/wp\/v2\/tags?post=32116"},{"taxonomy":"area","embeddable":true,"href":"https:\/\/ccoo.app\/ics\/wp-json\/wp\/v2\/area?post=32116"}],"curies":[{"name":"wp","href":"https:\/\/api.w.org\/{rel}","templated":true}]}}