{"id":32112,"date":"2023-09-18T21:46:04","date_gmt":"2023-09-18T19:46:04","guid":{"rendered":"https:\/\/ccoo.app\/ics\/?p=32112"},"modified":"2023-10-01T21:47:46","modified_gmt":"2023-10-01T19:47:46","slug":"solidaritat-amb-les-victimes-del-terratremol-al-marroc-i-de-les-inundacions-a-libia","status":"publish","type":"post","link":"https:\/\/ccoo.app\/ics\/noticies\/solidaritat-amb-les-victimes-del-terratremol-al-marroc-i-de-les-inundacions-a-libia\/","title":{"rendered":"Solidaritat amb les v\u00edctimes del terratr\u00e8mol al Marroc i de les inundacions a L\u00edbia"},"content":{"rendered":"\n<p>Arran del terrible terratr\u00e8mol succe\u00eft al Marroc i de les devastadores inundacions ocorregudes a L\u00edbia, CCOO de Catalunya expressa el seu condol i la seva solidaritat amb els pobles marroqu\u00ed i libi, les seves clases treballadores i les seves organitzacions sindicals. Des de CCOO de Catalunya i la Fundaci\u00f3 Pau i Solidaritat volem enviar un missatge d\u2019esperan\u00e7a de cara a la futura reconstrucci\u00f3 de les zones afectades a ambd\u00f3s pa\u00efsos magribins i mostrar el nostre suport a les fam\u00edlies que hi viuen.<\/p>\n\n\n\n<p>Per aconseguir-ho, us demanem que col\u00b7laboreu en aquesta campanya mitjan\u00e7ant donatius per&nbsp;<strong>BIZUM&nbsp;<\/strong>al n\u00famero:&nbsp;<strong>05125<\/strong>. Els donatius es destinaran exclusivament a pal\u00b7liar la situaci\u00f3 de les fam\u00edlies marroquines i l\u00edbies afectades. Tan bon punt disposem de m\u00e9s informaci\u00f3 sobre la destinaci\u00f3 d\u2019aquests ajuts us n\u2019informarem.<\/p>\n\n\n\n<blockquote class=\"wp-block-quote is-layout-flow wp-block-quote-is-layout-flow\">\n<h3 class=\"wp-block-heading\">La gent de CCOO, sempre solid\u00e0ria!<\/h3>\n\n\n\n<h2 class=\"wp-block-heading\">BIZUM al n\u00famero: 05125<\/h2>\n\n\n\n<h2 class=\"wp-block-heading\"><br>Transfer\u00e8ncia banc\u00e0ria<\/h2>\n\n\n\n<h3 class=\"wp-block-heading\">Titular: CONFEDERACI\u00d3N SINDICAL COMISIONES OBRERAS<\/h3>\n\n\n\n<h3 class=\"wp-block-heading\">IBAN: ES22 2100 5731 7202 0000 3657<\/h3>\n\n\n\n<h3 class=\"wp-block-heading\">SWIFT\/BIC: CAIXESBBXXX<\/h3>\n<\/blockquote>\n\n\n\n<p>A la transfer\u00e8ncia ha de constar-hi el nom i els cognoms de la persona que fa la donaci\u00f3 (o b\u00e9 la ra\u00f3 social, en cas que es tracti d\u2019una entitat amb personalitat jur\u00eddica), amb el concepte seg\u00fcent: \u201cSolidaritat amb el Marroc i L\u00edbia\u201d.<\/p>\n\n\n\n<figure class=\"wp-block-image\"><img decoding=\"async\" src=\"https:\/\/www.ccoo.cat\/wp-content\/uploads\/2023\/09\/solidaritat-marroc-libia.jpg\" alt=\"Solidaritat Marroc Libia\" \/><\/figure>\n\n\n\n<blockquote class=\"wp-block-quote is-layout-flow wp-block-quote-is-layout-flow\">\n<p><\/p>\n<\/blockquote>\n\n\n\n<figure class=\"wp-block-pullquote\"><blockquote><p><\/p><\/blockquote><\/figure>\n","protected":false},"excerpt":{"rendered":"<p>Arran del terrible terratr\u00e8mol succe\u00eft al Marroc i de les devastadores inundacions ocorregudes a L\u00edbia, CCOO de Catalunya expressa el seu condol i la seva solidaritat amb els pobles marroqu\u00ed &#8230; <a title=\"Solidaritat amb les v\u00edctimes del terratr\u00e8mol al Marroc i de les inundacions a L\u00edbia\" class=\"read-more\" href=\"https:\/\/ccoo.app\/ics\/noticies\/solidaritat-amb-les-victimes-del-terratremol-al-marroc-i-de-les-inundacions-a-libia\/\" aria-label=\"M\u00e9s informaci\u00f3 sobre Solidaritat amb les v\u00edctimes del terratr\u00e8mol al Marroc i de les inundacions a L\u00edbia\">Read more<\/a><\/p>\n","protected":false},"author":4386,"featured_media":32114,"comment_status":"closed","ping_status":"closed","sticky":false,"template":"","format":"standard","meta":{"footnotes":""},"categories":[12,1],"tags":[],"area":[],"class_list":["post-32112","post","type-post","status-publish","format-standard","has-post-thumbnail","hentry","category-actualitat","category-noticies","generate-columns","tablet-grid-50","mobile-grid-100","grid-parent","grid-50"],"_links":{"self":[{"href":"https:\/\/ccoo.app\/ics\/wp-json\/wp\/v2\/posts\/32112","targetHints":{"allow":["GET"]}}],"collection":[{"href":"https:\/\/ccoo.app\/ics\/wp-json\/wp\/v2\/posts"}],"about":[{"href":"https:\/\/ccoo.app\/ics\/wp-json\/wp\/v2\/types\/post"}],"author":[{"embeddable":true,"href":"https:\/\/ccoo.app\/ics\/wp-json\/wp\/v2\/users\/4386"}],"replies":[{"embeddable":true,"href":"https:\/\/ccoo.app\/ics\/wp-json\/wp\/v2\/comments?post=32112"}],"version-history":[{"count":2,"href":"https:\/\/ccoo.app\/ics\/wp-json\/wp\/v2\/posts\/32112\/revisions"}],"predecessor-version":[{"id":32115,"href":"https:\/\/ccoo.app\/ics\/wp-json\/wp\/v2\/posts\/32112\/revisions\/32115"}],"wp:featuredmedia":[{"embeddable":true,"href":"https:\/\/ccoo.app\/ics\/wp-json\/wp\/v2\/media\/32114"}],"wp:attachment":[{"href":"https:\/\/ccoo.app\/ics\/wp-json\/wp\/v2\/media?parent=32112"}],"wp:term":[{"taxonomy":"category","embeddable":true,"href":"https:\/\/ccoo.app\/ics\/wp-json\/wp\/v2\/categories?post=32112"},{"taxonomy":"post_tag","embeddable":true,"href":"https:\/\/ccoo.app\/ics\/wp-json\/wp\/v2\/tags?post=32112"},{"taxonomy":"area","embeddable":true,"href":"https:\/\/ccoo.app\/ics\/wp-json\/wp\/v2\/area?post=32112"}],"curies":[{"name":"wp","href":"https:\/\/api.w.org\/{rel}","templated":true}]}}