{"id":32109,"date":"2023-09-29T21:38:57","date_gmt":"2023-09-29T19:38:57","guid":{"rendered":"https:\/\/ccoo.app\/ics\/?p=32109"},"modified":"2023-10-01T21:42:16","modified_gmt":"2023-10-01T19:42:16","slug":"la-generalitat-de-catalunya-va-anunciar-ahir-unilateralment-que-no-pagara-lincrement-retributiu-als-funcionaris-fins-novembre","status":"publish","type":"post","link":"https:\/\/ccoo.app\/ics\/noticies\/la-generalitat-de-catalunya-va-anunciar-ahir-unilateralment-que-no-pagara-lincrement-retributiu-als-funcionaris-fins-novembre\/","title":{"rendered":"La Generalitat de Catalunya va anunciar ahir unilateralment que no pagar\u00e0 l\u2019increment retributiu als funcionaris fins novembre"},"content":{"rendered":"\n<h4 class=\"wp-block-heading\"><strong>Incompleix aix\u00ed l\u2019acord retributiu i els ret\u00e9 arbitr\u00e0riament uns 30 milions d\u2019euros<\/strong><\/h4>\n\n\n\n<p>Ahir es va reunir la Comissi\u00f3 de seguiment de l\u2019Acord marc per a una administraci\u00f3 del segle XXI, conformada per la Secretaria d\u2019Estat de Funci\u00f3 P\u00fablica i els sindicats, i la Generalitat de Catalunya va anunciar a trav\u00e9s dels mitjans de comunicaci\u00f3 que no implementar\u00e0 l\u2019increment retributiu pactat fins al novembre. Aquest extrem ha estat confirmat a la Mesa General.<\/p>\n\n\n\n<p>El Govern d\u2019Espanya ha ratificat que es compleixen les condicions acordades el mes d\u2019octubre del 2022, d\u2019un increment de preus superior a l\u2019increment salarial dels dos \u00faltims anys, amb el que es procedir\u00e0 a incrementar les retribucions un 0\u20195% amb efectes retroactius des de gener del 2023. Aquest increment s\u2019ha de produir en la n\u00f2mina del mes d\u2019octubre en totes les administracions p\u00fabliques, per continuar avan\u00e7ant en en la millora del minvat poder adquisitiu de m\u00e9s de 5 milions de treballadores i treballadors del sector p\u00fablic, en uns anys amb una inflaci\u00f3 que castiga la classe treballadora. Aix\u00ed mateix, continuem avan\u00e7ant en altres millores de l\u2019acord, com s\u00f3n la jubilaci\u00f3 parcial anticipada del personal funcionari, la classificaci\u00f3 professional i la definici\u00f3 del car\u00e0cter m\u00ednim dels permisos i dies addicionals de vacances definits en l\u2019Estatut B\u00e0sic de l\u2019Empleat p\u00fablic. Aquestes millores estan pendents de la seva aplicaci\u00f3 a l\u2019espera de la investidura del pr\u00f2xim president del Govern d\u2019Espanya.<\/p>\n\n\n\n<p>Tot i aix\u00f2, malauradament i de forma unilateral, la Generalitat de Catalunya ha decidit que implementar\u00e0 l\u2019increment retributiu fins al mes de novembre. Fa mesos que es coneix l\u2019evoluci\u00f3 de l\u2019IPC i que aquest mes d\u2019octubre s\u2019hauria d\u2019aplicar aquest increment, motiu pel qual creiem que els problemes t\u00e8cnics no s\u00f3n altra cosa que excuses de mal pagador. Des de CCOO exigim al Govern que no es quedi un mes m\u00e9s amb uns 30 milions d\u2019euros que ens corresponen als treballadors i treballadores de la Generalitat. \u00c9s en actuacions com aquestes \u00e9s quan s\u2019ha de demostrar l\u2019efici\u00e8ncia del nostre Govern i la seva preocupaci\u00f3 per la gent que cada dia fa possible la prestaci\u00f3 dels serveis p\u00fablics a la ciutadania de Catalunya.<\/p>\n","protected":false},"excerpt":{"rendered":"<p>Incompleix aix\u00ed l\u2019acord retributiu i els ret\u00e9 arbitr\u00e0riament uns 30 milions d\u2019euros Ahir es va reunir la Comissi\u00f3 de seguiment de l\u2019Acord marc per a una administraci\u00f3 del segle XXI, &#8230; <a title=\"La Generalitat de Catalunya va anunciar ahir unilateralment que no pagar\u00e0 l\u2019increment retributiu als funcionaris fins novembre\" class=\"read-more\" href=\"https:\/\/ccoo.app\/ics\/noticies\/la-generalitat-de-catalunya-va-anunciar-ahir-unilateralment-que-no-pagara-lincrement-retributiu-als-funcionaris-fins-novembre\/\" aria-label=\"M\u00e9s informaci\u00f3 sobre La Generalitat de Catalunya va anunciar ahir unilateralment que no pagar\u00e0 l\u2019increment retributiu als funcionaris fins novembre\">Read more<\/a><\/p>\n","protected":false},"author":4386,"featured_media":32110,"comment_status":"closed","ping_status":"closed","sticky":false,"template":"","format":"standard","meta":{"footnotes":""},"categories":[13,1],"tags":[],"area":[],"class_list":["post-32109","post","type-post","status-publish","format-standard","has-post-thumbnail","hentry","category-accions-sindicals","category-noticies","generate-columns","tablet-grid-50","mobile-grid-100","grid-parent","grid-50"],"_links":{"self":[{"href":"https:\/\/ccoo.app\/ics\/wp-json\/wp\/v2\/posts\/32109","targetHints":{"allow":["GET"]}}],"collection":[{"href":"https:\/\/ccoo.app\/ics\/wp-json\/wp\/v2\/posts"}],"about":[{"href":"https:\/\/ccoo.app\/ics\/wp-json\/wp\/v2\/types\/post"}],"author":[{"embeddable":true,"href":"https:\/\/ccoo.app\/ics\/wp-json\/wp\/v2\/users\/4386"}],"replies":[{"embeddable":true,"href":"https:\/\/ccoo.app\/ics\/wp-json\/wp\/v2\/comments?post=32109"}],"version-history":[{"count":1,"href":"https:\/\/ccoo.app\/ics\/wp-json\/wp\/v2\/posts\/32109\/revisions"}],"predecessor-version":[{"id":32111,"href":"https:\/\/ccoo.app\/ics\/wp-json\/wp\/v2\/posts\/32109\/revisions\/32111"}],"wp:featuredmedia":[{"embeddable":true,"href":"https:\/\/ccoo.app\/ics\/wp-json\/wp\/v2\/media\/32110"}],"wp:attachment":[{"href":"https:\/\/ccoo.app\/ics\/wp-json\/wp\/v2\/media?parent=32109"}],"wp:term":[{"taxonomy":"category","embeddable":true,"href":"https:\/\/ccoo.app\/ics\/wp-json\/wp\/v2\/categories?post=32109"},{"taxonomy":"post_tag","embeddable":true,"href":"https:\/\/ccoo.app\/ics\/wp-json\/wp\/v2\/tags?post=32109"},{"taxonomy":"area","embeddable":true,"href":"https:\/\/ccoo.app\/ics\/wp-json\/wp\/v2\/area?post=32109"}],"curies":[{"name":"wp","href":"https:\/\/api.w.org\/{rel}","templated":true}]}}