{"id":32104,"date":"2023-07-14T07:41:34","date_gmt":"2023-07-14T05:41:34","guid":{"rendered":"https:\/\/ccoo.app\/ics\/?p=32104"},"modified":"2023-07-14T07:41:34","modified_gmt":"2023-07-14T05:41:34","slug":"14-de-juliol-dia-internacional-de-la-tcai","status":"publish","type":"post","link":"https:\/\/ccoo.app\/ics\/noticies\/14-de-juliol-dia-internacional-de-la-tcai\/","title":{"rendered":"14 de juliol dia internacional de la TCAI"},"content":{"rendered":"\n<p>Amb motiu del 14 de juliol, dia Internacional de les TCAI (t\u00e8cniques i t\u00e8cnics en cures auxiliars d\u2019infermeria), des de CCOO volem reivindicar, una vegada m\u00e9s, el reconeixement de les nostres tasques com a membres de l\u2019equip d\u2019infermeria on aportem els coneixements propis i, per tant, poder exercir la nostra activitat laboral en molts \u00e0mbits sanitaris, entre els quals podem diferenciar l\u2019atenci\u00f3 prim\u00e0ria i comunit\u00e0ria (atenci\u00f3 a domicili, promoci\u00f3 de la salut, consultes, cl\u00edniques o centres geri\u00e0trics), l\u2019hospitalitzaci\u00f3 i l\u2019\u00e0rea d\u2019atenci\u00f3 especialitzada (urg\u00e8ncies, sales de part, pediatria, maternitat, quir\u00f2fans, centrals d\u2019esterilitzaci\u00f3, unitats especials com UCI, salut mental, radioter\u00e0pia), entre d\u2019altres. Per tant, les nostres tasques son molt important i tenim pres\u00e8ncia en tota l\u2019assist\u00e8ncia directa als pacients i usuaris sempre vetllant pel benestar i la seguretat dels mateixos.<\/p>\n\n\n\n<p>Aquest any volem demanar, despr\u00e9s d\u2019anys de lluita, que es faci efectiu el reconeixement i la modificaci\u00f3 al nivell C1, \u00e9s a dir, incrementar-nos de nivell passant aix\u00ed al que pertocaria per a la nostra categoria professional.<\/p>\n\n\n\n<p>La professi\u00f3 de TCAI no ha desenvolupat el m\u00e0xim de les seves compet\u00e8ncies. I m\u00e9s ara, que durant la pand\u00e8mia de la COVID-19 s\u2019ha pogut<br>constatar que hem ampliat les \u00e0rees on hem desenvolupat la nostra feina.<\/p>\n\n\n\n<p>Des de CCOO continuem lluitant per aconseguir que es reconeguin les nostres funcions i compet\u00e8ncies i la requalificaci\u00f3 a un Grau Superior.<\/p>\n\n\n\n<p><strong>GRUP TCAI DE LA FEDERACI\u00d3 DE SANITAT DE CCOO<\/strong><\/p>\n\n\n\n<figure class=\"wp-block-image size-large\"><img loading=\"lazy\" decoding=\"async\" width=\"724\" height=\"1024\" src=\"https:\/\/ccoo.app\/ics\/wp-content\/blogs.dir\/6\/files\/sites\/200\/2023\/07\/cartell-tcai-som-imprescindibles-1-2-1-724x1024.png\" alt=\"Cartell Tcai Som Imprescindibles 1 2 1\" class=\"wp-image-32105\" srcset=\"https:\/\/ccoo.app\/ics\/wp-content\/blogs.dir\/6\/files\/sites\/200\/2023\/07\/cartell-tcai-som-imprescindibles-1-2-1-724x1024.png 724w, https:\/\/ccoo.app\/ics\/wp-content\/blogs.dir\/6\/files\/sites\/200\/2023\/07\/cartell-tcai-som-imprescindibles-1-2-1-212x300.png 212w, https:\/\/ccoo.app\/ics\/wp-content\/blogs.dir\/6\/files\/sites\/200\/2023\/07\/cartell-tcai-som-imprescindibles-1-2-1-768x1086.png 768w, https:\/\/ccoo.app\/ics\/wp-content\/blogs.dir\/6\/files\/sites\/200\/2023\/07\/cartell-tcai-som-imprescindibles-1-2-1-1086x1536.png 1086w, https:\/\/ccoo.app\/ics\/wp-content\/blogs.dir\/6\/files\/sites\/200\/2023\/07\/cartell-tcai-som-imprescindibles-1-2-1-1448x2048.png 1448w, https:\/\/ccoo.app\/ics\/wp-content\/blogs.dir\/6\/files\/sites\/200\/2023\/07\/cartell-tcai-som-imprescindibles-1-2-1.png 1655w\" sizes=\"auto, (max-width: 724px) 100vw, 724px\" \/><\/figure>\n","protected":false},"excerpt":{"rendered":"<p>Amb motiu del 14 de juliol, dia Internacional de les TCAI (t\u00e8cniques i t\u00e8cnics en cures auxiliars d\u2019infermeria), des de CCOO volem reivindicar, una vegada m\u00e9s, el reconeixement de les &#8230; <a title=\"14 de juliol dia internacional de la TCAI\" class=\"read-more\" href=\"https:\/\/ccoo.app\/ics\/noticies\/14-de-juliol-dia-internacional-de-la-tcai\/\" aria-label=\"M\u00e9s informaci\u00f3 sobre 14 de juliol dia internacional de la TCAI\">Read more<\/a><\/p>\n","protected":false},"author":4386,"featured_media":32106,"comment_status":"closed","ping_status":"closed","sticky":false,"template":"","format":"standard","meta":{"footnotes":""},"categories":[1],"tags":[],"area":[],"class_list":["post-32104","post","type-post","status-publish","format-standard","has-post-thumbnail","hentry","category-noticies","generate-columns","tablet-grid-50","mobile-grid-100","grid-parent","grid-50"],"_links":{"self":[{"href":"https:\/\/ccoo.app\/ics\/wp-json\/wp\/v2\/posts\/32104","targetHints":{"allow":["GET"]}}],"collection":[{"href":"https:\/\/ccoo.app\/ics\/wp-json\/wp\/v2\/posts"}],"about":[{"href":"https:\/\/ccoo.app\/ics\/wp-json\/wp\/v2\/types\/post"}],"author":[{"embeddable":true,"href":"https:\/\/ccoo.app\/ics\/wp-json\/wp\/v2\/users\/4386"}],"replies":[{"embeddable":true,"href":"https:\/\/ccoo.app\/ics\/wp-json\/wp\/v2\/comments?post=32104"}],"version-history":[{"count":1,"href":"https:\/\/ccoo.app\/ics\/wp-json\/wp\/v2\/posts\/32104\/revisions"}],"predecessor-version":[{"id":32107,"href":"https:\/\/ccoo.app\/ics\/wp-json\/wp\/v2\/posts\/32104\/revisions\/32107"}],"wp:featuredmedia":[{"embeddable":true,"href":"https:\/\/ccoo.app\/ics\/wp-json\/wp\/v2\/media\/32106"}],"wp:attachment":[{"href":"https:\/\/ccoo.app\/ics\/wp-json\/wp\/v2\/media?parent=32104"}],"wp:term":[{"taxonomy":"category","embeddable":true,"href":"https:\/\/ccoo.app\/ics\/wp-json\/wp\/v2\/categories?post=32104"},{"taxonomy":"post_tag","embeddable":true,"href":"https:\/\/ccoo.app\/ics\/wp-json\/wp\/v2\/tags?post=32104"},{"taxonomy":"area","embeddable":true,"href":"https:\/\/ccoo.app\/ics\/wp-json\/wp\/v2\/area?post=32104"}],"curies":[{"name":"wp","href":"https:\/\/api.w.org\/{rel}","templated":true}]}}