{"id":32099,"date":"2023-06-30T20:26:11","date_gmt":"2023-06-30T18:26:11","guid":{"rendered":"https:\/\/ccoo.app\/ics\/?p=32099"},"modified":"2023-06-30T20:26:11","modified_gmt":"2023-06-30T18:26:11","slug":"nous-permisos-i-drets-de-conciliacio-funcio-publica","status":"publish","type":"post","link":"https:\/\/ccoo.app\/ics\/noticies\/nous-permisos-i-drets-de-conciliacio-funcio-publica\/","title":{"rendered":"Nous permisos i drets de conciliaci\u00f3, funci\u00f3 p\u00fablica"},"content":{"rendered":"\n<p>El Consell de Ministres ha aprovat diversos\u00a0<strong><a href=\"http:\/\/ccoo.app\/ics\/wp-content\/blogs.dir\/6\/files\/sites\/200\/2023\/06\/real-decret-llei-5-2023-nous-permisos-conciliacio.pdf\" data-type=\"URL\" data-id=\"http:\/\/ccoo.app\/ics\/wp-content\/blogs.dir\/6\/files\/sites\/200\/2023\/06\/real-decret-llei-5-2023-nous-permisos-conciliacio.pdf\" target=\"_blank\" rel=\"noreferrer noopener\">permisos per tenir cura de familiars i fills<\/a><\/strong>\u00a0que estaven inclosos a la llei de fam\u00edlies impulsada pel Govern per\u00f2 aturada davant l\u2019anunci de l\u2019avan\u00e7ament de les eleccions generals.<\/p>\n\n\n\n<p>Despr\u00e9s de la publicaci\u00f3 al BOE del RealDecret Llei 5\/2023, de 28 de juny de 2023, hem elaborat un quadre resum, ja que hi ha difer\u00e8ncies importants pel que fa als treballadors\/es subjectes a l&#8217;Estatut del Treballador o  b\u00e9 pels treballadors de la funci\u00f3 p\u00fablica que resten subjectes al Text Ref\u00f3s de l&#8217;EBEP.<\/p>\n\n\n\n<p>Aquests permisos <strong>ENTREN EN VIGOR AVUI <\/strong>30.06.2023.<\/p>\n\n\n\n<p><strong>Tot seguit, teniu\u00a0guia-res<\/strong>um<\/p>\n\n\n\n<div data-wp-interactive=\"core\/file\" class=\"wp-block-file\"><object data-wp-bind--hidden=\"!state.hasPdfPreview\" hidden class=\"wp-block-file__embed\" data=\"http:\/\/ccoo.app\/ics\/wp-content\/blogs.dir\/6\/files\/sites\/200\/2023\/06\/ccoosanitat_nous-permisos-ebep.pdf\" type=\"application\/pdf\" style=\"width:100%;height:600px\" aria-label=\"Incrustaci\u00f3 del fitxer CCOOSanitat_NOUS PERMISOS EBEP.\"><\/object><a id=\"wp-block-file--media-2bb4df00-52f1-430a-b561-6bcb92f41ad6\" href=\"http:\/\/ccoo.app\/ics\/wp-content\/blogs.dir\/6\/files\/sites\/200\/2023\/06\/ccoosanitat_nous-permisos-ebep.pdf\">CCOOSanitat_NOUS PERMISOS EBEP<\/a><a href=\"http:\/\/ccoo.app\/ics\/wp-content\/blogs.dir\/6\/files\/sites\/200\/2023\/06\/ccoosanitat_nous-permisos-ebep.pdf\" class=\"wp-block-file__button wp-element-button\" download aria-describedby=\"wp-block-file--media-2bb4df00-52f1-430a-b561-6bcb92f41ad6\">Baixa<\/a><\/div>\n","protected":false},"excerpt":{"rendered":"<p>El Consell de Ministres ha aprovat diversos\u00a0permisos per tenir cura de familiars i fills\u00a0que estaven inclosos a la llei de fam\u00edlies impulsada pel Govern per\u00f2 aturada davant l\u2019anunci de l\u2019avan\u00e7ament &#8230; <a title=\"Nous permisos i drets de conciliaci\u00f3, funci\u00f3 p\u00fablica\" class=\"read-more\" href=\"https:\/\/ccoo.app\/ics\/noticies\/nous-permisos-i-drets-de-conciliacio-funcio-publica\/\" aria-label=\"M\u00e9s informaci\u00f3 sobre Nous permisos i drets de conciliaci\u00f3, funci\u00f3 p\u00fablica\">Read more<\/a><\/p>\n","protected":false},"author":4386,"featured_media":32102,"comment_status":"closed","ping_status":"closed","sticky":false,"template":"","format":"standard","meta":{"footnotes":""},"categories":[12,1],"tags":[],"area":[],"class_list":["post-32099","post","type-post","status-publish","format-standard","has-post-thumbnail","hentry","category-actualitat","category-noticies","generate-columns","tablet-grid-50","mobile-grid-100","grid-parent","grid-50"],"_links":{"self":[{"href":"https:\/\/ccoo.app\/ics\/wp-json\/wp\/v2\/posts\/32099","targetHints":{"allow":["GET"]}}],"collection":[{"href":"https:\/\/ccoo.app\/ics\/wp-json\/wp\/v2\/posts"}],"about":[{"href":"https:\/\/ccoo.app\/ics\/wp-json\/wp\/v2\/types\/post"}],"author":[{"embeddable":true,"href":"https:\/\/ccoo.app\/ics\/wp-json\/wp\/v2\/users\/4386"}],"replies":[{"embeddable":true,"href":"https:\/\/ccoo.app\/ics\/wp-json\/wp\/v2\/comments?post=32099"}],"version-history":[{"count":1,"href":"https:\/\/ccoo.app\/ics\/wp-json\/wp\/v2\/posts\/32099\/revisions"}],"predecessor-version":[{"id":32103,"href":"https:\/\/ccoo.app\/ics\/wp-json\/wp\/v2\/posts\/32099\/revisions\/32103"}],"wp:featuredmedia":[{"embeddable":true,"href":"https:\/\/ccoo.app\/ics\/wp-json\/wp\/v2\/media\/32102"}],"wp:attachment":[{"href":"https:\/\/ccoo.app\/ics\/wp-json\/wp\/v2\/media?parent=32099"}],"wp:term":[{"taxonomy":"category","embeddable":true,"href":"https:\/\/ccoo.app\/ics\/wp-json\/wp\/v2\/categories?post=32099"},{"taxonomy":"post_tag","embeddable":true,"href":"https:\/\/ccoo.app\/ics\/wp-json\/wp\/v2\/tags?post=32099"},{"taxonomy":"area","embeddable":true,"href":"https:\/\/ccoo.app\/ics\/wp-json\/wp\/v2\/area?post=32099"}],"curies":[{"name":"wp","href":"https:\/\/api.w.org\/{rel}","templated":true}]}}