{"id":32095,"date":"2023-06-28T09:42:43","date_gmt":"2023-06-28T07:42:43","guid":{"rendered":"https:\/\/ccoo.app\/ics\/?p=32095"},"modified":"2023-06-28T10:16:05","modified_gmt":"2023-06-28T08:16:05","slug":"jornada-a-la-feina-amb-orgull-de-les-lleis-a-la-realitat","status":"publish","type":"post","link":"https:\/\/ccoo.app\/ics\/noticies\/jornada-a-la-feina-amb-orgull-de-les-lleis-a-la-realitat\/","title":{"rendered":"Jornada \u201cA la feina amb orgull: de les lleis a la realitat\u201d"},"content":{"rendered":"\n<figure class=\"wp-block-image\"><img decoding=\"async\" src=\"https:\/\/www.ccoo.cat\/wp-content\/uploads\/2023\/06\/a-la-feina-amb-orgull.jpg\" alt=\"A La Feina Amb Orgull\" \/><\/figure>\n\n\n\n<p>El dia 28 de Juny&nbsp;commemorem el Dia Internacional de l\u2019Orgull LGTBI+. \u00c9s per aix\u00f2 que&nbsp;es far\u00e0 la jornada \u201cA la feina amb orgull: de les lleis a la realitat\u201d,&nbsp;a l\u2019Espai Assemblea (Via Laietana,16, planta baixa, de Barcelona), de 9.30 a 13.30 h,&nbsp;amb tres pon\u00e8ncies relacionades amb el treball i l\u2019emancipaci\u00f3 LGTBI+, amb una visi\u00f3 que englobar\u00e0 des dels centres de treball al conjunt de la societat.<\/p>\n\n\n\n<p>A CCOO, com a sindicat de classe i agent d\u2019igualtat, fa anys que treballem pels drets socials i laborals de les persones LGTBI+ i en contra de qualsevol discriminaci\u00f3 per ra\u00f3 d\u2019orientaci\u00f3 sexual, identitat o expressi\u00f3 de g\u00e8nere. I tamb\u00e9 fa anys que lluitem per erradicar la viol\u00e8ncia i l\u2019assetjament amb l\u2019objectiu de garantir el respecte a la dignitat de les persones i la diversitat, i de salvaguardar, en definitiva, els drets humans.<\/p>\n\n\n\n<p>Com a sindicat, hem d\u2019articular les nostres accions sobre tres pilars: la negociaci\u00f3 col\u00b7lectiva, la concertaci\u00f3 i el di\u00e0leg social.<\/p>\n\n\n\n<p>Hem de seguir impulsant la introducci\u00f3 de cl\u00e0usules en els convenis col\u00b7lectius, que, per un costat, generin preceptes espec\u00edfics en defensa del col\u00b7lectiu i contra la discriminaci\u00f3 i, per l\u2019altre, donin una perspectiva LGTBI+ al conjunt de l\u2019articulat dels nostres convenis, que abordin des de l\u2019erradicaci\u00f3 de l\u2019LGTBI+-f\u00f2bia als centres de treball fins a la inclusi\u00f3 de la perspectiva LGTBI+ en les pol\u00edtiques de prevenci\u00f3 de riscos laborals, passant per generar a totes les empreses protocols contra l\u2019assetjament espec\u00edfic vers el col\u00b7lectiu.<\/p>\n\n\n\n<div class=\"wp-block-buttons is-layout-flex wp-block-buttons-is-layout-flex\">\n<div class=\"wp-block-button is-style-outline is-style-outline--1\"><a class=\"wp-block-button__link wp-element-button\">Inscripci\u00f3 a la jornada \u00bb<\/a><\/div>\n<\/div>\n\n\n\n<div class=\"wp-block-buttons is-layout-flex wp-block-buttons-is-layout-flex\">\n<div class=\"wp-block-button is-style-outline is-style-outline--2\"><a class=\"wp-block-button__link wp-element-button\">Cartell de la jornada \u00bb<\/a><\/div>\n<\/div>\n\n\n\n<div class=\"wp-block-buttons is-layout-flex wp-block-buttons-is-layout-flex\">\n<div class=\"wp-block-button is-style-outline is-style-outline--3\"><a class=\"wp-block-button__link wp-element-button\">Manifest del Dia de l\u2019Orgull 2023 \u00bb<\/a><\/div>\n<\/div>\n\n\n\n<figure class=\"wp-block-image\"><img decoding=\"async\" src=\"https:\/\/www.ccoo.cat\/wp-content\/uploads\/2023\/06\/fullet-jornada-a-la-feina-amb-orgull-2023.jpg\" alt=\"Fullet Jornada A La Feina Amb Orgull 2023\" \/><\/figure>\n","protected":false},"excerpt":{"rendered":"<p>El dia 28 de Juny&nbsp;commemorem el Dia Internacional de l\u2019Orgull LGTBI+. \u00c9s per aix\u00f2 que&nbsp;es far\u00e0 la jornada \u201cA la feina amb orgull: de les lleis a la realitat\u201d,&nbsp;a l\u2019Espai &#8230; <a title=\"Jornada \u201cA la feina amb orgull: de les lleis a la realitat\u201d\" class=\"read-more\" href=\"https:\/\/ccoo.app\/ics\/noticies\/jornada-a-la-feina-amb-orgull-de-les-lleis-a-la-realitat\/\" aria-label=\"M\u00e9s informaci\u00f3 sobre Jornada \u201cA la feina amb orgull: de les lleis a la realitat\u201d\">Read more<\/a><\/p>\n","protected":false},"author":4386,"featured_media":32098,"comment_status":"closed","ping_status":"closed","sticky":false,"template":"","format":"standard","meta":{"footnotes":""},"categories":[9,1],"tags":[],"area":[],"class_list":["post-32095","post","type-post","status-publish","format-standard","has-post-thumbnail","hentry","category-igualtat","category-noticies","generate-columns","tablet-grid-50","mobile-grid-100","grid-parent","grid-50"],"_links":{"self":[{"href":"https:\/\/ccoo.app\/ics\/wp-json\/wp\/v2\/posts\/32095","targetHints":{"allow":["GET"]}}],"collection":[{"href":"https:\/\/ccoo.app\/ics\/wp-json\/wp\/v2\/posts"}],"about":[{"href":"https:\/\/ccoo.app\/ics\/wp-json\/wp\/v2\/types\/post"}],"author":[{"embeddable":true,"href":"https:\/\/ccoo.app\/ics\/wp-json\/wp\/v2\/users\/4386"}],"replies":[{"embeddable":true,"href":"https:\/\/ccoo.app\/ics\/wp-json\/wp\/v2\/comments?post=32095"}],"version-history":[{"count":2,"href":"https:\/\/ccoo.app\/ics\/wp-json\/wp\/v2\/posts\/32095\/revisions"}],"predecessor-version":[{"id":32097,"href":"https:\/\/ccoo.app\/ics\/wp-json\/wp\/v2\/posts\/32095\/revisions\/32097"}],"wp:featuredmedia":[{"embeddable":true,"href":"https:\/\/ccoo.app\/ics\/wp-json\/wp\/v2\/media\/32098"}],"wp:attachment":[{"href":"https:\/\/ccoo.app\/ics\/wp-json\/wp\/v2\/media?parent=32095"}],"wp:term":[{"taxonomy":"category","embeddable":true,"href":"https:\/\/ccoo.app\/ics\/wp-json\/wp\/v2\/categories?post=32095"},{"taxonomy":"post_tag","embeddable":true,"href":"https:\/\/ccoo.app\/ics\/wp-json\/wp\/v2\/tags?post=32095"},{"taxonomy":"area","embeddable":true,"href":"https:\/\/ccoo.app\/ics\/wp-json\/wp\/v2\/area?post=32095"}],"curies":[{"name":"wp","href":"https:\/\/api.w.org\/{rel}","templated":true}]}}