{"id":32089,"date":"2023-06-15T08:00:00","date_gmt":"2023-06-15T06:00:00","guid":{"rendered":"https:\/\/ccoo.app\/ics\/?p=32089"},"modified":"2023-06-16T13:09:23","modified_gmt":"2023-06-16T11:09:23","slug":"presentem-linforme-murs-bretxes-i-reptes-de-la-digitalitzacio-a-ladministracio-publica-el-cas-de-catalunya-vist-des-de-la-ciutadania-i-els-treballadors-i-treballadores-pub","status":"publish","type":"post","link":"https:\/\/ccoo.app\/ics\/noticies\/presentem-linforme-murs-bretxes-i-reptes-de-la-digitalitzacio-a-ladministracio-publica-el-cas-de-catalunya-vist-des-de-la-ciutadania-i-els-treballadors-i-treballadores-pub\/","title":{"rendered":"Presentem l\u2019informe \u201cMurs, bretxes i reptes de la digitalitzaci\u00f3 a l\u2019administraci\u00f3 p\u00fablica. El cas de Catalunya vist des de la ciutadania i els treballadors i treballadores p\u00fablics\u201d"},"content":{"rendered":"\n<h2 class=\"wp-block-heading\">En el marc de la II Jornada d\u2019Administracions P\u00fabliques i Atenci\u00f3 Ciutadana en un M\u00f3n Sigital.<\/h2>\n\n\n\n<p>La digitalitzaci\u00f3 est\u00e0 transformant les relacions laborals i les interaccions quotidianes dels ciutadans i ciutadanes amb l\u2019Administraci\u00f3 p\u00fablica. En aquest context, i derivat de l\u2019increment de processos digitals que la pand\u00e8mia va obligar a introduir, s\u2019han detectat&nbsp;<strong>dificultats d\u2019acc\u00e9s<\/strong>&nbsp;causades per dissenys inadequats dels llocs web de l\u2019Administraci\u00f3 p\u00fablica, que afecten especialment&nbsp;<strong>aquelles persones amb dificultats afegides, com persones migrants, persones grans i persones amb diversitat funcional<\/strong>. Tot plegat, sumat al fet que el personal de l\u2019Administraci\u00f3, insuficient i envellit, tampoc no ha rebut prou formaci\u00f3 per afrontar aquests reptes.<\/p>\n\n\n\n<p>Per tal de revertir i millorar aquesta situaci\u00f3, CCOO de Catalunya hem elaborat l\u2019<a href=\"https:\/\/www.ccoo.cat\/wp-content\/uploads\/2023\/06\/informe-digitalitzacio-murs-bretxes-i-reptes-de-la-digitalitzacio-a-l-administracio-publica.pdf\">informe \u201cMurs, bretxes i reptes de la digitalitzaci\u00f3 a l\u2019Administraci\u00f3 p\u00fablica. El cas de Catalunya vist de de la ciutadania i els treballadors i treballadores p\u00fablics<\/a>\u201d que analitza quin \u00e9s l\u2019<strong>impacte hum\u00e0 que est\u00e0 tenint l\u2019actual proc\u00e9s de digitalitzaci\u00f3 de les administracions p\u00fabliques catalanes<\/strong>&nbsp;des d\u2019una doble \u00f2ptica: la posici\u00f3 de la ciutadania davant d\u2019aquesta transformaci\u00f3 i els impactes m\u00e9s immediats que aquest proc\u00e9s suposa des del punt de vista laboral per als treballadors i treballadores p\u00fablics.<\/p>\n\n\n\n<p>Amb la voluntat sindical i sociopol\u00edtica d\u2019aportar, incidir i corregir el proc\u00e9s de digitalitzaci\u00f3 de les administracions p\u00fabliques i el de la seva relaci\u00f3 amb la ciutadania, CCOO de Catalunya fem un seguit de propostes i recomanacions que hem presentat a la jornada juntament amb experts i representants de l\u2019Administraci\u00f3 p\u00fablica. L\u2019informe posa de manifest clares&nbsp;<strong>mancances tant pel que fa a l\u2019accessibilitat de la ciutadania, com pel que es refereix a la formaci\u00f3 i els recursos de les persones treballadores<\/strong>.<\/p>\n\n\n\n<div class=\"wp-block-buttons is-layout-flex wp-block-buttons-is-layout-flex\">\n<div class=\"wp-block-button is-style-outline is-style-outline--1\"><a class=\"wp-block-button__link wp-element-button\" href=\"https:\/\/www.ccoo.cat\/wp-content\/uploads\/2023\/06\/informe-digitalitzacio-murs-bretxes-i-reptes-de-la-digitalitzacio-a-l-administracio-publica.pdf\">Informe. &#8220;\u201cMurs, bretxes i reptes de la digitalitzaci\u00f3 a l\u2019administraci\u00f3 p\u00fablica&#8221;<\/a><\/div>\n<\/div>\n","protected":false},"excerpt":{"rendered":"<p>En el marc de la II Jornada d\u2019Administracions P\u00fabliques i Atenci\u00f3 Ciutadana en un M\u00f3n Sigital. La digitalitzaci\u00f3 est\u00e0 transformant les relacions laborals i les interaccions quotidianes dels ciutadans i &#8230; <a title=\"Presentem l\u2019informe \u201cMurs, bretxes i reptes de la digitalitzaci\u00f3 a l\u2019administraci\u00f3 p\u00fablica. El cas de Catalunya vist des de la ciutadania i els treballadors i treballadores p\u00fablics\u201d\" class=\"read-more\" href=\"https:\/\/ccoo.app\/ics\/noticies\/presentem-linforme-murs-bretxes-i-reptes-de-la-digitalitzacio-a-ladministracio-publica-el-cas-de-catalunya-vist-des-de-la-ciutadania-i-els-treballadors-i-treballadores-pub\/\" aria-label=\"M\u00e9s informaci\u00f3 sobre Presentem l\u2019informe \u201cMurs, bretxes i reptes de la digitalitzaci\u00f3 a l\u2019administraci\u00f3 p\u00fablica. El cas de Catalunya vist des de la ciutadania i els treballadors i treballadores p\u00fablics\u201d\">Read more<\/a><\/p>\n","protected":false},"author":4386,"featured_media":32090,"comment_status":"closed","ping_status":"closed","sticky":false,"template":"","format":"standard","meta":{"footnotes":""},"categories":[12,1],"tags":[],"area":[],"class_list":["post-32089","post","type-post","status-publish","format-standard","has-post-thumbnail","hentry","category-actualitat","category-noticies","generate-columns","tablet-grid-50","mobile-grid-100","grid-parent","grid-50"],"_links":{"self":[{"href":"https:\/\/ccoo.app\/ics\/wp-json\/wp\/v2\/posts\/32089","targetHints":{"allow":["GET"]}}],"collection":[{"href":"https:\/\/ccoo.app\/ics\/wp-json\/wp\/v2\/posts"}],"about":[{"href":"https:\/\/ccoo.app\/ics\/wp-json\/wp\/v2\/types\/post"}],"author":[{"embeddable":true,"href":"https:\/\/ccoo.app\/ics\/wp-json\/wp\/v2\/users\/4386"}],"replies":[{"embeddable":true,"href":"https:\/\/ccoo.app\/ics\/wp-json\/wp\/v2\/comments?post=32089"}],"version-history":[{"count":2,"href":"https:\/\/ccoo.app\/ics\/wp-json\/wp\/v2\/posts\/32089\/revisions"}],"predecessor-version":[{"id":32092,"href":"https:\/\/ccoo.app\/ics\/wp-json\/wp\/v2\/posts\/32089\/revisions\/32092"}],"wp:featuredmedia":[{"embeddable":true,"href":"https:\/\/ccoo.app\/ics\/wp-json\/wp\/v2\/media\/32090"}],"wp:attachment":[{"href":"https:\/\/ccoo.app\/ics\/wp-json\/wp\/v2\/media?parent=32089"}],"wp:term":[{"taxonomy":"category","embeddable":true,"href":"https:\/\/ccoo.app\/ics\/wp-json\/wp\/v2\/categories?post=32089"},{"taxonomy":"post_tag","embeddable":true,"href":"https:\/\/ccoo.app\/ics\/wp-json\/wp\/v2\/tags?post=32089"},{"taxonomy":"area","embeddable":true,"href":"https:\/\/ccoo.app\/ics\/wp-json\/wp\/v2\/area?post=32089"}],"curies":[{"name":"wp","href":"https:\/\/api.w.org\/{rel}","templated":true}]}}