{"id":32086,"date":"2023-06-14T20:00:00","date_gmt":"2023-06-14T18:00:00","guid":{"rendered":"https:\/\/ccoo.app\/ics\/?p=32086"},"modified":"2023-06-16T10:55:43","modified_gmt":"2023-06-16T08:55:43","slug":"nous-avancos-en-el-desenvolupament-de-lacord-marc-per-a-una-administracio-del-segle-xxi","status":"publish","type":"post","link":"https:\/\/ccoo.app\/ics\/noticies\/actualitat\/nous-avancos-en-el-desenvolupament-de-lacord-marc-per-a-una-administracio-del-segle-xxi\/","title":{"rendered":"Nous avan\u00e7os en el desenvolupament de l\u2019Acord marc per a una Administraci\u00f3 del segle XXI"},"content":{"rendered":"\n<p>LA COMISSI\u00d3 DE SEGUIMENT DE L\u2019ACORD CONCRETA DIVERSES MAT\u00c8RIES AMB EL MINISTERI D\u2019HISENDA I FUNCI\u00d3 P\u00daBLICA<\/p>\n\n\n\n<h6 class=\"wp-block-heading\"><strong>En la reuni\u00f3 de la Comissi\u00f3 de Seguiment celebrada el dia 12 de juny, CCOO i UGT, signants de l\u2019Acord marc per a una Administraci\u00f3 del segle XXI, han concretat avan\u00e7os en el desenvolupament de diverses q\u00fcestions que formen part de l\u2019acord.<\/strong><\/h6>\n\n\n\n<p>El Ministeri d\u2019Hisenda i Funci\u00f3 P\u00fablica ha informat que avui, el 13 de juny, comen\u00e7a la tramitaci\u00f3 de la normativa precisa referida a la millora dels imports de les despeses de despla\u00e7ament conseq\u00fc\u00e8ncia de l\u2019activitat de prestaci\u00f3 de serveis (elevar la quantia a abonar i la seva exempci\u00f3 de l\u2019IRPF, de 0,19 euros\/quil\u00f2metre a 0,26 euros\/quil\u00f2metre).<\/p>\n\n\n\n<p>Referent a igualtat de g\u00e8nere en les Administracions P\u00fabliques, el Ministeri est\u00e0 analitzant les propostes que les dues organitzacions sindicals li han traslladat; recollint gran part d\u2019aquestes, per la qual cosa, d\u2019existir coincid\u00e8ncia \u00e0mplia en els plantejaments, es convocaria el Grup de Treball de manera imminent per a tancar el text de manera definitiva.<\/p>\n\n\n\n<p>Respecte als fons addicionals pendents de l\u2019Administraci\u00f3 General de l\u2019Estat (AGE), la situaci\u00f3 \u00e9s la seg\u00fcent:<\/p>\n\n\n\n<p>Els fons addicionals destinats en un percentatge del 25% per als complements salarials del personal laboral, s\u2019abonaran en la n\u00f2mina del mes de juliol de 2023.<br>La mesura 3 d\u2019acord de 2019 (personal funcionari, complement espec\u00edfic), es convoca el grup de treball per a dijous que ve 22 de juny.<br>D\u2019un altre costat, per a l\u2019adequaci\u00f3 retributiva del personal laboral en l\u2019exterior (PLEX), relativa a l\u2019any 2023 (2,5%), es convoca una reuni\u00f3 dijous que ve, 15 de juny, quedant arracada la part variable del 0,5% en relaci\u00f3 al PIB i 0,5% a l\u2019IPC, tenint com a refer\u00e8ncia l\u2019acord del 90.<\/p>\n\n\n\n<p>Sobre la resta de mat\u00e8ries pendents, per part d\u2019UGT i CCOO, estant ja tancats els temes, s\u2019ha posat l\u2019accent en la import\u00e0ncia de culminar la derogaci\u00f3 del RDL 20\/2012 (restabliment de m\u00ednims en permisos i vacances i la jubilaci\u00f3 parcial anticipada per al personal funcionari i estatutari).<\/p>\n\n\n\n<p>Aix\u00ed mateix, s\u2019ha reiterat la necessitat d\u2019impulsar la plena aplicaci\u00f3 de la classificaci\u00f3 professional de l\u2019article 76 del TREBEP (amb especial rellev\u00e0ncia en l\u2019\u00e0mbit del personal estatutari dels Serveis de Salut).<\/p>\n\n\n\n<p>En un altre ordre de coses, el Ministeri i les organitzacions sindicals signants, continuen treballant sobre la base dels compromisos adquirits en l\u2019Acord, per la qual cosa s\u2019ha sol\u00b7licitat la convocat\u00f2ria, en dates pr\u00f2ximes, de reunions per a negociar la jornada ordin\u00e0ria de 35 hores en la AGE i l\u2019aprovaci\u00f3 de la OPE de l\u2019any 2023. Sens dubte, la concreci\u00f3 d\u2019aquestes mat\u00e8ries contribueix a millorar els drets i condicions de treball de les empleades i empleats p\u00fablics afectats. Mat\u00e8ries que esperem que es vegin complementades, en breu, amb la transposici\u00f3 normativa de les quals queden pendents.<\/p>\n","protected":false},"excerpt":{"rendered":"<p>LA COMISSI\u00d3 DE SEGUIMENT DE L\u2019ACORD CONCRETA DIVERSES MAT\u00c8RIES AMB EL MINISTERI D\u2019HISENDA I FUNCI\u00d3 P\u00daBLICA En la reuni\u00f3 de la Comissi\u00f3 de Seguiment celebrada el dia 12 de juny, &#8230; <a title=\"Nous avan\u00e7os en el desenvolupament de l\u2019Acord marc per a una Administraci\u00f3 del segle XXI\" class=\"read-more\" href=\"https:\/\/ccoo.app\/ics\/noticies\/actualitat\/nous-avancos-en-el-desenvolupament-de-lacord-marc-per-a-una-administracio-del-segle-xxi\/\" aria-label=\"M\u00e9s informaci\u00f3 sobre Nous avan\u00e7os en el desenvolupament de l\u2019Acord marc per a una Administraci\u00f3 del segle XXI\">Read more<\/a><\/p>\n","protected":false},"author":4386,"featured_media":32087,"comment_status":"closed","ping_status":"closed","sticky":false,"template":"","format":"standard","meta":{"footnotes":""},"categories":[12],"tags":[],"area":[],"class_list":["post-32086","post","type-post","status-publish","format-standard","has-post-thumbnail","hentry","category-actualitat","generate-columns","tablet-grid-50","mobile-grid-100","grid-parent","grid-50"],"_links":{"self":[{"href":"https:\/\/ccoo.app\/ics\/wp-json\/wp\/v2\/posts\/32086","targetHints":{"allow":["GET"]}}],"collection":[{"href":"https:\/\/ccoo.app\/ics\/wp-json\/wp\/v2\/posts"}],"about":[{"href":"https:\/\/ccoo.app\/ics\/wp-json\/wp\/v2\/types\/post"}],"author":[{"embeddable":true,"href":"https:\/\/ccoo.app\/ics\/wp-json\/wp\/v2\/users\/4386"}],"replies":[{"embeddable":true,"href":"https:\/\/ccoo.app\/ics\/wp-json\/wp\/v2\/comments?post=32086"}],"version-history":[{"count":1,"href":"https:\/\/ccoo.app\/ics\/wp-json\/wp\/v2\/posts\/32086\/revisions"}],"predecessor-version":[{"id":32088,"href":"https:\/\/ccoo.app\/ics\/wp-json\/wp\/v2\/posts\/32086\/revisions\/32088"}],"wp:featuredmedia":[{"embeddable":true,"href":"https:\/\/ccoo.app\/ics\/wp-json\/wp\/v2\/media\/32087"}],"wp:attachment":[{"href":"https:\/\/ccoo.app\/ics\/wp-json\/wp\/v2\/media?parent=32086"}],"wp:term":[{"taxonomy":"category","embeddable":true,"href":"https:\/\/ccoo.app\/ics\/wp-json\/wp\/v2\/categories?post=32086"},{"taxonomy":"post_tag","embeddable":true,"href":"https:\/\/ccoo.app\/ics\/wp-json\/wp\/v2\/tags?post=32086"},{"taxonomy":"area","embeddable":true,"href":"https:\/\/ccoo.app\/ics\/wp-json\/wp\/v2\/area?post=32086"}],"curies":[{"name":"wp","href":"https:\/\/api.w.org\/{rel}","templated":true}]}}