{"id":32082,"date":"2023-06-15T20:00:00","date_gmt":"2023-06-15T18:00:00","guid":{"rendered":"https:\/\/ccoo.app\/ics\/?p=32082"},"modified":"2023-06-16T10:53:25","modified_gmt":"2023-06-16T08:53:25","slug":"un-informe-de-ccoo-revela-que-els-hospitals-espanyols-necessiten-com-a-minim-47-000-professionals-tcais-mes","status":"publish","type":"post","link":"https:\/\/ccoo.app\/ics\/noticies\/un-informe-de-ccoo-revela-que-els-hospitals-espanyols-necessiten-com-a-minim-47-000-professionals-tcais-mes\/","title":{"rendered":"Un informe de CCOO revela que els hospitals espanyols necessiten com a m\u00ednim 47.000 professionals TCAIs m\u00e9s"},"content":{"rendered":"\n<h6 class=\"wp-block-heading\"><strong>La Federaci\u00f3 de Sanitat i Sectors Sociosanitaris de CCOO (FSS-CCOO) presenta el seu primer estudi sobre les condicions laborals del col\u00b7lectiu TCAI, dut a terme a partir d\u2019unes 3.000 enquestes realitzades a treballadores i treballadors.<\/strong><\/h6>\n\n\n\n<h6 class=\"wp-block-heading\"><strong>Entre les seves principals conclusions cal destacar: les plantilles estan infradotades i no es planifiquen adequadament; les r\u00e0tios en les unitats d\u2019hospitalitzaci\u00f3 s\u00f3n excessivament elevades, el 47% at\u00e9n entre 10 i 14 pacients; i un 75% de les i els professionals d\u2019Atenci\u00f3 prim\u00e0ria o de Consultes d\u2019Atenci\u00f3 Hospital\u00e0ria declaren haver sofert agressions, etc. Condicions laborals que a m\u00e9s, tal com denuncia aquest sindicat, deterioren la qualitat assistencial rebuda pels pacients, m\u00e9s encara quan des de CCOO s\u2019ha detectat que \u00e9s necessari incorporar 46.671 TCAIs en els denominats H. Generals i H. Especialitzats per a possibilitar que la configuraci\u00f3 dels equips d\u2019Infermeria (1 infermera\/1 TCAI) sigui una realitat.<\/strong><\/h6>\n\n\n\n<p>L\u2019objectiu principal d\u2019aquest estudi \u00e9s visibilitzar la figura TCAI, la seva import\u00e0ncia en el desenvolupament del treball en els equips d\u2019Infermeria, les seves compet\u00e8ncies, el con\u00e8ixer el nombre de pacients que t\u00e9 assignat cada TCAIper torn habitualment, com una dada que pot aproximar la c\u00e0rrega de treball que suporten, etc.<\/p>\n\n\n\n<p>Aquest primer estudi sobre les condicions laborals del col\u00b7lectiu TCAI, elaborat per la FSS-CCOO, detecta conclusions tan rellevants com les seg\u00fcents:<\/p>\n\n\n\n<ul class=\"wp-block-list\">\n<li>Les plantilles estan infradotades i no es planifiquen adequadament, ni se supleixen les abs\u00e8ncies prou. El 69% del personal TCAI enquestat considera que el nombre de professionals de la seva unitat no \u00e9s suficient per a desenvolupar un treball de qualitat durant la seva jornada laboral i un 43% va respondre que no es refor\u00e7a la seva unitat per abs\u00e8ncies, vacances, augment d\u2019activitat.<\/li>\n\n\n\n<li>Les r\u00e0tios en les Unitats d\u2019Hospitalitzaci\u00f3 s\u00f3n excessivament elevades, el 47% at\u00e9n entre 10 i 14 pacients i el 24% a m\u00e9s de 15 pacients. La r\u00e0tio de m\u00e9s de 15 pacients augmenta els caps de setmana (28%) i en els torns de nit (49%).<\/li>\n\n\n\n<li>Els d\u00e8ficits de plantilla i la mala planificaci\u00f3 possiblement \u00e9s la causa que un 54% de totes les persones enquestades hagin hagut de doblegar torns.<\/li>\n\n\n\n<li>Els torns de treball afecten la conciliaci\u00f3 de la vida familiar.<\/li>\n\n\n\n<li>Tan sols un 15% va confirmar que en el seu centre estava implantada la figura de Coordinador o Coordinadora de TCAIs.<\/li>\n\n\n\n<li>L\u2019exc\u00e9s de r\u00e0tio pacient\/TCAI est\u00e0 directament relacionat amb un major nombre de baixes per lesions musculoesquel\u00e8tiques.<\/li>\n\n\n\n<li>El 75% de les i els professionals d\u2019Atenci\u00f3 prim\u00e0ria o de Consultes d\u2019Atenci\u00f3 Hospital\u00e0ria declaren haver sofert agressions verbals, f\u00edsiques o ps\u00edquiques per part de pacients\/familiars, seguides pels qui treballen en les O. Quir\u00fargiques i d\u2019Hospitalitzaci\u00f3 (74%) i en dels Serveis Especials (65%) i \u00e9s el personal dels Serveis Centrals els qui declaren haver sofert menys agressions (36%).<\/li>\n\n\n\n<li>Se senten mal retribu\u00efdes pel seu treball. El 76% sent poca o cap satisfacci\u00f3 per la retribuci\u00f3 total que reben pel seu treball.<\/li>\n<\/ul>\n\n\n\n<p>Els resultats d\u2019aquest estudi avalen els diferents aspectes en els quals CCOO porta treballant des de fa temps, per a visibilitzar l\u2019aportaci\u00f3 d\u2019aquest col\u00b7lectiu professional al sistema sanitari p\u00fablic i impulsar millores en les seves condicions de treball i en el seu desenvolupament professional. Algunes de les propostes de la FSS-CCOO s\u00f3n:<\/p>\n\n\n\n<ul class=\"wp-block-list\">\n<li>Augmentar el finan\u00e7ament de la Sanitat p\u00fablica, com a m\u00ednim, d\u2019un 7,2% del PIB.<\/li>\n\n\n\n<li>Incorporar 46.671 TCAI en els denominats H. Generals i H. Especialitzats per a possibilitar que la configuraci\u00f3 dels equips d\u2019Infermeria (1 infermera\/1 TCAI) sigui una realitat.<\/li>\n\n\n\n<li>Elaborar per part del Ministeri de Sanitat les dades desagregades dels RH del col\u00b7lectiu TCAI per Comunitats Aut\u00f2nomes.<\/li>\n\n\n\n<li>Redefinir i potenciar les compet\u00e8ncies del col\u00b7lectiu TCAI en l\u2019\u00e0mbit de l\u2019Atenci\u00f3 Prim\u00e0ria, redimensionant les plantilles d\u2019aquestes professionals fins a aconseguir una r\u00e0tio de 3 MF:3 ENF:1 TCAI.<\/li>\n\n\n\n<li>Reclassificar al col\u00b7lectiu TCAI en el grup de classificaci\u00f3 C1, tal com li correspon segons l\u2019Article 76 del EBEP, i tal com s\u2019estableix en l\u2019Acord per a una Administraci\u00f3 del Segle XXI.<\/li>\n\n\n\n<li>Abordar de manera immediata l\u2019actualitzaci\u00f3 de les funcions del col\u00b7lectiu per a posteriorment instar el INCUAL a l\u2019actualitzaci\u00f3 del curr\u00edculum formatiu i a la revisi\u00f3 de l\u2019actual t\u00edtol de T\u00e8cnica o T\u00e8cnic Mitj\u00e0.<\/li>\n\n\n\n<li>Establir un \u00fanic model de carrera professional, oberta accessible volunt\u00e0ria, evitant les discriminacions actuals entre categories i les difer\u00e8ncies actuals entre Comunitats.<\/li>\n\n\n\n<li>Exempci\u00f3 de nits per al personal major de 55 anys, sense p\u00e8rdua retributiva.<\/li>\n\n\n\n<li>Posada en marxa de la jubilaci\u00f3 parcial anticipada i l\u2019establiment de coeficients reductors que permetin la jubilaci\u00f3 als 60.<\/li>\n\n\n\n<li>Reduir, en la mesura que sigui possible, l\u2019impacte del treball nocturn i planificar els torns amb suficient antelaci\u00f3 per a facilitar la conciliaci\u00f3 laboral i familiar.<\/li>\n\n\n\n<li>Implementar mesures que evitin les agressions de pacients i els seus familiars.<\/li>\n<\/ul>\n\n\n\n<div data-wp-interactive=\"core\/file\" class=\"wp-block-file\"><object data-wp-bind--hidden=\"!state.hasPdfPreview\" hidden class=\"wp-block-file__embed\" data=\"https:\/\/ccoo.app\/ics\/wp-content\/blogs.dir\/6\/files\/sites\/200\/2023\/06\/estudi-sobre-les-condicions-laborals-del-collectiu-tcai.pdf\" type=\"application\/pdf\" style=\"width:100%;height:600px\" aria-label=\"Incrustaci\u00f3 del fitxer estudi-sobre-les-condicions-laborals-del-collectiu-tcai.\"><\/object><a id=\"wp-block-file--media-20ab13ca-f77c-43a9-a8f9-ab36ac9c438b\" href=\"https:\/\/ccoo.app\/ics\/wp-content\/blogs.dir\/6\/files\/sites\/200\/2023\/06\/estudi-sobre-les-condicions-laborals-del-collectiu-tcai.pdf\">estudi-sobre-les-condicions-laborals-del-collectiu-tcai<\/a><a href=\"https:\/\/ccoo.app\/ics\/wp-content\/blogs.dir\/6\/files\/sites\/200\/2023\/06\/estudi-sobre-les-condicions-laborals-del-collectiu-tcai.pdf\" class=\"wp-block-file__button wp-element-button\" download aria-describedby=\"wp-block-file--media-20ab13ca-f77c-43a9-a8f9-ab36ac9c438b\">Baixa<\/a><\/div>\n","protected":false},"excerpt":{"rendered":"<p>La Federaci\u00f3 de Sanitat i Sectors Sociosanitaris de CCOO (FSS-CCOO) presenta el seu primer estudi sobre les condicions laborals del col\u00b7lectiu TCAI, dut a terme a partir d\u2019unes 3.000 enquestes &#8230; <a title=\"Un informe de CCOO revela que els hospitals espanyols necessiten com a m\u00ednim 47.000 professionals TCAIs m\u00e9s\" class=\"read-more\" href=\"https:\/\/ccoo.app\/ics\/noticies\/un-informe-de-ccoo-revela-que-els-hospitals-espanyols-necessiten-com-a-minim-47-000-professionals-tcais-mes\/\" aria-label=\"M\u00e9s informaci\u00f3 sobre Un informe de CCOO revela que els hospitals espanyols necessiten com a m\u00ednim 47.000 professionals TCAIs m\u00e9s\">Read more<\/a><\/p>\n","protected":false},"author":4386,"featured_media":32085,"comment_status":"closed","ping_status":"closed","sticky":false,"template":"","format":"standard","meta":{"footnotes":""},"categories":[10,1],"tags":[],"area":[],"class_list":["post-32082","post","type-post","status-publish","format-standard","has-post-thumbnail","hentry","category-comunicats","category-noticies","generate-columns","tablet-grid-50","mobile-grid-100","grid-parent","grid-50"],"_links":{"self":[{"href":"https:\/\/ccoo.app\/ics\/wp-json\/wp\/v2\/posts\/32082","targetHints":{"allow":["GET"]}}],"collection":[{"href":"https:\/\/ccoo.app\/ics\/wp-json\/wp\/v2\/posts"}],"about":[{"href":"https:\/\/ccoo.app\/ics\/wp-json\/wp\/v2\/types\/post"}],"author":[{"embeddable":true,"href":"https:\/\/ccoo.app\/ics\/wp-json\/wp\/v2\/users\/4386"}],"replies":[{"embeddable":true,"href":"https:\/\/ccoo.app\/ics\/wp-json\/wp\/v2\/comments?post=32082"}],"version-history":[{"count":1,"href":"https:\/\/ccoo.app\/ics\/wp-json\/wp\/v2\/posts\/32082\/revisions"}],"predecessor-version":[{"id":32084,"href":"https:\/\/ccoo.app\/ics\/wp-json\/wp\/v2\/posts\/32082\/revisions\/32084"}],"wp:featuredmedia":[{"embeddable":true,"href":"https:\/\/ccoo.app\/ics\/wp-json\/wp\/v2\/media\/32085"}],"wp:attachment":[{"href":"https:\/\/ccoo.app\/ics\/wp-json\/wp\/v2\/media?parent=32082"}],"wp:term":[{"taxonomy":"category","embeddable":true,"href":"https:\/\/ccoo.app\/ics\/wp-json\/wp\/v2\/categories?post=32082"},{"taxonomy":"post_tag","embeddable":true,"href":"https:\/\/ccoo.app\/ics\/wp-json\/wp\/v2\/tags?post=32082"},{"taxonomy":"area","embeddable":true,"href":"https:\/\/ccoo.app\/ics\/wp-json\/wp\/v2\/area?post=32082"}],"curies":[{"name":"wp","href":"https:\/\/api.w.org\/{rel}","templated":true}]}}