{"id":32052,"date":"2023-05-28T08:00:00","date_gmt":"2023-05-28T06:00:00","guid":{"rendered":"https:\/\/ccoo.app\/ics\/?p=32052"},"modified":"2023-05-29T10:41:11","modified_gmt":"2023-05-29T08:41:11","slug":"commemoracio-en-la-fss-ccoo-del-dia-28-de-maig-per-la-salut-de-les-dones","status":"publish","type":"post","link":"https:\/\/ccoo.app\/ics\/noticies\/commemoracio-en-la-fss-ccoo-del-dia-28-de-maig-per-la-salut-de-les-dones\/","title":{"rendered":"Commemoraci\u00f3 en la FSS-CCOO del Dia 28 de Maig Per la Salut de les Dones!"},"content":{"rendered":"\n<h6 class=\"wp-block-heading\"><strong>28 de maig, Dia Internacional d&#8217;Acci\u00f3 per la Salut de les Dones, la Federaci\u00f3 de Sanitat i Sectors Sociosanitaris de CCOO (*FSS-CCOO) se suma a la import\u00e0ncia de reivindicar aquest dia, fent visible la discriminaci\u00f3 per ra\u00f3 de sexe que existeix en la nostra societat, en la ci\u00e8ncia i en el sistema sanitari, i treballant tots els dies de l&#8217;any per a aconseguir la igualtat real en un b\u00e9 tan preuat com \u00e9s la salut.<\/strong><\/h6>\n\n\n\n<p>Fins fa 30 anys, les dones no havien estat incloses en els estudis de recerca i, quan es feia, no s&#8217;analitzaven els resultats sobre la base d&#8217;aquest par\u00e0metre.<\/p>\n\n\n\n<p>Cal recordar que la Ci\u00e8ncia \u00e9s una construcci\u00f3 social, per tant, influenciada per un androcentrisme imperant que assumeix que en estudiar als homes s&#8217;estudia tamb\u00e9 a les dones.<\/p>\n\n\n\n<p>La Universitat de Copenhaguen, que ha realitzat un estudi amb unes set milions de dones i homes, ha revelat que a les dones se&#8217;ls diagnostiquen m\u00e9s tard gaireb\u00e9 700 malalties. L&#8217;impacte que aix\u00f2 suposa en la vida de les dones es pot evidenciar, per exemple, en qu\u00e8 s\u00f3n diagnosticades de diabetis o de c\u00e0ncer entre 2,5 i 4,5 anys m\u00e9s tard que als homes.<\/p>\n\n\n\n<p>Els homes i les dones tenen una biologia diferent i una diferent socialitzaci\u00f3 que abasta estereotips i rols de g\u00e8nere, que pot provocar difer\u00e8ncies en la salut.<\/p>\n\n\n\n<p>Els estudis ressalten la import\u00e0ncia d&#8217;apostar per una &#8220;ci\u00e8ncia de la difer\u00e8ncia&#8221; que tingui en compte la &#8220;morbiditat diferencial&#8221;.<\/p>\n\n\n\n<p>S\u00f3n moltes les dones que estan prenent la iniciativa d&#8217;aquest canvi i amb els seus diferents estudis i *investigacione ens mostren les evid\u00e8ncies dels seus resultats. Aquesta ci\u00e8ncia diferencial ha d&#8217;abastar tots els aspectes de la nostra vida, tant en la salut p\u00fablica com en la salut laboral.<\/p>\n\n\n\n<p>El feminisme ens ha demostrat que la salut implica parlar de relacions interpersonals i de treball, de salut mental, de cures, de depend\u00e8ncia, de sexualitat, d&#8217;educaci\u00f3\u2026,i aix\u00f2 implica una transversalitat de g\u00e8nere i el comprom\u00eds de les Institucions P\u00fabliques.<\/p>\n\n\n\n<p>Aquest Dia commemoratiu d&#8217;Acci\u00f3 per la Salut de les Dones va comen\u00e7ar com una reivindicaci\u00f3 lligada als drets sexuals i reproductius, no obstant aix\u00f2, l&#8217;educaci\u00f3 sexual \u00e9s una assignatura pendent. El 99% de la mortalitat materna es produeix en pa\u00efsos en desenvolupament, sent la majoria d&#8217;aquestes complicacions, *prevenibles.<\/p>\n\n\n\n<p>L&#8217;amor rom\u00e0ntic i les seves conseq\u00fc\u00e8ncies en la salut de les dones es promou pel desconeixement del plaer, del nostre propi cos, abs\u00e8ncia de models de relacions sanes\u2026 En algunes societats fins i tot ens arrabassen aquest plaer mitjan\u00e7ant els matrimonis for\u00e7ats o l&#8217;ablaci\u00f3 de cl\u00edtoris, i cada any encara continuen morint unes 47.000 dones v\u00edctimes d&#8217;avortaments insegurs i unes 5 milions t\u00e9 seq\u00fceles greus per a tota la vida.<\/p>\n\n\n\n<p>La menstruaci\u00f3 comporta, si cap, un desconeixement general associat a connotacions socials i culturals, afectant de manera especial en les dones amb discapacitat, on l&#8217;estudis ens diuen que una quarta part d&#8217;aquestes dones no tria el producte d&#8217;higiene que desitja, sin\u00f3 el que li compra la fam\u00edlia, gaireb\u00e9 el 80% interromp les seves activitats quan t\u00e9 la regla i 1 de cada 3 no ha acudit mai a consulta ginecol\u00f2gica.<\/p>\n\n\n\n<p>Els drets de les dones amb discapacitat s&#8217;han vist especialment limitats i vulnerats, fins i tot imposant-los una planificaci\u00f3 familiar encara que, afortunadament, des del 2020, al nostre pa\u00eds, s&#8217;ha resolt un deute hist\u00f2ric amb elles, per\u00f2 es continua posant de manifest la falta d&#8217;un espai on puguin tenir acc\u00e9s a aquesta informaci\u00f3 i el dret a la salut ginecol\u00f2gica.<\/p>\n\n\n\n<p>Tamb\u00e9 les dones trans han vist limitat el seu dret a l&#8217;acc\u00e9s i protecci\u00f3 de la salut, i amb ell, el seu dret a viure vides plenes i dignes. \u00c9s necessari una promoci\u00f3 de la salut, basada en informaci\u00f3 i diferents intervencions educatives que tinguin un impacte major en la salut i la qualitat de vida de les dones trans.<\/p>\n\n\n\n<p>L&#8217;Atenci\u00f3 Prim\u00e0ria ha de ser la clau per a la millora de la prevenci\u00f3, detecci\u00f3 i promoci\u00f3 de la salut. Per\u00f2 per a aix\u00f2 hem de fer costat als seus professionals, amb recursos, formaci\u00f3 i apoderament que els encamini a detectar el biaix de g\u00e8nere, i amb condicions laborals adequades que faci atractiva aquesta oferta laboral.<\/p>\n\n\n\n<p>Des de la FSS-CCOO treballem di\u00e0riament perqu\u00e8 les Administracions P\u00fabliques assumeixin aquest comprom\u00eds, que repercuteixi en un sistema sanitari equitatiu i una societat m\u00e9s justa.<\/p>\n","protected":false},"excerpt":{"rendered":"<p>28 de maig, Dia Internacional d&#8217;Acci\u00f3 per la Salut de les Dones, la Federaci\u00f3 de Sanitat i Sectors Sociosanitaris de CCOO (*FSS-CCOO) se suma a la import\u00e0ncia de reivindicar aquest &#8230; <a title=\"Commemoraci\u00f3 en la FSS-CCOO del Dia 28 de Maig Per la Salut de les Dones!\" class=\"read-more\" href=\"https:\/\/ccoo.app\/ics\/noticies\/commemoracio-en-la-fss-ccoo-del-dia-28-de-maig-per-la-salut-de-les-dones\/\" aria-label=\"M\u00e9s informaci\u00f3 sobre Commemoraci\u00f3 en la FSS-CCOO del Dia 28 de Maig Per la Salut de les Dones!\">Read more<\/a><\/p>\n","protected":false},"author":4386,"featured_media":32033,"comment_status":"closed","ping_status":"closed","sticky":false,"template":"","format":"standard","meta":{"footnotes":""},"categories":[9,1],"tags":[],"area":[],"class_list":["post-32052","post","type-post","status-publish","format-standard","has-post-thumbnail","hentry","category-igualtat","category-noticies","generate-columns","tablet-grid-50","mobile-grid-100","grid-parent","grid-50"],"_links":{"self":[{"href":"https:\/\/ccoo.app\/ics\/wp-json\/wp\/v2\/posts\/32052","targetHints":{"allow":["GET"]}}],"collection":[{"href":"https:\/\/ccoo.app\/ics\/wp-json\/wp\/v2\/posts"}],"about":[{"href":"https:\/\/ccoo.app\/ics\/wp-json\/wp\/v2\/types\/post"}],"author":[{"embeddable":true,"href":"https:\/\/ccoo.app\/ics\/wp-json\/wp\/v2\/users\/4386"}],"replies":[{"embeddable":true,"href":"https:\/\/ccoo.app\/ics\/wp-json\/wp\/v2\/comments?post=32052"}],"version-history":[{"count":1,"href":"https:\/\/ccoo.app\/ics\/wp-json\/wp\/v2\/posts\/32052\/revisions"}],"predecessor-version":[{"id":32053,"href":"https:\/\/ccoo.app\/ics\/wp-json\/wp\/v2\/posts\/32052\/revisions\/32053"}],"wp:featuredmedia":[{"embeddable":true,"href":"https:\/\/ccoo.app\/ics\/wp-json\/wp\/v2\/media\/32033"}],"wp:attachment":[{"href":"https:\/\/ccoo.app\/ics\/wp-json\/wp\/v2\/media?parent=32052"}],"wp:term":[{"taxonomy":"category","embeddable":true,"href":"https:\/\/ccoo.app\/ics\/wp-json\/wp\/v2\/categories?post=32052"},{"taxonomy":"post_tag","embeddable":true,"href":"https:\/\/ccoo.app\/ics\/wp-json\/wp\/v2\/tags?post=32052"},{"taxonomy":"area","embeddable":true,"href":"https:\/\/ccoo.app\/ics\/wp-json\/wp\/v2\/area?post=32052"}],"curies":[{"name":"wp","href":"https:\/\/api.w.org\/{rel}","templated":true}]}}