{"id":32045,"date":"2023-05-19T23:12:00","date_gmt":"2023-05-19T21:12:00","guid":{"rendered":"https:\/\/ccoo.app\/ics\/?p=32045"},"modified":"2023-05-20T08:14:37","modified_gmt":"2023-05-20T06:14:37","slug":"ccoo-ens-reunim-amb-el-conseller-de-sanitat","status":"publish","type":"post","link":"https:\/\/ccoo.app\/ics\/noticies\/ccoo-ens-reunim-amb-el-conseller-de-sanitat\/","title":{"rendered":"CCOO ens reunim amb el Conseller de Sanitat"},"content":{"rendered":"\n<p>Avui dia 19 de maig, la Federaci\u00f3 de Sanitat de CCOO de Catalunya ens hem reunit amb l\u2019Honorable Conseller de Salut, Manuel Balcells, amb el Director General de Professionals i amb la Directora de Cures Infermeres.<\/p>\n\n\n\n<h3 class=\"wp-block-heading\">Des de CCOO els hem hem manifestat la nostra preocupaci\u00f3 i necessitat de fer el reconeixement de classificaci\u00f3 i requalificaci\u00f3 professional als professionals de sanitat, i que considerem que s\u2019han de prendre les mesures adients el m\u00e9s aviat possible.<\/h3>\n\n\n\n<p>Els punts principals que hem tractat son els seg\u00fcents:<\/p>\n\n\n\n<ul class=\"wp-block-list\">\n<li>Classificaci\u00f3 professional:<br>CCOO hem fet el recordatori al conseller de la necessitat que es contemplin dins dels pressupostos de Catalunya l\u2019increment<br>retributiu que comporta la reclassificaci\u00f3 professional per als grups C1 i B (TCAI i T\u00e8c.Sup.Sanit), aix\u00ed com es va acordar en l\u2019Acord Marc<br>per a l\u2019Administraci\u00f3 del segle XXI signat per CCOO i el Govern.<br>Aquest Acord contempla la plena implantaci\u00f3 de l\u2019article 76 TREBEP i suposa una pujada salarial de 270 euros m\u00e9s, aproximadament,<br>per els t\u00e8cnics de grau mig i superior.<br>En relaci\u00f3 al III acord de l\u2019ICS, hem demanat que per als TCAI i TSS el complement espec\u00edfic sigui retribu\u00eft d\u2019acord ja al grup de classificaci\u00f3 corresponent.<\/li>\n<\/ul>\n\n\n\n<p>Per a la resta de categories com zelador\/a, fisioterapeutes, llevadores, auxiliar administratiu\/va i infermer\/a (entre d\u2019altres) hem sol\u00b7licitat el plus d\u2019homologaci\u00f3 per a infermeria, fisioterapeutes i llevadores como grup A1; per zeladors\/es i auxiliar administratius\/ves hem demanat que la pujada del complement espec\u00edfic sigui considerable per compensar el grup classificaci\u00f3 que contempla l\u2019actual TREBEP. Hem recordat que el complement espec\u00edfic es compet\u00e8ncia de Catalunya.<br>En el marc de l\u2019Acord Marc per a l\u2019Administraci\u00f3 del segle XXI, tamb\u00e9 hem exigit la implantaci\u00f3 de la jornada laboral de 35 hores setmanals per a tots i totes les professionals de la sanitat.<\/p>\n\n\n\n<ul class=\"wp-block-list\">\n<li>Requalificaci\u00f3 professional:<br>El Departament de Salut es compromet a reactivar el grup de treball de TCAI a nivell departament i fer la pressi\u00f3 corresponent al Ministeri de Sanitat per tal de crear un grau superior per les TCAI.<br>CCOO ja vam a presentar les funcions actualitzades que el col\u00b7lectiu porta fent molts anys i que no son reconegudes per part de les<br>institucions. Tamb\u00e9 ens comenten que han sol\u00b7licitat autoritzaci\u00f3 al Ministeri de Educaci\u00f3 per crear l\u2019especialitat de TCAI a Catalunya.<br>Tamb\u00e9 \u00e9s important impulsar la creaci\u00f3 del grau universitari de 180 cr\u00e8dits per als T\u00e8cnics de grau superior, homologat com la resta de<br>pa\u00efsos europeus.<\/li>\n<\/ul>\n\n\n\n<p>Pel que fa a la creaci\u00f3 de la figura del coordinador\/a de TCAI, ja fa molt de temps que estem treballant per a que sigui una realitat (com en d\u2019altres CCAA). El Departament de Salut ho ha valorat molt positivament, i CCOO hem aportat totes els funcions que realitza figura en d\u2019altres CCAA.<br>Finalment nom\u00e9s comentat, que a priori, el Departament de Salut ha recollit totes les nostres reivindicacions, i recordem que els \u00fanics legitimats a negociar som els sindicats que estem amb representativitat a les diferents meses de negociaci\u00f3.<\/p>\n\n\n\n<p><br>Farem un seguiment de tot plegat, tant amb les compet\u00e8ncies inherents a Catalunya com a nivell Estatal.<\/p>\n\n\n\n<div data-wp-interactive=\"core\/file\" class=\"wp-block-file\"><object data-wp-bind--hidden=\"!state.hasPdfPreview\" hidden class=\"wp-block-file__embed\" data=\"https:\/\/ccoo.app\/ics\/wp-content\/blogs.dir\/6\/files\/sites\/200\/2023\/05\/reunio-conseller-19-05-2023.pdf\" type=\"application\/pdf\" style=\"width:100%;height:600px\" aria-label=\"Incrustaci\u00f3 del fitxer reunio-conseller-19-05-2023.\"><\/object><a id=\"wp-block-file--media-89e33761-a7e5-4adf-b31e-bd185232c188\" href=\"https:\/\/ccoo.app\/ics\/wp-content\/blogs.dir\/6\/files\/sites\/200\/2023\/05\/reunio-conseller-19-05-2023.pdf\">reunio-conseller-19-05-2023<\/a><a href=\"https:\/\/ccoo.app\/ics\/wp-content\/blogs.dir\/6\/files\/sites\/200\/2023\/05\/reunio-conseller-19-05-2023.pdf\" class=\"wp-block-file__button wp-element-button\" download aria-describedby=\"wp-block-file--media-89e33761-a7e5-4adf-b31e-bd185232c188\">Baixa<\/a><\/div>\n","protected":false},"excerpt":{"rendered":"<p>Avui dia 19 de maig, la Federaci\u00f3 de Sanitat de CCOO de Catalunya ens hem reunit amb l\u2019Honorable Conseller de Salut, Manuel Balcells, amb el Director General de Professionals i &#8230; <a title=\"CCOO ens reunim amb el Conseller de Sanitat\" class=\"read-more\" href=\"https:\/\/ccoo.app\/ics\/noticies\/ccoo-ens-reunim-amb-el-conseller-de-sanitat\/\" aria-label=\"M\u00e9s informaci\u00f3 sobre CCOO ens reunim amb el Conseller de Sanitat\">Read more<\/a><\/p>\n","protected":false},"author":4386,"featured_media":32047,"comment_status":"closed","ping_status":"closed","sticky":false,"template":"","format":"standard","meta":{"footnotes":""},"categories":[1],"tags":[],"area":[],"class_list":["post-32045","post","type-post","status-publish","format-standard","has-post-thumbnail","hentry","category-noticies","generate-columns","tablet-grid-50","mobile-grid-100","grid-parent","grid-50"],"_links":{"self":[{"href":"https:\/\/ccoo.app\/ics\/wp-json\/wp\/v2\/posts\/32045","targetHints":{"allow":["GET"]}}],"collection":[{"href":"https:\/\/ccoo.app\/ics\/wp-json\/wp\/v2\/posts"}],"about":[{"href":"https:\/\/ccoo.app\/ics\/wp-json\/wp\/v2\/types\/post"}],"author":[{"embeddable":true,"href":"https:\/\/ccoo.app\/ics\/wp-json\/wp\/v2\/users\/4386"}],"replies":[{"embeddable":true,"href":"https:\/\/ccoo.app\/ics\/wp-json\/wp\/v2\/comments?post=32045"}],"version-history":[{"count":2,"href":"https:\/\/ccoo.app\/ics\/wp-json\/wp\/v2\/posts\/32045\/revisions"}],"predecessor-version":[{"id":32049,"href":"https:\/\/ccoo.app\/ics\/wp-json\/wp\/v2\/posts\/32045\/revisions\/32049"}],"wp:featuredmedia":[{"embeddable":true,"href":"https:\/\/ccoo.app\/ics\/wp-json\/wp\/v2\/media\/32047"}],"wp:attachment":[{"href":"https:\/\/ccoo.app\/ics\/wp-json\/wp\/v2\/media?parent=32045"}],"wp:term":[{"taxonomy":"category","embeddable":true,"href":"https:\/\/ccoo.app\/ics\/wp-json\/wp\/v2\/categories?post=32045"},{"taxonomy":"post_tag","embeddable":true,"href":"https:\/\/ccoo.app\/ics\/wp-json\/wp\/v2\/tags?post=32045"},{"taxonomy":"area","embeddable":true,"href":"https:\/\/ccoo.app\/ics\/wp-json\/wp\/v2\/area?post=32045"}],"curies":[{"name":"wp","href":"https:\/\/api.w.org\/{rel}","templated":true}]}}