{"id":32032,"date":"2023-05-19T08:00:00","date_gmt":"2023-05-19T06:00:00","guid":{"rendered":"https:\/\/ccoo.app\/ics\/?p=32032"},"modified":"2023-05-29T10:56:32","modified_gmt":"2023-05-29T08:56:32","slug":"a-la-joventut-o-a-la-vellesa-treball-i-vida-amb-salut-i-dignitat","status":"publish","type":"post","link":"https:\/\/ccoo.app\/ics\/noticies\/a-la-joventut-o-a-la-vellesa-treball-i-vida-amb-salut-i-dignitat\/","title":{"rendered":"A la joventut o a la vellesa: treball i vida amb salut i dignitat"},"content":{"rendered":"\n<h2 class=\"wp-block-heading\">El 28 de Maig commemorem el Dia Internacional d\u2019Acci\u00f3 per a la Salut de les Dones<\/h2>\n\n\n\n<p>El dia 28 de Maig commemorem el&nbsp;<strong>Dia Internacional d\u2019Acci\u00f3 per a la Salut de les Dones<\/strong>. La salut \u00e9s un dret universal reconegut que totes les persones haur\u00edem de tenir, per\u00f2 la realitat \u00e9s una altra. Una gran part de la poblaci\u00f3 no gaudeix de bona salut, en especial en el cas de les dones.<\/p>\n\n\n\n<p>L\u2019esperan\u00e7a de vida de les dones \u00e9s de cinc anys m\u00e9s que la dels homes, per\u00f2 les dones arribem als \u00faltims anys de vida en pitjors condicions de salut.<\/p>\n\n\n\n<p>Hem de potenciar la cura de la salut de les dones al llarg de les diferents etapes de la vida, posant l\u2019accent en les necessitats espec\u00edfiques que tenim en cada moment. Des de la pubertat fins a la menopausa i la vellesa, la dona passa per diferents etapes que estan lligades a canvis importants del propi cos amb unes necessitats que hem d\u2019anar descobrint i que necessitem tenir cobertes des de l\u2019\u00e0mbit de la salut i al llarg de la vida.<\/p>\n\n\n\n<p>Malgrat els aven\u00e7os en els \u00faltims anys en mat\u00e8ria d\u2019igualtat, segueixen existint desigualtats entre dones i homes. Les ci\u00e8ncies de la salut han ignorat el g\u00e8nere durant segles, acceptant com a \u00fanica una visi\u00f3 patriarcal i esbiaixada dels nostres cossos amb conseq\u00fc\u00e8ncies determinants per al nostre benestar i la nostra autonomia.<\/p>\n\n\n\n<h2 class=\"wp-block-heading\">Divendres 26 de maig, a l\u2019Espai Assemblea (Via Laietana, 16, planta baixa), de 10 a 13 h es far\u00e0 una jornada amb tres pon\u00e8ncies relacionades amb la salut de les dones a les diferents etapes de la seva vida.<\/h2>\n\n\n\n<p>Feu clic per:<\/p>\n\n\n\n<ul class=\"wp-block-list\">\n<li>Veure el&nbsp;<a href=\"https:\/\/www.ccoo.cat\/wp-content\/uploads\/2023\/05\/cartell-jornada-salut-dones-2023.pdf\">cartell de la jornada \u201cA la joventut o la vellesa: treball i vida amb salut i dignitat\u201d<\/a><\/li>\n\n\n\n<li>Veure el&nbsp;<a href=\"https:\/\/www.ccoo.cat\/wp-content\/uploads\/2023\/05\/targeto-jornada-salut-dones-2023.pdf\">target\u00f3 de la jornada \u201cA la joventut o la vellesa: treball i vida amb salut i dignitat\u201d<\/a><\/li>\n\n\n\n<li><a href=\"https:\/\/docs.google.com\/forms\/d\/1xDi3TC0qvJ0uLVGkbu6bjSJcFpqljJW9goiscoqJy_0\/viewform?edit_requested=true\">Inscriure-us a la jornada \u201cA la joventut o la vellesa: treball i vida amb salut i dignitat\u201d<\/a><\/li>\n<\/ul>\n\n\n\n<p><a href=\"https:\/\/www.ccoo.cat\/wp-content\/uploads\/2023\/05\/targeto-jornada-salut-dones-2023.pdf\"><\/a><\/p>\n\n\n\n<figure class=\"wp-block-image\"><a href=\"https:\/\/www.ccoo.cat\/wp-content\/uploads\/2023\/05\/targeto-jornada-salut-dones-2023.pdf\"><img decoding=\"async\" src=\"https:\/\/www.ccoo.cat\/wp-content\/uploads\/2023\/05\/targeto-jornada-salut-dones-2023.jpg\" alt=\"Targeto Jornada Salut Dones 2023\" \/><\/a><\/figure>\n","protected":false},"excerpt":{"rendered":"<p>El 28 de Maig commemorem el Dia Internacional d\u2019Acci\u00f3 per a la Salut de les Dones El dia 28 de Maig commemorem el&nbsp;Dia Internacional d\u2019Acci\u00f3 per a la Salut de &#8230; <a title=\"A la joventut o a la vellesa: treball i vida amb salut i dignitat\" class=\"read-more\" href=\"https:\/\/ccoo.app\/ics\/noticies\/a-la-joventut-o-a-la-vellesa-treball-i-vida-amb-salut-i-dignitat\/\" aria-label=\"M\u00e9s informaci\u00f3 sobre A la joventut o a la vellesa: treball i vida amb salut i dignitat\">Read more<\/a><\/p>\n","protected":false},"author":4386,"featured_media":32055,"comment_status":"closed","ping_status":"closed","sticky":false,"template":"","format":"standard","meta":{"footnotes":""},"categories":[9,1],"tags":[],"area":[],"class_list":["post-32032","post","type-post","status-publish","format-standard","has-post-thumbnail","hentry","category-igualtat","category-noticies","generate-columns","tablet-grid-50","mobile-grid-100","grid-parent","grid-50"],"_links":{"self":[{"href":"https:\/\/ccoo.app\/ics\/wp-json\/wp\/v2\/posts\/32032","targetHints":{"allow":["GET"]}}],"collection":[{"href":"https:\/\/ccoo.app\/ics\/wp-json\/wp\/v2\/posts"}],"about":[{"href":"https:\/\/ccoo.app\/ics\/wp-json\/wp\/v2\/types\/post"}],"author":[{"embeddable":true,"href":"https:\/\/ccoo.app\/ics\/wp-json\/wp\/v2\/users\/4386"}],"replies":[{"embeddable":true,"href":"https:\/\/ccoo.app\/ics\/wp-json\/wp\/v2\/comments?post=32032"}],"version-history":[{"count":1,"href":"https:\/\/ccoo.app\/ics\/wp-json\/wp\/v2\/posts\/32032\/revisions"}],"predecessor-version":[{"id":32034,"href":"https:\/\/ccoo.app\/ics\/wp-json\/wp\/v2\/posts\/32032\/revisions\/32034"}],"wp:featuredmedia":[{"embeddable":true,"href":"https:\/\/ccoo.app\/ics\/wp-json\/wp\/v2\/media\/32055"}],"wp:attachment":[{"href":"https:\/\/ccoo.app\/ics\/wp-json\/wp\/v2\/media?parent=32032"}],"wp:term":[{"taxonomy":"category","embeddable":true,"href":"https:\/\/ccoo.app\/ics\/wp-json\/wp\/v2\/categories?post=32032"},{"taxonomy":"post_tag","embeddable":true,"href":"https:\/\/ccoo.app\/ics\/wp-json\/wp\/v2\/tags?post=32032"},{"taxonomy":"area","embeddable":true,"href":"https:\/\/ccoo.app\/ics\/wp-json\/wp\/v2\/area?post=32032"}],"curies":[{"name":"wp","href":"https:\/\/api.w.org\/{rel}","templated":true}]}}