{"id":32029,"date":"2023-05-15T10:44:26","date_gmt":"2023-05-15T08:44:26","guid":{"rendered":"https:\/\/ccoo.app\/ics\/?p=32029"},"modified":"2023-05-15T10:44:26","modified_gmt":"2023-05-15T08:44:26","slug":"permisos-retribuits-i-no-recuperables-de-les-persones-treballadores-davant-de-les-eleccions","status":"publish","type":"post","link":"https:\/\/ccoo.app\/ics\/noticies\/permisos-retribuits-i-no-recuperables-de-les-persones-treballadores-davant-de-les-eleccions\/","title":{"rendered":"Permisos retribu\u00efts i no recuperables de les persones treballadores davant de les eleccions"},"content":{"rendered":"\n<h2 class=\"wp-block-heading\">Eleccions locals a Catalunya, el 28 de maig del 2023<\/h2>\n\n\n\n<p>Segons l\u2019<a href=\"https:\/\/portaldogc.gencat.cat\/utilsEADOP\/PDF\/8913\/1973579.pdf\">ORDRE EMT\/111\/2023<\/a>, de 9 de maig, per la qual s\u2019estableixen les instruccions necess\u00e0ries per a la participaci\u00f3 dels treballadors i treballadores en les eleccions locals i al Consell General d\u2019Aran del dia 28 de maig de 2023, aquests s\u00f3n els permisos retribu\u00efts i no recuperables de les persones treballadores:<\/p>\n\n\n\n<figure class=\"wp-block-table\"><table><tbody><tr><td>Si l\u2019horari de treball NO coincideix amb l\u2019horari de<br>votaci\u00f3 (de 9 h a 20 h)<\/td><td>0 hores de perm\u00eds<\/td><\/tr><tr><td>Si l\u2019horari de treball coincideix 2 hores o menys<br>amb l\u2019horari de votaci\u00f3<\/td><td>0 hores de perm\u00eds<\/td><\/tr><tr><td>Si l\u2019horari coincideix amb l\u2019horari de votaci\u00f3<br>m\u00e9s de 2 hores i menys de 4 hores<\/td><td>2 hores de perm\u00eds<\/td><\/tr><tr><td>Si l\u2019horari de treball coincideix amb l\u2019horari de<br>votaci\u00f3 4 o m\u00e9s hores<\/td><td>4 hores de perm\u00eds<\/td><\/tr><tr><td>Treballadors i treballadores a temps parcial:<\/td><td>Perm\u00eds proporcional a la<br>jornada parcial que es<br>realitzi el dia de la votaci\u00f3<\/td><\/tr><tr><td>Horari per anar a votar<\/td><td>\u00c9s l\u2019empresa qui decideix i t\u00e9<br>dret a demanar el justificant<\/td><\/tr><tr><td>Per exercir el vot per correu, per tenir el treball<br>lluny del domicili i\/o dificultats especials per<br>anar a votar<\/td><td>Perm\u00eds fins a 4 hores<\/td><\/tr><tr><td>Per formar part de la mesa com a president,<br>vocal o interventor<\/td><td>Festiu el dia 28 de maig<br>sencer i 5 hores de perm\u00eds el<br>dia 29. Si es treballa el torn<br>de nit s\u2019ha de demanar el<br>canvi de la nit anterior per<br>un altre torn<\/td><\/tr><tr><td>Per fer d\u2019apoderat<\/td><td>Festiu el dia 28 de maig<\/td><\/tr><\/tbody><\/table><\/figure>\n\n\n\n<p><a href=\"https:\/\/www.ccoo.cat\/wp-content\/uploads\/2023\/05\/permis-votacio-eleccions-locals-28052023.pdf\"><\/a><\/p>\n\n\n\n<figure class=\"wp-block-image\"><a href=\"https:\/\/www.ccoo.cat\/wp-content\/uploads\/2023\/05\/permis-votacio-eleccions-locals-28052023.pdf\"><img decoding=\"async\" src=\"https:\/\/www.ccoo.cat\/wp-content\/uploads\/2023\/05\/permis-votacio-eleccions-locals-28052023.jpg\" alt=\"Permis Votacio Eleccions Locals 28052023\" \/><\/a><\/figure>\n\n\n\n<h2 class=\"wp-block-heading\">IMPORTANT: per gaudir d\u2019aquests permisos s\u2019ha d\u2019aportar el justificant de votaci\u00f3 a l\u2019empresa. El justificant l\u2019heu de demanar a la mesa electoral en el moment de votar.<\/h2>\n\n\n\n<p>Feu clic per veure:<\/p>\n\n\n\n<ul class=\"wp-block-list\">\n<li>La&nbsp;<a href=\"https:\/\/www.ccoo.cat\/wp-content\/uploads\/2023\/05\/permis-votacio-eleccions-locals-28052023.pdf\">infografia \u201cPermisos retribu\u00efts i no recuperables de les persones treballadores\u201d en catal\u00e0<\/a><\/li>\n\n\n\n<li>La&nbsp;<a href=\"https:\/\/www.ccoo.cat\/wp-content\/uploads\/2023\/05\/permiso-votacion-elecciones-locales-28052023.pdf\">infografia \u201cPermisos retribuidos y no recuperables de las personas trabajadoras\u201d en castell\u00e0<\/a><\/li>\n\n\n\n<li>Les&nbsp;<a href=\"https:\/\/www.ccoo.cat\/noticies\/propostes-de-ccoo-de-catalunya-davant-les-eleccions-municipals-2023\/\">propostes de CCOO de Catalunya davant les eleccions municipals 2023<\/a><\/li>\n<\/ul>\n","protected":false},"excerpt":{"rendered":"<p>Eleccions locals a Catalunya, el 28 de maig del 2023 Segons l\u2019ORDRE EMT\/111\/2023, de 9 de maig, per la qual s\u2019estableixen les instruccions necess\u00e0ries per a la participaci\u00f3 dels treballadors &#8230; <a title=\"Permisos retribu\u00efts i no recuperables de les persones treballadores davant de les eleccions\" class=\"read-more\" href=\"https:\/\/ccoo.app\/ics\/noticies\/permisos-retribuits-i-no-recuperables-de-les-persones-treballadores-davant-de-les-eleccions\/\" aria-label=\"M\u00e9s informaci\u00f3 sobre Permisos retribu\u00efts i no recuperables de les persones treballadores davant de les eleccions\">Read more<\/a><\/p>\n","protected":false},"author":4386,"featured_media":32030,"comment_status":"closed","ping_status":"closed","sticky":false,"template":"","format":"standard","meta":{"footnotes":""},"categories":[1],"tags":[],"area":[],"class_list":["post-32029","post","type-post","status-publish","format-standard","has-post-thumbnail","hentry","category-noticies","generate-columns","tablet-grid-50","mobile-grid-100","grid-parent","grid-50"],"_links":{"self":[{"href":"https:\/\/ccoo.app\/ics\/wp-json\/wp\/v2\/posts\/32029","targetHints":{"allow":["GET"]}}],"collection":[{"href":"https:\/\/ccoo.app\/ics\/wp-json\/wp\/v2\/posts"}],"about":[{"href":"https:\/\/ccoo.app\/ics\/wp-json\/wp\/v2\/types\/post"}],"author":[{"embeddable":true,"href":"https:\/\/ccoo.app\/ics\/wp-json\/wp\/v2\/users\/4386"}],"replies":[{"embeddable":true,"href":"https:\/\/ccoo.app\/ics\/wp-json\/wp\/v2\/comments?post=32029"}],"version-history":[{"count":1,"href":"https:\/\/ccoo.app\/ics\/wp-json\/wp\/v2\/posts\/32029\/revisions"}],"predecessor-version":[{"id":32031,"href":"https:\/\/ccoo.app\/ics\/wp-json\/wp\/v2\/posts\/32029\/revisions\/32031"}],"wp:featuredmedia":[{"embeddable":true,"href":"https:\/\/ccoo.app\/ics\/wp-json\/wp\/v2\/media\/32030"}],"wp:attachment":[{"href":"https:\/\/ccoo.app\/ics\/wp-json\/wp\/v2\/media?parent=32029"}],"wp:term":[{"taxonomy":"category","embeddable":true,"href":"https:\/\/ccoo.app\/ics\/wp-json\/wp\/v2\/categories?post=32029"},{"taxonomy":"post_tag","embeddable":true,"href":"https:\/\/ccoo.app\/ics\/wp-json\/wp\/v2\/tags?post=32029"},{"taxonomy":"area","embeddable":true,"href":"https:\/\/ccoo.app\/ics\/wp-json\/wp\/v2\/area?post=32029"}],"curies":[{"name":"wp","href":"https:\/\/api.w.org\/{rel}","templated":true}]}}