{"id":32021,"date":"2023-05-11T08:41:15","date_gmt":"2023-05-11T06:41:15","guid":{"rendered":"https:\/\/ccoo.app\/ics\/?p=32021"},"modified":"2023-05-15T11:34:29","modified_gmt":"2023-05-15T09:34:29","slug":"12-de-maig-dia-internacional-de-la-infermera","status":"publish","type":"post","link":"https:\/\/ccoo.app\/ics\/noticies\/12-de-maig-dia-internacional-de-la-infermera\/","title":{"rendered":"12 de maig, dia internacional de la infermera"},"content":{"rendered":"\n<p>La nostra professi\u00f3, malgrat que \u00e9s de les m\u00e9s antigues que existeixen, t\u00e9 una vig\u00e8ncia absoluta per aix\u00f2 :<\/p>\n\n\n\n<h3 class=\"wp-block-heading\">AMB MOTIU DEL DIA INTERNACIONAL DE LA INFERMERA, \u00c9S MOMENT DE REIVINDICAR I RECUPERAR ELS NOSTRES DRETS LABORALS, PERQU\u00c8 NOM\u00c9S AIX\u00cd PODREM MILLORAR LA NOSTRA PROFESSI\u00d3 A TOTS ELS \u00c0MBITS ON SOM PRESENTS, QUE CADA DIA EN SON M\u00c9S.<\/h3>\n\n\n\n<p>Tenim clar que ens queda molt cam\u00ed per rec\u00f3rrer i que per aix\u00f2 necessitem la uni\u00f3 ferma del nostre col\u00b7lectiu, perqu\u00e8 ens reconeguin la nostra professi\u00f3 com cal i adequar la categoria professional a la titulaci\u00f3 universit\u00e0ria.<\/p>\n\n\n\n<p>Volem continuar exercint les nostres compet\u00e8ncies professionals adequades a les necessitats de la salut i no entenem un canvi de model sanitari per abaratir els costos.<\/p>\n\n\n\n<p>Cal un impuls real a les especialitats, a la Infermera de Pr\u00e0ctica Avan\u00e7ada, fer-nos valdre a la recerca, investigaci\u00f3, doc\u00e8ncia, salut mental, promoci\u00f3 de la salut, direccions dels centres de salut i a tots aquells organismes p\u00fablics que depenen de Salut.<\/p>\n\n\n\n<p>Nom\u00e9s ens manca el suport i reconeixement dels diferents Departaments, Ministeris, Conselleries &nbsp;implicats i dels mateixos Governs, amb pressupost suficient per millorar les r\u00e0tios i continuar donant una donant una millor assist\u00e8ncia a la poblaci\u00f3 general &nbsp;perqu\u00e8, &nbsp;els coneixements, l\u2019expertesa, l\u2019evid\u00e8ncia cient\u00edfica i les ganes hi son.<\/p>\n\n\n\n<p>Perqu\u00e8 som infermeres i aix\u00ed ho sentim<\/p>\n\n\n\n<p>Feli\u00e7 dia 12 de Maig<\/p>\n","protected":false},"excerpt":{"rendered":"<p>La nostra professi\u00f3, malgrat que \u00e9s de les m\u00e9s antigues que existeixen, t\u00e9 una vig\u00e8ncia absoluta per aix\u00f2 : AMB MOTIU DEL DIA INTERNACIONAL DE LA INFERMERA, \u00c9S MOMENT DE &#8230; <a title=\"12 de maig, dia internacional de la infermera\" class=\"read-more\" href=\"https:\/\/ccoo.app\/ics\/noticies\/12-de-maig-dia-internacional-de-la-infermera\/\" aria-label=\"M\u00e9s informaci\u00f3 sobre 12 de maig, dia internacional de la infermera\">Read more<\/a><\/p>\n","protected":false},"author":4386,"featured_media":32022,"comment_status":"closed","ping_status":"closed","sticky":false,"template":"","format":"standard","meta":{"footnotes":""},"categories":[12,1],"tags":[],"area":[],"class_list":["post-32021","post","type-post","status-publish","format-standard","has-post-thumbnail","hentry","category-actualitat","category-noticies","generate-columns","tablet-grid-50","mobile-grid-100","grid-parent","grid-50"],"_links":{"self":[{"href":"https:\/\/ccoo.app\/ics\/wp-json\/wp\/v2\/posts\/32021","targetHints":{"allow":["GET"]}}],"collection":[{"href":"https:\/\/ccoo.app\/ics\/wp-json\/wp\/v2\/posts"}],"about":[{"href":"https:\/\/ccoo.app\/ics\/wp-json\/wp\/v2\/types\/post"}],"author":[{"embeddable":true,"href":"https:\/\/ccoo.app\/ics\/wp-json\/wp\/v2\/users\/4386"}],"replies":[{"embeddable":true,"href":"https:\/\/ccoo.app\/ics\/wp-json\/wp\/v2\/comments?post=32021"}],"version-history":[{"count":1,"href":"https:\/\/ccoo.app\/ics\/wp-json\/wp\/v2\/posts\/32021\/revisions"}],"predecessor-version":[{"id":32023,"href":"https:\/\/ccoo.app\/ics\/wp-json\/wp\/v2\/posts\/32021\/revisions\/32023"}],"wp:featuredmedia":[{"embeddable":true,"href":"https:\/\/ccoo.app\/ics\/wp-json\/wp\/v2\/media\/32022"}],"wp:attachment":[{"href":"https:\/\/ccoo.app\/ics\/wp-json\/wp\/v2\/media?parent=32021"}],"wp:term":[{"taxonomy":"category","embeddable":true,"href":"https:\/\/ccoo.app\/ics\/wp-json\/wp\/v2\/categories?post=32021"},{"taxonomy":"post_tag","embeddable":true,"href":"https:\/\/ccoo.app\/ics\/wp-json\/wp\/v2\/tags?post=32021"},{"taxonomy":"area","embeddable":true,"href":"https:\/\/ccoo.app\/ics\/wp-json\/wp\/v2\/area?post=32021"}],"curies":[{"name":"wp","href":"https:\/\/api.w.org\/{rel}","templated":true}]}}