{"id":32009,"date":"2023-04-27T19:58:00","date_gmt":"2023-04-27T17:58:00","guid":{"rendered":"https:\/\/ccoo.app\/ics\/?p=32009"},"modified":"2023-04-28T15:59:00","modified_gmt":"2023-04-28T13:59:00","slug":"ccoo-saixeca-de-la-taula-per-a-actualitzar-lestatut-marc-de-sanitat-davant-la-falta-davancos-en-la-negociacio-amb-el-ministeri","status":"publish","type":"post","link":"https:\/\/ccoo.app\/ics\/noticies\/ccoo-saixeca-de-la-taula-per-a-actualitzar-lestatut-marc-de-sanitat-davant-la-falta-davancos-en-la-negociacio-amb-el-ministeri\/","title":{"rendered":"CCOO s\u2019aixeca de la taula per a actualitzar l\u2019Estatut Marc de Sanitat davant la falta d\u2019avan\u00e7os en la negociaci\u00f3 amb el Ministeri"},"content":{"rendered":"\n<p><\/p>\n\n\n\n<h3 class=\"wp-block-heading\" id=\"1-la-federaci%C3%B3-de-sanitat-i-sectors-sociosanitaris-de-ccoo-fss-ccoo-sha-aixecat-avui-de-la-taula-de-negociaci%C3%B3-per-a-actualitzar-lestatut-marc-davant-la-falta-davan%C3%A7os-en-la-negociaci%C3%B3-amb-el-ministeri-no-en-va-les-principals-reivindicacions-de-ccoo-no-s%C3%B3n-recollides-en-lactualitzaci%C3%B3-del-document-com-la-figura-de-la-jubilaci%C3%B3-parcial-i-els-nomenaments-de-relleu-entre-altres-mesures\">La Federaci\u00f3 de Sanitat i Sectors Sociosanitaris de CCOO (FSS-CCOO) s\u2019ha aixecat avui de la taula de negociaci\u00f3 per a actualitzar l\u2019Estatut Marc, davant la falta d\u2019avan\u00e7os en la negociaci\u00f3 amb el Ministeri. No en va, les principals reivindicacions de CCOO no s\u00f3n recollides en l\u2019actualitzaci\u00f3 del document, com la figura de la jubilaci\u00f3 parcial i els nomenaments de relleu, entre altres mesures.<\/h3>\n\n\n\n<hr class=\"wp-block-separator has-alpha-channel-opacity\" \/>\n\n\n\n<p>La FSS-CCOO ha abandonat avui la taula per a actualitzar l\u2019Estatut Marc de la Sanitat pel fet que al llarg de les diferents jornades i reunions \u201cno hi ha hagut suficients avan\u00e7os en la negociaci\u00f3 amb el Ministeri\u201d. El sindicat ha quedat a l\u2019espera que el Govern li emplaci a una nova reuni\u00f3, amb una nova proposta.<\/p>\n\n\n\n<p>Entre les principals reivindicacions d\u2019aquest sindicat que no s\u00f3n recollides en l\u2019actualitzaci\u00f3 del text destaquen:<\/p>\n\n\n\n<h5 class=\"wp-block-heading\"><strong>Jubilaci\u00f3 parcial<\/strong><\/h5>\n\n\n\n<h3 class=\"wp-block-heading\">No es contempla la creaci\u00f3 dels nomenaments de relleu imprescindibles per al desenvolupament de la jubilaci\u00f3 parcial, alguna cosa que per a aquesta organitzaci\u00f3 \u00e9s una l\u00ednia vermella.<br>Per a CCOO, no hi ha el comprom\u00eds suficient per a tenir l\u2019eina que faci possible la jubilaci\u00f3 parcial per al personal estatutari, quan aquesta sigui negociada amb l\u2019Estat.<\/h3>\n\n\n\n<h5 class=\"wp-block-heading\"><strong>RECLASSIFICACI\u00d3 PROFESSIONAL<\/strong><\/h5>\n\n\n\n<p>Una altra l\u00ednia vermella per a aquest sindicat \u00e9s que no es recull amb claredat el desenvolupament de l\u2019Acord per a una Administraci\u00f3 del Segle XXI signat per aquesta organitzaci\u00f3 amb el Ministeri de Funci\u00f3 P\u00fablica i Hisenda, respecte de la reclassificaci\u00f3 del conjunt dels professionals, adequant la classificaci\u00f3 en el grup professional a les funcions realment exercides i a la responsabilitat d\u2019aquestes.<\/p>\n\n\n\n<h5 class=\"wp-block-heading\"><strong>CAT\u00c0LEG DE FUNCIONS<\/strong><\/h5>\n\n\n\n<p>No hi ha voluntat de derogar les diferents Ordenis preconstitucionals, vigents quant a les funcions, amb una disposici\u00f3 transit\u00f2ria que posi totes les eines perqu\u00e8, en un termini de temps fixat, s\u2019elabori un cat\u00e0leg de funcions de totes les categories.<\/p>\n\n\n\n<h5 class=\"wp-block-heading\"><strong>INFERMERES ESPECIALISTES<\/strong><\/h5>\n\n\n\n<p>La nova redacci\u00f3 no contempla possibilitar la integraci\u00f3 de les infermeres que estan en possessi\u00f3 de l\u2019especialitat en places com a infermeres especialistes.<\/p>\n\n\n\n<h5 class=\"wp-block-heading\"><strong>TRASLLATS OBERTS I PERMANENTS<\/strong><\/h5>\n\n\n\n<p>La \u201ct\u00e8bia\u201d redacci\u00f3 dels processos de concursos de trasllats oberts i permanents en totes les Comunitats, no garanteix la seva posada en marxa en les diferents administracions sanit\u00e0ries.<\/p>\n\n\n\n<h5 class=\"wp-block-heading\"><strong>FORMACI\u00d3 CONTINUADA<\/strong><\/h5>\n\n\n\n<p>No es contempla en la norma de manera clara l\u2019obligatorietat de les Administracions Sanit\u00e0ries de donar una formaci\u00f3 cont\u00ednua per a totes les categories professionals de manera habitual.<\/p>\n\n\n\n<h5 class=\"wp-block-heading\"><strong>ofertes d\u2019ocupaci\u00f3<\/strong><\/h5>\n\n\n\n<p>No es reflecteix que les planificacions dels recursos humans a trav\u00e9s de convocat\u00f2ries no siguin de manera habitual i es continua deixant oberta la possibilitat, com fins ara, de no convocar ofertes d\u2019ocupaci\u00f3 peri\u00f2diques, que acabin derivant en la precarietat que hem tingut fins ara.<\/p>\n\n\n\n<h5 class=\"wp-block-heading\"><strong>places de dif\u00edcil cobertura<\/strong><\/h5>\n\n\n\n<p>Quant a la dif\u00edcil cobertura, no s\u2019assumeix la reivindicaci\u00f3 de la&nbsp;FSS-CCOO&nbsp;que no s\u00f3n places sin\u00f3 centres de dif\u00edcil cobertura, ja que no pot suposar una discriminaci\u00f3 entre professionals la dif\u00edcil cobertura segons les caracter\u00edstiques de cada professional i categoria.<\/p>\n\n\n\n<h5 class=\"wp-block-heading\"><strong>processos de selecci\u00f3<\/strong><\/h5>\n\n\n\n<p>Que el concurs com a sistema de selecci\u00f3 i provisi\u00f3 de places sigui una cosa extraordin\u00e0ria i en cap cas un sistema habitual, que no guardi els principis d\u2019igualtat, m\u00e8rit, capacitat, compet\u00e8ncia i publicitat, \u00e9s una altra de les reivindicacions no recollides.<\/p>\n\n\n\n<h5 class=\"wp-block-heading\"><strong>promoci\u00f3 interna<\/strong><\/h5>\n\n\n\n<p>L\u2019actualitzaci\u00f3 no assegura l\u2019oferta de promoci\u00f3 interna al personal fix, com a dret que t\u00e9 reconegut, perpetuant l\u2019actual sistema; en moltes administracions sanit\u00e0ries es deixa arraconada aquesta possibilitat, utilitzant nomenaments temporals, la qual cosa es veu reflectit en l\u2019escassetat de convocat\u00f2ries d\u2019oposicions de promoci\u00f3 interna que priven del desenvolupament de la carrera professional del personal estatutari.<\/p>\n\n\n\n<h5 class=\"wp-block-heading\"><strong>equiparaci\u00f3 salarial<\/strong><\/h5>\n\n\n\n<p>No hi ha una aposta definitiva per equiparar retribucions entre els diferents territoris, afavorint la captaci\u00f3 de professionals per aquelles Comunitats les retribucions de les quals siguin majors provocant un desequilibri en la distribuci\u00f3 dels recursos humans que afecta les carteres de serveis i que va en detriment de la qualitat assistencial de la poblaci\u00f3.<\/p>\n\n\n\n<h5 class=\"wp-block-heading\"><strong>c\u00e0rregues de treball<\/strong><\/h5>\n\n\n\n<p>No s\u2019articula la possibilitat de planificar les c\u00e0rregues de treball, amb temps m\u00ednims, per a afavorir la conciliaci\u00f3 de la vida familiar i laboral.<\/p>\n\n\n\n<h5 class=\"wp-block-heading\"><strong>35 h setamanals<\/strong><\/h5>\n\n\n\n<p>No es contempla de manera efectiva la implantaci\u00f3 de la jornada de 35 hores setmanals amb car\u00e0cter b\u00e0sic, recollida en l\u2019Acord marc per a una Administraci\u00f3 del Segle XXI.<\/p>\n\n\n\n<h5 class=\"wp-block-heading\"><strong>un pas enrera<\/strong><\/h5>\n\n\n\n<p>A m\u00e9s, es plantegen una s\u00e8rie de mesures que suposen una reculada en drets: augmenten a 60 anys l\u2019edat per a sol\u00b7licitar l\u2019exempci\u00f3 de nits i gu\u00e0rdies; es mant\u00e9 la limitaci\u00f3 de 15 minuts per a la pausa de descans en la jornada; augmenta el cat\u00e0leg de faltes i sancions; segueix sense considerar-se com a jornada nocturna el tram horari de 7 a 8, entre altres.<\/p>\n","protected":false},"excerpt":{"rendered":"<p>La Federaci\u00f3 de Sanitat i Sectors Sociosanitaris de CCOO (FSS-CCOO) s\u2019ha aixecat avui de la taula de negociaci\u00f3 per a actualitzar l\u2019Estatut Marc, davant la falta d\u2019avan\u00e7os en la negociaci\u00f3 &#8230; <a title=\"CCOO s\u2019aixeca de la taula per a actualitzar l\u2019Estatut Marc de Sanitat davant la falta d\u2019avan\u00e7os en la negociaci\u00f3 amb el Ministeri\" class=\"read-more\" href=\"https:\/\/ccoo.app\/ics\/noticies\/ccoo-saixeca-de-la-taula-per-a-actualitzar-lestatut-marc-de-sanitat-davant-la-falta-davancos-en-la-negociacio-amb-el-ministeri\/\" aria-label=\"M\u00e9s informaci\u00f3 sobre CCOO s\u2019aixeca de la taula per a actualitzar l\u2019Estatut Marc de Sanitat davant la falta d\u2019avan\u00e7os en la negociaci\u00f3 amb el Ministeri\">Read more<\/a><\/p>\n","protected":false},"author":4386,"featured_media":32011,"comment_status":"closed","ping_status":"closed","sticky":false,"template":"","format":"standard","meta":{"footnotes":""},"categories":[12,1],"tags":[],"area":[],"class_list":["post-32009","post","type-post","status-publish","format-standard","has-post-thumbnail","hentry","category-actualitat","category-noticies","generate-columns","tablet-grid-50","mobile-grid-100","grid-parent","grid-50"],"_links":{"self":[{"href":"https:\/\/ccoo.app\/ics\/wp-json\/wp\/v2\/posts\/32009","targetHints":{"allow":["GET"]}}],"collection":[{"href":"https:\/\/ccoo.app\/ics\/wp-json\/wp\/v2\/posts"}],"about":[{"href":"https:\/\/ccoo.app\/ics\/wp-json\/wp\/v2\/types\/post"}],"author":[{"embeddable":true,"href":"https:\/\/ccoo.app\/ics\/wp-json\/wp\/v2\/users\/4386"}],"replies":[{"embeddable":true,"href":"https:\/\/ccoo.app\/ics\/wp-json\/wp\/v2\/comments?post=32009"}],"version-history":[{"count":3,"href":"https:\/\/ccoo.app\/ics\/wp-json\/wp\/v2\/posts\/32009\/revisions"}],"predecessor-version":[{"id":32013,"href":"https:\/\/ccoo.app\/ics\/wp-json\/wp\/v2\/posts\/32009\/revisions\/32013"}],"wp:featuredmedia":[{"embeddable":true,"href":"https:\/\/ccoo.app\/ics\/wp-json\/wp\/v2\/media\/32011"}],"wp:attachment":[{"href":"https:\/\/ccoo.app\/ics\/wp-json\/wp\/v2\/media?parent=32009"}],"wp:term":[{"taxonomy":"category","embeddable":true,"href":"https:\/\/ccoo.app\/ics\/wp-json\/wp\/v2\/categories?post=32009"},{"taxonomy":"post_tag","embeddable":true,"href":"https:\/\/ccoo.app\/ics\/wp-json\/wp\/v2\/tags?post=32009"},{"taxonomy":"area","embeddable":true,"href":"https:\/\/ccoo.app\/ics\/wp-json\/wp\/v2\/area?post=32009"}],"curies":[{"name":"wp","href":"https:\/\/api.w.org\/{rel}","templated":true}]}}