{"id":32001,"date":"2023-04-03T08:00:00","date_gmt":"2023-04-03T06:00:00","guid":{"rendered":"https:\/\/ccoo.app\/ics\/?p=32001"},"modified":"2023-04-26T19:05:04","modified_gmt":"2023-04-26T17:05:04","slug":"documents","status":"publish","type":"post","link":"https:\/\/ccoo.app\/ics\/noticies\/normativa\/documents\/","title":{"rendered":"Documents"},"content":{"rendered":"\n<figure class=\"wp-block-image\"><img decoding=\"async\" src=\"https:\/\/www.ccoo.cat\/sanitat\/wp-content\/uploads\/sites\/130\/2022\/03\/carpetes-documents.jpg\" alt=\"Carpetes Documents\" \/><\/figure>\n\n\n\n<ul class=\"wp-block-list\">\n<li><a href=\"https:\/\/www.ccoo.cat\/sanitat\/wp-content\/uploads\/sites\/130\/2022\/02\/estatuto-marco-personal-estatutario.pdf\">Estatut Marc Llei 55\/2003<\/a><\/li>\n\n\n\n<li><a href=\"https:\/\/www.ccoo.cat\/sanitat\/wp-content\/uploads\/sites\/130\/2022\/02\/estatuto-basico-empleado-publico.pdf\">Estatuto B\u00e1sico del Empleado P\u00fablico<\/a><\/li>\n\n\n\n<li><a href=\"https:\/\/www.ccoo.cat\/sanitat\/wp-content\/uploads\/sites\/130\/2022\/02\/estatuto-marco-personal-estatutario-2003.pdf\">Estatuto Marco del personal estatutario de los servicios de salud<\/a>.<\/li>\n\n\n\n<li><a href=\"https:\/\/www.ccoo.cat\/sanitat\/wp-content\/uploads\/sites\/130\/2022\/02\/iii-acord-condicions-treball-generalitat.pdf\">III Acord General sobre condicions de treball del personal de l\u2019\u00e0mbit d\u2019aplicaci\u00f3 de la Mesa General de Negociaci\u00f3 de l\u2019Administraci\u00f3 de la Generalitat de Catalunya TRI\/4240\/2006<\/a><\/li>\n\n\n\n<li><a href=\"https:\/\/www.ccoo.cat\/sanitat\/wp-content\/uploads\/sites\/130\/2022\/02\/ii-acord-condicions-de-treball-personal-estatutari.pdf\">II Acord de la Mesa Sectorial de Negociaci\u00f3 de Sanitat per al per\u00edode 2007-2010 TRI\/4240\/2006<\/a><\/li>\n<\/ul>\n\n\n\n<ul class=\"wp-block-list\">\n<li><a href=\"https:\/\/www.ccoo.cat\/sanitat\/wp-content\/uploads\/sites\/130\/2022\/02\/llei-8-2006-mesures-conciliacio.pdf\">Llei de mesures de conciliaci\u00f3 de la vida personal, familiar i laboral del personal al servei de les Administracions P\u00fabliques de Catalunya 8\/2006<\/a><\/li>\n<\/ul>\n\n\n\n<ul class=\"wp-block-list\">\n<li><a href=\"https:\/\/www.ccoo.cat\/sanitat\/wp-content\/uploads\/sites\/130\/2022\/02\/pacte-drets-sindicals-2005.pdf\">Pacte sobre drets sindicals en l\u2019\u00e0mbit de l\u2019Administraci\u00f3 de la Generalitat de Catalunya TRI\/1065\/2005<\/a><\/li>\n\n\n\n<li><a href=\"https:\/\/www.ccoo.cat\/sanitat\/wp-content\/uploads\/sites\/130\/2022\/02\/pacte-ordenacio-i-classificacio-professional-personal-estatutari.pdf\">Pacte de la Mesa Sectorial de Negociaci\u00f3 de Sanitat sobre l\u2019ordenaci\u00f3 i classificaci\u00f3 del personal estatutari de l\u2019ICS TRE\/3033\/2008<\/a><\/li>\n\n\n\n<li><a href=\"https:\/\/www.ccoo.cat\/sanitat\/wp-content\/uploads\/sites\/130\/2022\/02\/correccio-errades-pacte-ordenacio-i-classificacio-professional-personal-estatutari.pdf\">CORRECCI\u00d3 D\u2019ERRADES a la Resoluci\u00f3 TRE\/3033\/2008, de 2 de setembre, per la qual es disposa la inscripci\u00f3 i la publicaci\u00f3 del Pacte de la Mesa sectorial de Negociaci\u00f3 de Sanitat sobre l\u2019ordenaci\u00f3 i la classificaci\u00f3 del personal de l\u2019ICS<\/a><\/li>\n\n\n\n<li><a href=\"https:\/\/www.ccoo.cat\/sanitat\/wp-content\/uploads\/sites\/130\/2022\/02\/pacte-seleccio-personal-temporal-2010.pdf\">Pacte de la Mesa sectorial de negociaci\u00f3 de sanitat sobre regulaci\u00f3 del sistema de selecci\u00f3 per al nomenament de personal estatutari temporal en l\u2019\u00e0mbit de l\u2019empresa p\u00fablica Institut Catal\u00e0 de la Salut (ICS)<\/a><\/li>\n\n\n\n<li><a href=\"https:\/\/www.ccoo.cat\/sanitat\/wp-content\/uploads\/sites\/130\/2022\/02\/pacte-flexibilitzacio-horaria-eap.pdf\">Pacte de la Mesa Sectorial de Negociaci\u00f3 de Sanitat de flexibilitzaci\u00f3 hor\u00e0ria dels equips d\u2019atenci\u00f3 prim\u00e0ria de l\u2019Institut Catal\u00e0 de la Salut TRE\/2576\/2088<\/a><\/li>\n\n\n\n<li><a href=\"https:\/\/www.ccoo.cat\/sanitat\/wp-content\/uploads\/sites\/130\/2022\/02\/pacte-mobilitat-interna-2016-2020.pdf\">Pacte de la Mesa Sectorial de Negociaci\u00f3 de Sanitat de mobilitat volunt\u00e0ria, de personal estatutari, oberta de manera permanent per a l\u2019atenci\u00f3 prim\u00e0ria de la empresa p\u00fablica Institut Catal\u00e0 de la Salut<\/a><\/li>\n\n\n\n<li><a href=\"https:\/\/www.ccoo.cat\/sanitat\/wp-content\/uploads\/sites\/130\/2022\/02\/pacte-mobilitat-voluntaria-resolucio-tsf-415-2020.pdf\">Acord de Mesa Sectorial de negociaci\u00f3 de sanitat per a la potenciaci\u00f3 dels processos de mobilitat volunt\u00e0ria oberta i permanent Resoluci\u00f3 TSF\/415\/2020 de 16 de gener<\/a>.<\/li>\n\n\n\n<li><a href=\"https:\/\/www.ccoo.cat\/sanitat\/wp-content\/uploads\/sites\/130\/2022\/02\/pacte-fons-accio-social.pdf\">Pacte de la Mesa sectorial de Negociaci\u00f3 de Sanitat per establir els criteris generals de l\u2019acci\u00f3 social de l\u2019empresa p\u00fablica Institut Catal\u00e0 de la Salut (ICS)<\/a><\/li>\n\n\n\n<li><a href=\"https:\/\/www.ccoo.cat\/sanitat\/wp-content\/uploads\/sites\/130\/2022\/02\/acord-prestacio-serveis-amb-malalties-especial-gravetat.pdf\">Acord de la mesa general de negociaci\u00f3 dels empleats p\u00fablics de l\u2019administraci\u00f3 de la Generalitat de Catalunya pel qual s\u2019estableixen mesures relatives a la prestaci\u00f3 de serveis amb malalties d\u2019especial gravetat<\/a><\/li>\n\n\n\n<li><a href=\"https:\/\/www.ccoo.cat\/sanitat\/wp-content\/uploads\/sites\/130\/2022\/02\/acord-atencio-fills-discapacitats.pdf\">Acord sobre els permisos per atendre fills discapacitats de l\u2019art.17 de la Llei 8\/2006 de 5 de Juliol, de mesures de conciliaci\u00f3 de la vida personal, familiar i laboral del personal al servei de les administracions p\u00fabliques de Catalunya<\/a><\/li>\n\n\n\n<li><a href=\"https:\/\/www.ccoo.cat\/sanitat\/wp-content\/uploads\/sites\/130\/2022\/02\/acord-proteccio-victimes-violencia-genere.pdf\">Acord de la mesa general de negociaci\u00f3 dels empleats p\u00fablics de l\u2019administraci\u00f3 de la Generalitat de Catalunya pel qual s\u2019estableix el procediment de mobilitat de les empleades p\u00fabliques v\u00edctimes de viol\u00e8ncia de g\u00e8nere a l\u2019administraci\u00f3 de la Generalitat de Catalunya<\/a><\/li>\n<\/ul>\n","protected":false},"excerpt":{"rendered":"","protected":false},"author":4386,"featured_media":32003,"comment_status":"closed","ping_status":"closed","sticky":false,"template":"","format":"standard","meta":{"footnotes":""},"categories":[18],"tags":[],"area":[],"class_list":["post-32001","post","type-post","status-publish","format-standard","has-post-thumbnail","hentry","category-normativa","generate-columns","tablet-grid-50","mobile-grid-100","grid-parent","grid-50"],"_links":{"self":[{"href":"https:\/\/ccoo.app\/ics\/wp-json\/wp\/v2\/posts\/32001","targetHints":{"allow":["GET"]}}],"collection":[{"href":"https:\/\/ccoo.app\/ics\/wp-json\/wp\/v2\/posts"}],"about":[{"href":"https:\/\/ccoo.app\/ics\/wp-json\/wp\/v2\/types\/post"}],"author":[{"embeddable":true,"href":"https:\/\/ccoo.app\/ics\/wp-json\/wp\/v2\/users\/4386"}],"replies":[{"embeddable":true,"href":"https:\/\/ccoo.app\/ics\/wp-json\/wp\/v2\/comments?post=32001"}],"version-history":[{"count":1,"href":"https:\/\/ccoo.app\/ics\/wp-json\/wp\/v2\/posts\/32001\/revisions"}],"predecessor-version":[{"id":32002,"href":"https:\/\/ccoo.app\/ics\/wp-json\/wp\/v2\/posts\/32001\/revisions\/32002"}],"wp:featuredmedia":[{"embeddable":true,"href":"https:\/\/ccoo.app\/ics\/wp-json\/wp\/v2\/media\/32003"}],"wp:attachment":[{"href":"https:\/\/ccoo.app\/ics\/wp-json\/wp\/v2\/media?parent=32001"}],"wp:term":[{"taxonomy":"category","embeddable":true,"href":"https:\/\/ccoo.app\/ics\/wp-json\/wp\/v2\/categories?post=32001"},{"taxonomy":"post_tag","embeddable":true,"href":"https:\/\/ccoo.app\/ics\/wp-json\/wp\/v2\/tags?post=32001"},{"taxonomy":"area","embeddable":true,"href":"https:\/\/ccoo.app\/ics\/wp-json\/wp\/v2\/area?post=32001"}],"curies":[{"name":"wp","href":"https:\/\/api.w.org\/{rel}","templated":true}]}}