{"id":31989,"date":"2023-04-26T16:48:24","date_gmt":"2023-04-26T14:48:24","guid":{"rendered":"https:\/\/ccoo.app\/ics\/?p=31989"},"modified":"2023-04-26T16:52:50","modified_gmt":"2023-04-26T14:52:50","slug":"aquest-primer-de-maig-omplim-els-carrers-perque-amb-les-coses-de-menjar-no-shi-juga","status":"publish","type":"post","link":"https:\/\/ccoo.app\/ics\/noticies\/aquest-primer-de-maig-omplim-els-carrers-perque-amb-les-coses-de-menjar-no-shi-juga\/","title":{"rendered":"Aquest Primer de Maig omplim els carrers, perqu\u00e8 amb les coses de menjar, no s\u2019hi juga!"},"content":{"rendered":"<div class=\"wp-block-image\">\n<figure class=\"aligncenter size-full is-resized\"><img loading=\"lazy\" decoding=\"async\" src=\"https:\/\/ccoo.app\/ics\/wp-content\/blogs.dir\/6\/files\/sites\/200\/2023\/04\/imagen-3.png\" alt=\"Primer de maig, amb les coses de menjar no s'hi juga\" class=\"wp-image-31990\" width=\"770\" height=\"433\" srcset=\"https:\/\/ccoo.app\/ics\/wp-content\/blogs.dir\/6\/files\/sites\/200\/2023\/04\/imagen-3.png 1024w, https:\/\/ccoo.app\/ics\/wp-content\/blogs.dir\/6\/files\/sites\/200\/2023\/04\/imagen-3-300x169.png 300w, https:\/\/ccoo.app\/ics\/wp-content\/blogs.dir\/6\/files\/sites\/200\/2023\/04\/imagen-3-768x432.png 768w\" sizes=\"auto, (max-width: 770px) 100vw, 770px\" \/><\/figure>\n<\/div>\n\n\n<p>Sovint escoltem al mercat, a la parada del bus o a la terrassa del bar: &#8220;Has vist a Fran\u00e7a com han sortit al carrer a protestar? Aix\u00f2 s\u00ed que \u00e9s una societat reivindicativa!&#8221; S\u00ed, sovint ho escoltem, i molts de nosaltres ho pensem tamb\u00e9. Aleshores, qu\u00e8 \u00e9s el que fa decidir-nos per anar al c\u00e0mping o a passejar per la muntanya en comptes d&#8217;anar a la Via Laietana de Barcelona o a la pla\u00e7a de la Independ\u00e8ncia de Girona? A banda de voler gaudir del temps d&#8217;oci, que \u00e9s normal, hi ha la sensaci\u00f3 generalitzada que els pol\u00edtics no ens representen, que som en mans del dest\u00ed i, en conseq\u00fc\u00e8ncia, adoptem una actitud passiva. Doncs b\u00e9,&nbsp;<strong>l&#8217;esperit de canvi ha de n\u00e9ixer de nosaltres<\/strong>, de les fam\u00edlies, dels joves, de la classe de treballadora. Si no ho fem, estem legitimant les pol\u00edtiques neoliberals que ens volen imposar.<\/p>\n\n\n\n<p>Diuen que ens apropem a un canvi de cicle, que est\u00e0 en joc una Europa social enfront d&#8217;una Europa capitalista on prevalen els interessos econ\u00f2mics per damunt de tot. I davant d&#8217;aix\u00f2, les&nbsp;<strong>CCOO han d\u2019estar unides i fortes<\/strong>. Els que desprestigien els sindicats s\u00f3n els mateixos als quals no interessa una classe treballadora organitzada i combativa.<\/p>\n\n\n\n<p>El Primer de Maig \u00e9s una bona oportunitat per omplir els carrers i dir ben alt que&nbsp;<strong>amb les coses de menjar, no s&#8217;hi juga<\/strong>. Sortim a exigir salaris dignes, justos i igualitaris que ens permetin emancipar-nos i arribar a final de mes amb tranquil\u00b7litat; uns horaris laborals que ens permetin treballar per viure i no viure per treballar; una igualtat de g\u00e8nere real, i una sanitat i una educaci\u00f3 p\u00fabliques de qualitat. En definitiva, sortim a defensar l\u2019estat del benestar que sempre hem volgut.<\/p>\n\n\n\n<p><strong>Us esperem el Primer de Maig!Barcelona<\/strong>, 11.30 h, ronda de Sant Pere \/ carrer de Pau Claris<\/p>\n\n\n\n<p><\/p>\n\n\n\n<h2 class=\"wp-block-heading\"><a href=\"https:\/\/www.ccoo.cat\/wp-content\/uploads\/2023\/04\/cartell-1-maig-2023-barcelona.pdf\">Barcelona, 11.30 h, Ronda Sant Pere amb Pau Claris<\/a><br><a href=\"https:\/\/www.ccoo.cat\/wp-content\/uploads\/2023\/04\/cartell-1-maig-2023-tarragona.pdf\">Tarragona, 12 h, pla\u00e7a&nbsp;Imperial T\u00e0rraco<\/a><br><a href=\"https:\/\/www.ccoo.cat\/wp-content\/uploads\/2023\/04\/cartell-1-maig-2023-girona.pdf\">Girona, 12 h, pla\u00e7a de la Independ\u00e8ncia<\/a><br><a href=\"https:\/\/www.ccoo.cat\/wp-content\/uploads\/2023\/04\/cartell-1-maig-2023-lleida.pdf\">Lleida, 12 h, pla\u00e7a del Treball<\/a><br><a href=\"https:\/\/www.ccoo.cat\/wp-content\/uploads\/2023\/04\/cartell-1-maig-2023-terrassa.pdf\">Terrassa, 11 h, pla\u00e7a de Llu\u00eds Companys<\/a><br><a href=\"https:\/\/www.ccoo.cat\/wp-content\/uploads\/2023\/04\/cartell-1-maig-2023-tortosa.pdf\">Tortosa, 11.45 h, CAP El Temple<\/a><br><a href=\"https:\/\/www.ccoo.cat\/wp-content\/uploads\/2023\/04\/cartell-1-maig-2023-igualada.pdf\">Igualada, 11.30 h, passeig de Moss\u00e8n Jacint Verdaguer \/ carrer de Sant Mag\u00ed<\/a><\/h2>\n\n\n\n<div class=\"wp-block-buttons has-custom-font-size has-large-font-size is-content-justification-center is-layout-flex wp-container-core-buttons-is-layout-16018d1d wp-block-buttons-is-layout-flex\">\n<div class=\"wp-block-button is-style-outline is-style-outline--1\"><a class=\"wp-block-button__link wp-element-button\">M\u00e9s informaci\u00f3 sobre l&#8217;1 de Maig \u00bb<\/a><\/div>\n<\/div>\n","protected":false},"excerpt":{"rendered":"<p>Sovint escoltem al mercat, a la parada del bus o a la terrassa del bar: &#8220;Has vist a Fran\u00e7a com han sortit al carrer a protestar? Aix\u00f2 s\u00ed que \u00e9s &#8230; <a title=\"Aquest Primer de Maig omplim els carrers, perqu\u00e8 amb les coses de menjar, no s\u2019hi juga!\" class=\"read-more\" href=\"https:\/\/ccoo.app\/ics\/noticies\/aquest-primer-de-maig-omplim-els-carrers-perque-amb-les-coses-de-menjar-no-shi-juga\/\" aria-label=\"M\u00e9s informaci\u00f3 sobre Aquest Primer de Maig omplim els carrers, perqu\u00e8 amb les coses de menjar, no s\u2019hi juga!\">Read more<\/a><\/p>\n","protected":false},"author":4386,"featured_media":31991,"comment_status":"closed","ping_status":"closed","sticky":false,"template":"","format":"standard","meta":{"footnotes":""},"categories":[13,1],"tags":[],"area":[],"class_list":["post-31989","post","type-post","status-publish","format-standard","has-post-thumbnail","hentry","category-accions-sindicals","category-noticies","generate-columns","tablet-grid-50","mobile-grid-100","grid-parent","grid-50"],"_links":{"self":[{"href":"https:\/\/ccoo.app\/ics\/wp-json\/wp\/v2\/posts\/31989","targetHints":{"allow":["GET"]}}],"collection":[{"href":"https:\/\/ccoo.app\/ics\/wp-json\/wp\/v2\/posts"}],"about":[{"href":"https:\/\/ccoo.app\/ics\/wp-json\/wp\/v2\/types\/post"}],"author":[{"embeddable":true,"href":"https:\/\/ccoo.app\/ics\/wp-json\/wp\/v2\/users\/4386"}],"replies":[{"embeddable":true,"href":"https:\/\/ccoo.app\/ics\/wp-json\/wp\/v2\/comments?post=31989"}],"version-history":[{"count":4,"href":"https:\/\/ccoo.app\/ics\/wp-json\/wp\/v2\/posts\/31989\/revisions"}],"predecessor-version":[{"id":31996,"href":"https:\/\/ccoo.app\/ics\/wp-json\/wp\/v2\/posts\/31989\/revisions\/31996"}],"wp:featuredmedia":[{"embeddable":true,"href":"https:\/\/ccoo.app\/ics\/wp-json\/wp\/v2\/media\/31991"}],"wp:attachment":[{"href":"https:\/\/ccoo.app\/ics\/wp-json\/wp\/v2\/media?parent=31989"}],"wp:term":[{"taxonomy":"category","embeddable":true,"href":"https:\/\/ccoo.app\/ics\/wp-json\/wp\/v2\/categories?post=31989"},{"taxonomy":"post_tag","embeddable":true,"href":"https:\/\/ccoo.app\/ics\/wp-json\/wp\/v2\/tags?post=31989"},{"taxonomy":"area","embeddable":true,"href":"https:\/\/ccoo.app\/ics\/wp-json\/wp\/v2\/area?post=31989"}],"curies":[{"name":"wp","href":"https:\/\/api.w.org\/{rel}","templated":true}]}}