{"id":31980,"date":"2023-04-26T08:12:00","date_gmt":"2023-04-26T06:12:00","guid":{"rendered":"https:\/\/ccoo.app\/ics\/?p=31980"},"modified":"2023-04-26T16:31:47","modified_gmt":"2023-04-26T14:31:47","slug":"dia-de-la-visibilitat-lesbica-no-esta-de-mes","status":"publish","type":"post","link":"https:\/\/ccoo.app\/ics\/noticies\/dia-de-la-visibilitat-lesbica-no-esta-de-mes\/","title":{"rendered":"Dia de la visibilitat l\u00e8sbica\u2026 no est\u00e0 de m\u00e9s"},"content":{"rendered":"\n<p>Quan parlo de visibilitat l\u00e8sbica amb persones alienes al col\u00b7lectiu, sol sorgir el dubte de perqu\u00e8. Per qu\u00e8 aquest concepte en concret, per qu\u00e8 tantes reivindicacions espec\u00edfiques?<br>No hauria de donar-se per reclamat el dia de l&#8217;orgull?<\/p>\n\n\n\n<hr class=\"wp-block-separator has-alpha-channel-opacity\" \/>\n\n\n\n<h5 class=\"wp-block-heading\">L&#8217;arc de sant mart\u00ed que conforma el col\u00b7lectiu LGTBI+ \u00e9s molt ampli, molt m\u00e9s que el tradicional biaix binari en el qual s&#8217;ha consolidat la cultura global del hereropatriarcat. Trencar amb aquest &#8220;ordre establert&#8221; \u00e9s precisament el que ha possibilitat augmentar la gamma de colors de l&#8217;arc de sant mart\u00ed sota el qual ens sentim representats en major o menor mesura.<\/h5>\n\n\n<div class=\"wp-block-image\">\n<figure class=\"aligncenter size-large is-resized\"><img loading=\"lazy\" decoding=\"async\" src=\"https:\/\/ccoo.app\/ics\/wp-content\/blogs.dir\/6\/files\/sites\/200\/2023\/04\/whatsapp-image-2023-04-26-at-16-22-12-725x1024.jpeg\" alt=\"26 d'abril Dia de la visibilitat l\u00e9sbica \" class=\"wp-image-31982\" width=\"452\" height=\"638\" srcset=\"https:\/\/ccoo.app\/ics\/wp-content\/blogs.dir\/6\/files\/sites\/200\/2023\/04\/whatsapp-image-2023-04-26-at-16-22-12-725x1024.jpeg 725w, https:\/\/ccoo.app\/ics\/wp-content\/blogs.dir\/6\/files\/sites\/200\/2023\/04\/whatsapp-image-2023-04-26-at-16-22-12-212x300.jpeg 212w, https:\/\/ccoo.app\/ics\/wp-content\/blogs.dir\/6\/files\/sites\/200\/2023\/04\/whatsapp-image-2023-04-26-at-16-22-12-768x1085.jpeg 768w, https:\/\/ccoo.app\/ics\/wp-content\/blogs.dir\/6\/files\/sites\/200\/2023\/04\/whatsapp-image-2023-04-26-at-16-22-12-1087x1536.jpeg 1087w, https:\/\/ccoo.app\/ics\/wp-content\/blogs.dir\/6\/files\/sites\/200\/2023\/04\/whatsapp-image-2023-04-26-at-16-22-12.jpeg 1200w\" sizes=\"auto, (max-width: 452px) 100vw, 452px\" \/><\/figure>\n<\/div>\n\n\n<p>Quan em q\u00fcestionen el perqu\u00e8 del qual parlo m\u00e9s amunt i, sense poder deixar enrere el concepte binari del qual abans parlava, la resposta m\u00e9s org\u00e0nica que a la majoria ens surt \u00e9s simple: Les lesbianes sempre han sofert una doble discriminaci\u00f3, per ser lesbianes i per ser dones.<\/p>\n\n\n\n<p>Pot ser que aquest argument estigui molt trillat, pot ser que s&#8217;hagi repetit tant que hagi acabat per ser una resposta f\u00e0cil, per\u00f2 la realitat \u00e9s que es tracta de la gran porta discriminat\u00f2ria despr\u00e9s de la qual s&#8217;amaguen la resta de motius pels quals reivindicar un dia aix\u00ed.<\/p>\n\n\n\n<p>En termes generals, el primer en el que consolida part de la seva llibertat un individu \u00e9s posseir una certa independ\u00e8ncia. En el m\u00f3n, no sols d&#8217;avui dia, tenir un grau d&#8217;independ\u00e8ncia personal pansa, ens agradi o no, per posseir el nostre propi mitj\u00e0 de manteniment i no dependre de ning\u00fa, comporta tenir capacitat aut\u00f2noma a nivell econ\u00f2mic.<\/p>\n\n\n\n<p>Partint d&#8217;aquesta base, potser \u00e9s m\u00e9s f\u00e0cil entendre que era m\u00e9s dif\u00edcil aconseguir aquesta independ\u00e8ncia personal si eres dona. No es tractava tan sols de tenir la possibilitat d&#8217;incorporar-te al mercat laboral si no procedies d&#8217;una fam\u00edlia acomodada, b\u00e0sicament perqu\u00e8 el paper de la dona es redu\u00efa a les cures familiars i a la procreaci\u00f3, sin\u00f3 perqu\u00e8 la pr\u00f2pia legislaci\u00f3 vigent, fins fa no tant, impedia aquest concepte si no venia de la m\u00e0 d&#8217;una autoritzaci\u00f3 per part de la figura masculina que la custodi\u00e9s. No \u00e9s dif\u00edcil entendre llavors la relaci\u00f3 que existeix entre aquest fet, la dificultat per a ser independent econ\u00f2micament, i la dificultat que trobaven moltes dones a l&#8217;hora de viure la seva sexualitat lliurement, m\u00e9s encara si es travava de fer-ho al costat d&#8217;una altra dona.<\/p>\n\n\n\n<p>Evidentment, no \u00e9s l&#8217;\u00fanic fet que ha afectat la invisibilitzaci\u00f3 del lesbianisme. La influ\u00e8ncia religiosa considerant a la dona un ser quasi virginal, la fi \u00faltima del qual era la procreaci\u00f3, mancada de desig sexual, continua sent una etiqueta cultural massa pesada. Aquelles dones que parlaven amb una certa llibertat sobre els seus desitjos eren considerades pecadores, una temptaci\u00f3 diab\u00f2lica\u2026 imagineu llavors el concepte que arrossegava una relaci\u00f3 l\u00e8sbica. Com deia Mecano en aquell meravell\u00f3s tema anomenat Dona contra dona: \u201c\u2026 ho disfressen d&#8217;amistat, quan surt a passejar per la ciutat\u2026\u201d.<\/p>\n\n\n\n<p>El lesbianisme ha estat sempre carregat de t\u00f2pics, de t\u00f2pics absurds que anaven de bracet de la invisibilitzaci\u00f3 de la pr\u00f2pia dona en molts aspectes de la vida. De la falta d&#8217;independ\u00e8ncia econ\u00f2mica i personal, de ser concebuda gaireb\u00e9 com un ser asexual, de no tenir sentit la seva exist\u00e8ncia sense establir com a objectiu final la constituci\u00f3 d&#8217;una fam\u00edlia com a mare i cuidadora. Per\u00f2 tamb\u00e9 de la invisibitlizaci\u00f3 en la vida p\u00fablica, de la falta de referents dones dins del col\u00b7lectiu durant massa temps. La cara visible del col\u00b7lectiu sempre venia de la m\u00e0 de perruquers, cantants, dissenyadors que copaven p\u00e0gines del paper *mach\u00e9 com una cosa divertida i exc\u00e8ntric, pocs empresaris, pol\u00edtics, esportistes\u2026 no encaixaven en el paper, imagineu visibilitzar com a exponent a una dona.<\/p>\n\n\n\n<p>Afortunadament, de la m\u00e0 de moviments com el Feminisme, s&#8217;ha reivindicat no sols el paper de la dona en un estatus d&#8217;igualtat de condicions respecte a l&#8217;home en el seu desenvolupament com a individu, sin\u00f3 que cada vegada s\u00f3n m\u00e9s les dones lesbianes que han parlat obertament de la seva sexualitat. Dones famoses, empres\u00e0ries amb c\u00e0rrecs de responsabilitat que visibilitzaven no sols a dones que havien arribat aqu\u00ed, sin\u00f3 que es convertien en referents dins de l&#8217;arc de Sant Mart\u00ed LGTBI+, obrint un cam\u00ed que sempre va existir per\u00f2 que no figurava en cap mapa. S&#8217;han fet visibles, trencant d&#8217;un cop de ploma aquelles etiquetes que impedien viure en llibertat una cosa tan humana com la seva pr\u00f2pia sexualitat i la forma en la qual decidien establir relacions personals, siguin de l&#8217;\u00edndole que sigui, sigui amb qui sigui.<\/p>\n\n\n\n<p>Encara aix\u00ed, continua sent necessari reivindicar el proc\u00e9s fins a arribar a fer aquest petit pas, perqu\u00e8 s\u00f3n necessaris molts m\u00e9s. No totes les dones viuen en un context on es respecten drets que haurien de ser-li inherents com a \u00e9sser hum\u00e0, no est\u00e0 de m\u00e9s recordar el cam\u00ed caminat per a entendre quant queda per rec\u00f3rrer a aquells i aquelles que creuen que ja est\u00e0 tot fet, la import\u00e0ncia que t\u00e9 trobar referents positius en tots els camps, tamb\u00e9 en aquest. No est\u00e0 de m\u00e9s llevar una vegada i una altra el vel de l&#8217;imp\u00fadic a persones que, lliurement, decideixen ser el que vulguin ser, sense necessitat de maquillar-ho d&#8217;etiquetes amistoses ni de sexualizarlo per a complaure als de sempre. No est\u00e0 de m\u00e9s veure-ho, mirar-ho, normalitzar-ho com el que sempre va ser, una cosa normal i, que aquelles que es preguntin en qu\u00e8 pot afectar la seva vida sentir aix\u00ed, al seu treball, a la seva relaci\u00f3 amb els altres, trobin referents que els facin sentir, simplement, una pe\u00e7a m\u00e9s d&#8217;un m\u00f3n on caben totes les emocions possibles, les que sempre hem assimilat com a normals i aquelles que es tapaven solapant la pr\u00f2pia llibertat personal.<\/p>\n\n\n\n<p>Asunci\u00f3n Castro, Secret\u00e0ria de Dones del Sindicat Provincial de Sanitat i Sectors Sociosanitaris de CCOO de C\u00f2rdova<\/p>\n","protected":false},"excerpt":{"rendered":"<p>Quan parlo de visibilitat l\u00e8sbica amb persones alienes al col\u00b7lectiu, sol sorgir el dubte de perqu\u00e8. Per qu\u00e8 aquest concepte en concret, per qu\u00e8 tantes reivindicacions espec\u00edfiques?No hauria de donar-se &#8230; <a title=\"Dia de la visibilitat l\u00e8sbica\u2026 no est\u00e0 de m\u00e9s\" class=\"read-more\" href=\"https:\/\/ccoo.app\/ics\/noticies\/dia-de-la-visibilitat-lesbica-no-esta-de-mes\/\" aria-label=\"M\u00e9s informaci\u00f3 sobre Dia de la visibilitat l\u00e8sbica\u2026 no est\u00e0 de m\u00e9s\">Read more<\/a><\/p>\n","protected":false},"author":4386,"featured_media":31981,"comment_status":"closed","ping_status":"closed","sticky":false,"template":"","format":"standard","meta":{"footnotes":""},"categories":[9,1],"tags":[],"area":[],"class_list":["post-31980","post","type-post","status-publish","format-standard","has-post-thumbnail","hentry","category-igualtat","category-noticies","generate-columns","tablet-grid-50","mobile-grid-100","grid-parent","grid-50"],"_links":{"self":[{"href":"https:\/\/ccoo.app\/ics\/wp-json\/wp\/v2\/posts\/31980","targetHints":{"allow":["GET"]}}],"collection":[{"href":"https:\/\/ccoo.app\/ics\/wp-json\/wp\/v2\/posts"}],"about":[{"href":"https:\/\/ccoo.app\/ics\/wp-json\/wp\/v2\/types\/post"}],"author":[{"embeddable":true,"href":"https:\/\/ccoo.app\/ics\/wp-json\/wp\/v2\/users\/4386"}],"replies":[{"embeddable":true,"href":"https:\/\/ccoo.app\/ics\/wp-json\/wp\/v2\/comments?post=31980"}],"version-history":[{"count":4,"href":"https:\/\/ccoo.app\/ics\/wp-json\/wp\/v2\/posts\/31980\/revisions"}],"predecessor-version":[{"id":31988,"href":"https:\/\/ccoo.app\/ics\/wp-json\/wp\/v2\/posts\/31980\/revisions\/31988"}],"wp:featuredmedia":[{"embeddable":true,"href":"https:\/\/ccoo.app\/ics\/wp-json\/wp\/v2\/media\/31981"}],"wp:attachment":[{"href":"https:\/\/ccoo.app\/ics\/wp-json\/wp\/v2\/media?parent=31980"}],"wp:term":[{"taxonomy":"category","embeddable":true,"href":"https:\/\/ccoo.app\/ics\/wp-json\/wp\/v2\/categories?post=31980"},{"taxonomy":"post_tag","embeddable":true,"href":"https:\/\/ccoo.app\/ics\/wp-json\/wp\/v2\/tags?post=31980"},{"taxonomy":"area","embeddable":true,"href":"https:\/\/ccoo.app\/ics\/wp-json\/wp\/v2\/area?post=31980"}],"curies":[{"name":"wp","href":"https:\/\/api.w.org\/{rel}","templated":true}]}}