{"id":31974,"date":"2023-03-30T07:48:35","date_gmt":"2023-03-30T05:48:35","guid":{"rendered":"https:\/\/ccoo.app\/ics\/?p=31974"},"modified":"2023-04-26T07:52:01","modified_gmt":"2023-04-26T05:52:01","slug":"portes-violetes","status":"publish","type":"post","link":"https:\/\/ccoo.app\/ics\/noticies\/portes-violetes\/","title":{"rendered":"Portes violetes"},"content":{"rendered":"\n<p>Les&nbsp;<a href=\"https:\/\/www.ccoo.cat\/wp-content\/uploads\/2023\/03\/triptic-portes-violetes-2022.pdf\">Portes Violetes s\u00f3n un espai segur del nostre sindicat per escoltar, ajudar i acompanyar les dones v\u00edctimes de viol\u00e8ncia masclista<\/a>. El primer contacte amb la dona \u00e9s molt important.<\/p>\n\n\n\n<h2 class=\"wp-block-heading\">Primer contacte<\/h2>\n\n\n\n<h3 class=\"wp-block-heading\">Si creus que una dona pot ser maltractada:<\/h3>\n\n\n\n<p><em>Pregunta-li com est\u00e0, qu\u00e8 necessita, escolta-la. Empatitza amb ella, posa\u2019t a<\/em>&nbsp;<em>la seva pell, no la jutgis<\/em>.<\/p>\n\n\n\n<h3 class=\"wp-block-heading\">Com la pots ajudar?<\/h3>\n\n\n\n<p>Deixa que plori, que s\u2019expressi, que t\u2019expliqui el que est\u00e0 vivint. A vegades n\u2019hi ha prou amb escoltar-la. Creu-la encara que et sembli inversemblant.<\/p>\n\n\n\n<h3 class=\"wp-block-heading\">Qu\u00e8 li pots dir per fer-la sentir millor?<\/h3>\n\n\n\n<p>Digues-li que ha estat molt valenta per trencar el silenci i dona-li les gr\u00e0cies per confiar en tu.<\/p>\n\n\n\n<h3 class=\"wp-block-heading\">Acompanyament<\/h3>\n\n\n\n<p>Ofereix-li sempre la teva ajuda. Informa-la de la xarxa de recursos disponibles.<br>Si creus que est\u00e0 preparada, acompanya-la a interposar la den\u00fancia.<\/p>\n\n\n\n<h2 class=\"wp-block-heading\">Fes-li preguntes<\/h2>\n\n\n\n<h3 class=\"wp-block-heading\">Per comprovar si una dona est\u00e0 sent v\u00edctima de viol\u00e8ncia masclista i, tamb\u00e9, perqu\u00e8 s\u2019adoni de la seva situaci\u00f3, pots fer-li algunes preguntes. Recorda que moltes dones no s\u00f3n conscients que pateixen viol\u00e8ncia masclista, sobretot en casos de viol\u00e8ncia psicol\u00f2gica.<\/h3>\n\n\n\n<ul class=\"wp-block-list\">\n<li>Alguna vegada t\u2019ha humiliat o criticat en p\u00fablic o en privat?<\/li>\n\n\n\n<li>T\u2019impedeix treballar o t\u2019intenta conv\u00e8ncer perqu\u00e8 no treballis?<\/li>\n\n\n\n<li>Decideix per tu?<\/li>\n\n\n\n<li>Es mostra gel\u00f3s i controlador?<\/li>\n\n\n\n<li>Quedar amb els teus amics i amigues et suposa un problema?<\/li>\n\n\n\n<li>Et sents allunyada del teu entorn?<\/li>\n\n\n\n<li>Revisa el teu m\u00f2bil sense el teu consentiment?<\/li>\n\n\n\n<li>T\u00e9 conductes agressives?<\/li>\n\n\n\n<li>Et compara amb altres dones i et fa sentir inferior?<\/li>\n\n\n\n<li>Intenta que pensis que ets boja?<\/li>\n\n\n\n<li>T\u2019amena\u00e7a d\u2019emportar-se els teus fills o filles?<\/li>\n\n\n\n<li>Et diu que sense ell no serveixes per a res o que ning\u00fa m\u00e9s no t\u2019estimar\u00e0?<\/li>\n\n\n\n<li>No et deixa sortir sola de casa?<\/li>\n\n\n\n<li>Discuteix amb tu per la teva manera de vestir?<\/li>\n<\/ul>\n\n\n\n<ul class=\"wp-block-list\">\n<li>Et parla com si fossis ximple?<\/li>\n\n\n\n<li>Critica com cuides la casa o els teus fills o filles?<\/li>\n\n\n\n<li>Pots gastar els teus diners amb llibertat?<\/li>\n\n\n\n<li>Et culpa dels seus propis problemes?<\/li>\n\n\n\n<li>T\u2019has sentit mai obligada a mantenir relacions sexuals amb ell?<\/li>\n\n\n\n<li>No et parla o t\u2019ignora quan no fas el que ell vol?<\/li>\n\n\n\n<li>Et crida?<\/li>\n\n\n\n<li>Clava cop de punys a les parets o trenca objectes?<\/li>\n\n\n\n<li>Vol saber sempre on ets i amb qui?<\/li>\n\n\n\n<li>Et t\u00e9 geolocalitzada constantment?<\/li>\n\n\n\n<li>Vol que deixis d\u2019estudiar o de fer qualsevol activitat que et permeti progressar?<\/li>\n\n\n\n<li>Quan es posa violent, et fa sentir culpable de la seva conducta?<\/li>\n\n\n\n<li>Despr\u00e9s dels episodis de viol\u00e8ncia, et diu que si el deixes no podr\u00e0 suportar-ho i que no pot viure sense tu?<\/li>\n<\/ul>\n\n\n\n<h2 class=\"wp-block-heading\">Xarxa de recursos<\/h2>\n\n\n\n<h4 class=\"wp-block-heading\">MOSSOS D\u2019ESQUADRA \u2013 112 SERVEI D\u2019INTERVENCI\u00d3 IMMEDIATA PER A EMERG\u00c8NCIES<br>GRUP D\u2019ATENCI\u00d3 A LA V\u00cdCTIMA (GAV)<br>SERVEI D\u2019INTERVENCI\u00d3 ESPECIALITZADA, A TOTES LES&nbsp;<a href=\"http:\/\/sac.gencat.cat\/sacgencat\/AppJava\/organigrama.jsp?codi=13760&amp;jq=200047\">COMISSARIES<\/a><\/h4>\n\n\n\n<p>Permet interposar una den\u00fancia, demanar una ordre de protecci\u00f3, protecci\u00f3 policial, seguiment, acompanyament, informaci\u00f3, derivaci\u00f3 als recursos socials, consells i mesures d\u2019autoprotecci\u00f3.<\/p>\n\n\n\n<h4 class=\"wp-block-heading\">L\u00cdNIA D\u2019ATENCI\u00d3 CONTRA LA VIOL\u00c8NCIA MASCLISTA \u2013&nbsp;<a href=\"tel:900900120\">900 900 120<\/a><\/h4>\n\n\n\n<h4 class=\"wp-block-heading\">ATENCI\u00d3 TELEF\u00d2NICA ESPECIALITZADA 24 HORES<\/h4>\n\n\n\n<p>Informaci\u00f3, assessorament, ajuda en situaci\u00f3 d\u2019emerg\u00e8ncia i derivaci\u00f3 als recursos socials.<br>Hi poden trucar dones i professionals per fer consultes.<\/p>\n\n\n\n<h4 class=\"wp-block-heading\">SERVEI D\u2019INFORMACI\u00d3 I ATENCI\u00d3 A LES DONES (<a href=\"https:\/\/dones.gencat.cat\/ca\/ambits\/atencio-a-les-dones\/mapa_siad\/\">SIAD<\/a>)<\/h4>\n\n\n\n<p>Informaci\u00f3 i orientaci\u00f3 en tots els aspectes relacionats amb la vida de les dones: \u00e0mbit laboral, social, personal, familiar, habitatge\u2026 Serveis i recursos per a les dones, assessorament jur\u00eddic i acompanyament psicol\u00f2gic.<\/p>\n\n\n\n<h4 class=\"wp-block-heading\">SERVEI D\u2019INTERVENCI\u00d3 EN CRISI<\/h4>\n\n\n\n<p>Assist\u00e8ncia psicol\u00f2gica immediata i de durada limitada en moments de crisi, dol i patiment extrem. S\u2019activa en casos molt greus de viol\u00e8ncia masclista, feminicidis i agressions sexuals greus o d\u2019alt impacte. Adre\u00e7at a les v\u00edctimes i els familiars.<\/p>\n\n\n\n<h4 class=\"wp-block-heading\">SERVEI D\u2019INTERVENCI\u00d3 ESPECIALITZADA (<a href=\"https:\/\/dones.gencat.cat\/ca\/ambits\/atencio-a-les-dones\/mapa_siad\/\">SIE<\/a>)<\/h4>\n\n\n\n<p>Informaci\u00f3, atenci\u00f3 integral i recursos en el proc\u00e9s de recuperaci\u00f3 i reparaci\u00f3 a les dones que han patit o pateixen situaci\u00f3 de viol\u00e8ncia masclista i tamb\u00e9 a les seves criatures.<\/p>\n\n\n\n<h4 class=\"wp-block-heading\">SERVEIS D\u2019ACOLLIMENT RESIDENCIAL<\/h4>\n\n\n\n<p>Serveis d\u2019acolliment residencial per a dones en situaci\u00f3 de viol\u00e8ncia masclista i els seus infants.<\/p>\n\n\n\n<h4 class=\"wp-block-heading\">SERVEI D\u2019ATENCI\u00d3 I ACOLLIMENT D\u2019URG\u00c8NCIES (SAAU)<\/h4>\n\n\n\n<p>Acolliment temporal d\u2019emerg\u00e8ncia i de curta durada.<\/p>\n\n\n\n<h4 class=\"wp-block-heading\">SERVEI D\u2019ACOLLIMENT I RECUPERACI\u00d3 (SAR)<\/h4>\n\n\n\n<p>Acolliment de llarga durada i atenci\u00f3 integral per possibilitar el proc\u00e9s de recuperaci\u00f3 i reparaci\u00f3. Per a dones amb poca autonomia.<\/p>\n\n\n\n<h4 class=\"wp-block-heading\">SERVEIS SUBSTITUTORIS DE LA LLAR<\/h4>\n\n\n\n<p>Acolliment de llarga durada. Per a dones amb un nivell autonomia m\u00e9s elevat.<\/p>\n\n\n\n<h4 class=\"wp-block-heading\">SERVEIS T\u00c8CNICS DE PUNT DE TROBADA (STPT)<\/h4>\n\n\n\n<p>Facilitaci\u00f3 del compliment del r\u00e8gim de visites dels infants amb els seus familiars, com ara per a casos de menors que estiguin sota la gu\u00e0rdia i cust\u00f2dia de dones en situaci\u00f3 de viol\u00e8ncia masclista i s\u2019hagi acordat judicialment l\u2019allunyament de la dona.<\/p>\n\n\n\n<h3 class=\"wp-block-heading\">Xarxa de recursos a Barcelona<\/h3>\n\n\n\n<h4 class=\"wp-block-heading\">PUNTS D\u2019INFORMACI\u00d3 I ATENCI\u00d3 A LES DONES (<a href=\"https:\/\/ajuntament.barcelona.cat\/dones\/es\/informacion-y-atencion\/a-las-mujeres\/puntos-de-informacion-y-atencion-a-las-mujeres-piad\">PIAD<\/a>) \u2013&nbsp;<a href=\"tel:900922357\">900 922 357<\/a><\/h4>\n\n\n\n<p>Atenci\u00f3 en casos de viol\u00e8ncia masclista o discriminaci\u00f3 en qualsevol \u00e0mbit.<\/p>\n\n\n\n<p>Informaci\u00f3 sobre recursos de la ciutat per a dones. Assessorament jur\u00eddic i acompanyament psicol\u00f2gic.<\/p>\n\n\n\n<h4 class=\"wp-block-heading\">SERVEIS D\u2019ATENCI\u00d3, RECUPERACI\u00d3 I ACOLLIDA (<a href=\"https:\/\/ajuntament.barcelona.cat\/dones\/ca\/bcn-antimasclista\/serveis-datencio-la-violencia-masclista\/sara\">SARA<\/a>) \u2013&nbsp;<a href=\"tel:900922357\">900 922 357<\/a><\/h4>\n\n\n\n<p>Atenci\u00f3 ambulat\u00f2ria espec\u00edfica a persones v\u00edctimes de viol\u00e8ncia masclista (dones, infants i adolescents, i persones LGTBI, o persones del seu entorn proper directament afectades per aquesta viol\u00e8ncia). Tamb\u00e9 proporciona assessora- ment al personal professional i les persones de l\u2019entorn de les v\u00edctimes.<\/p>\n\n\n\n<h4 class=\"wp-block-heading\">CENTRE MUNICIPAL D\u2019ACOLLIDA D\u2019URG\u00c8NCIA PER VIOL\u00c8NCIA MASCLISTA (CMAU-VN)<\/h4>\n\n\n\n<h4 class=\"wp-block-heading\">ACOLLIMENT DE LLARGA ESTADA<\/h4>\n\n\n\n<h4 class=\"wp-block-heading\">ACOLLIMENT EN PISOS DE MITJANA I ALTA AUTONOMIA<\/h4>\n\n\n\n<p><a href=\"https:\/\/www.ccoo.cat\/wp-content\/uploads\/2023\/03\/triptic-portes-violetes-2022.pdf\">Descarrega el tr\u00edptic informatiu sobre les portes violetes \u00bb<\/a><\/p>\n","protected":false},"excerpt":{"rendered":"<p>Les&nbsp;Portes Violetes s\u00f3n un espai segur del nostre sindicat per escoltar, ajudar i acompanyar les dones v\u00edctimes de viol\u00e8ncia masclista. El primer contacte amb la dona \u00e9s molt important. Primer &#8230; <a title=\"Portes violetes\" class=\"read-more\" href=\"https:\/\/ccoo.app\/ics\/noticies\/portes-violetes\/\" aria-label=\"M\u00e9s informaci\u00f3 sobre Portes violetes\">Read more<\/a><\/p>\n","protected":false},"author":4386,"featured_media":31975,"comment_status":"closed","ping_status":"closed","sticky":false,"template":"","format":"standard","meta":{"footnotes":""},"categories":[9,1],"tags":[],"area":[],"class_list":["post-31974","post","type-post","status-publish","format-standard","has-post-thumbnail","hentry","category-igualtat","category-noticies","generate-columns","tablet-grid-50","mobile-grid-100","grid-parent","grid-50"],"_links":{"self":[{"href":"https:\/\/ccoo.app\/ics\/wp-json\/wp\/v2\/posts\/31974","targetHints":{"allow":["GET"]}}],"collection":[{"href":"https:\/\/ccoo.app\/ics\/wp-json\/wp\/v2\/posts"}],"about":[{"href":"https:\/\/ccoo.app\/ics\/wp-json\/wp\/v2\/types\/post"}],"author":[{"embeddable":true,"href":"https:\/\/ccoo.app\/ics\/wp-json\/wp\/v2\/users\/4386"}],"replies":[{"embeddable":true,"href":"https:\/\/ccoo.app\/ics\/wp-json\/wp\/v2\/comments?post=31974"}],"version-history":[{"count":1,"href":"https:\/\/ccoo.app\/ics\/wp-json\/wp\/v2\/posts\/31974\/revisions"}],"predecessor-version":[{"id":31976,"href":"https:\/\/ccoo.app\/ics\/wp-json\/wp\/v2\/posts\/31974\/revisions\/31976"}],"wp:featuredmedia":[{"embeddable":true,"href":"https:\/\/ccoo.app\/ics\/wp-json\/wp\/v2\/media\/31975"}],"wp:attachment":[{"href":"https:\/\/ccoo.app\/ics\/wp-json\/wp\/v2\/media?parent=31974"}],"wp:term":[{"taxonomy":"category","embeddable":true,"href":"https:\/\/ccoo.app\/ics\/wp-json\/wp\/v2\/categories?post=31974"},{"taxonomy":"post_tag","embeddable":true,"href":"https:\/\/ccoo.app\/ics\/wp-json\/wp\/v2\/tags?post=31974"},{"taxonomy":"area","embeddable":true,"href":"https:\/\/ccoo.app\/ics\/wp-json\/wp\/v2\/area?post=31974"}],"curies":[{"name":"wp","href":"https:\/\/api.w.org\/{rel}","templated":true}]}}