{"id":31948,"date":"2023-04-22T08:00:00","date_gmt":"2023-04-22T06:00:00","guid":{"rendered":"https:\/\/ccoo.app\/ics\/?p=31948"},"modified":"2023-04-22T10:59:39","modified_gmt":"2023-04-22T08:59:39","slug":"seguiment-processos-seleccio","status":"publish","type":"post","link":"https:\/\/ccoo.app\/ics\/noticies\/seguiment-processos-seleccio\/","title":{"rendered":"SEGUIMENT PROCESSOS SELECCI\u00d3"},"content":{"rendered":"\n<p>Resum de la Mesa Sectorial del 21 d&#8217;abril d e 2023, en relaci\u00f3 al punt de l&#8217;ordre del dia, seguiment dels processos de selecci\u00f3.<\/p>\n\n\n\n<p class=\"has-text-align-center has-large-font-size\"><strong>Convocat\u00f2ries estabilitzaci\u00f3 i ordin\u00e0ria-2022 <\/strong><\/p>\n\n\n\n<p>Publicaci\u00f3, l\u201911.4.2023, de la <a rel=\"noreferrer noopener\" href=\"https:\/\/ccoo.app\/ics\/wp-content\/blogs.dir\/6\/files\/sites\/200\/2023\/04\/llistat-admesos-i-exclosos-proces-destabilitzacio-1.pdf\" data-type=\"URL\" data-id=\"https:\/\/ccoo.app\/ics\/wp-content\/blogs.dir\/6\/files\/sites\/200\/2023\/04\/llistat-admesos-i-exclosos-proces-destabilitzacio-1.pdf\" target=\"_blank\">Resoluci\u00f3 de la llista provisional de persones admeses i excloses<\/a> de participar en les convocat\u00f2ries d\u2019estabilitzaci\u00f3 i ordin\u00e0ria 2022:<br>Termini d\u2019al\u00b7legacions del <strong>12.4.2023 fins al 25.4.2023<\/strong> ambd\u00f3s inclosos.<br><a href=\"https:\/\/ccoo.app\/ics\/noticies\/publicada-la-relacio-provisional-de-persones-admeses-i-excloses-de-les-convocatories-destabilitzacio-de-lics\/\" target=\"_blank\" rel=\"noreferrer noopener\">(Veure not\u00edcia)<\/a><br>S\u2019ha habilitat un <a rel=\"noreferrer noopener\" href=\"https:\/\/web.gencat.cat\/ca\/tramits\/tramits-temes\/Tramitacio-de-les-allegacions-a-la-llista-provisional-dadmesos-i-exclosos-dels-processos-selectius-destabilitzacio?category=70961641-b2c0-11e9-8dc5-005056924a59\" data-type=\"URL\" data-id=\"https:\/\/web.gencat.cat\/ca\/tramits\/tramits-temes\/Tramitacio-de-les-allegacions-a-la-llista-provisional-dadmesos-i-exclosos-dels-processos-selectius-destabilitzacio?category=70961641-b2c0-11e9-8dc5-005056924a59\" target=\"_blank\">tr\u00e0mit espec\u00edfic electr\u00f2nic<\/a> per les persones aspirants excloses a la convocat\u00f2ria, l\u2019enlla\u00e7 per accedir consta a la resoluci\u00f3.<br>Les persones aspirants no excloses poden fer al\u00b7legacions mitjan\u00e7ant <a rel=\"noreferrer noopener\" href=\"https:\/\/web.gencat.cat\/ca\/tramits\/tramits-temes\/Peticio-generica\" data-type=\"URL\" data-id=\"https:\/\/web.gencat.cat\/ca\/tramits\/tramits-temes\/Peticio-generica\" target=\"_blank\">la petici\u00f3 gen\u00e8rica<\/a> del tramitador gen\u00e8ric de la Generalitat. <\/p>\n\n\n\n<p class=\"has-text-align-center\"><\/p>\n\n\n\n<figure class=\"wp-block-table\"><table><tbody><tr><td><\/td><td><strong>Previsi\u00f3 de resoluci\u00f3 de cada fase del proc\u00e9s de selecci\u00f3<\/strong><\/td><\/tr><tr><td><strong>Fase 1<\/strong><\/td><td> Entre el 2n i el 3r trimestre de 2023.<\/td><\/tr><tr><td><strong>Fase 2<\/strong><\/td><td>Abans del 31.12.2024.<\/td><\/tr><tr><td><strong>Fase 3<\/strong><\/td><td>Entre el 31.12.2024 i el 1r. semestre de 2025.<\/td><\/tr><\/tbody><\/table><\/figure>\n\n\n\n<p>La previsi\u00f3 de l&#8217;examen en Fase 2 (\u00fanic examen puntuable per a les Fases 2\/3) realitzaci\u00f3 entre l&#8217;<strong>1 d&#8217;octubre al 6 de desembre<\/strong>.<\/p>\n\n\n\n<p class=\"has-text-align-center has-large-font-size\"><strong>Mobilitat Volunt\u00e0ria Oberta i Permanent<\/strong><\/p>\n\n\n\n<p>En data 19 d&#8217;abril, la situaci\u00f3 dels processos \u00e9s la seg\u00fcent:<\/p>\n\n\n\n<figure class=\"wp-block-table\"><table><tbody><tr><td class=\"has-text-align-center\" data-align=\"center\"><strong>Edici\u00f3<\/strong><\/td><td><strong>Situaci\u00f3 a 19 d\u2019abril de 2023<\/strong><\/td><\/tr><tr><td class=\"has-text-align-center\" data-align=\"center\"><strong>MVOP Edici\u00f3 2021<\/strong><\/td><td>8a adjudicaci\u00f3, abril, previsi\u00f3 publicaci\u00f3 DOGC el 26.4.2023.<\/td><\/tr><tr><td class=\"has-text-align-center\" data-align=\"center\"><strong>MVOP Edici\u00f3 2022<\/strong><\/td><td>Previsi\u00f3 publicaci\u00f3 llista provisional persones admeses i excloses, setmana del 24 d\u2019abril.<\/td><\/tr><tr><td class=\"has-text-align-center\" data-align=\"center\"><strong>MVOP Edici\u00f3 2023<\/strong><\/td><td>(oberta) Termini d\u2019inscripci\u00f3 de l\u20191.11.2022 fins 31.10.2023<\/td><\/tr><\/tbody><\/table><\/figure>\n\n\n\n<p class=\"has-text-align-center has-large-font-size\"><strong>Borsa de Treball<\/strong><\/p>\n\n\n\n<p>La previsi\u00f3 de publicaci\u00f3 de la nova baremaci\u00f3 es per la <strong>primera quincena de juny<\/strong>.<\/p>\n\n\n\n<p>La simultane\u00eftat de processos i dificultats t\u00e8cniques de sistemes d\u2019informaci\u00f3 han fet que s\u2019endarrereixi la baremaci\u00f3 de la borsa de treball, s\u2019ha fet una primera baremaci\u00f3 de proves i s\u2019han detectat incid\u00e8ncies diferents.<\/p>\n","protected":false},"excerpt":{"rendered":"<p>Resum de la Mesa Sectorial del 21 d&#8217;abril d e 2023, en relaci\u00f3 al punt de l&#8217;ordre del dia, seguiment dels processos de selecci\u00f3. Convocat\u00f2ries estabilitzaci\u00f3 i ordin\u00e0ria-2022 Publicaci\u00f3, l\u201911.4.2023, &#8230; <a title=\"SEGUIMENT PROCESSOS SELECCI\u00d3\" class=\"read-more\" href=\"https:\/\/ccoo.app\/ics\/noticies\/seguiment-processos-seleccio\/\" aria-label=\"M\u00e9s informaci\u00f3 sobre SEGUIMENT PROCESSOS SELECCI\u00d3\">Read more<\/a><\/p>\n","protected":false},"author":4386,"featured_media":31956,"comment_status":"closed","ping_status":"closed","sticky":false,"template":"","format":"standard","meta":{"footnotes":""},"categories":[6,1],"tags":[],"area":[],"class_list":["post-31948","post","type-post","status-publish","format-standard","has-post-thumbnail","hentry","category-convocatories","category-noticies","generate-columns","tablet-grid-50","mobile-grid-100","grid-parent","grid-50"],"_links":{"self":[{"href":"https:\/\/ccoo.app\/ics\/wp-json\/wp\/v2\/posts\/31948","targetHints":{"allow":["GET"]}}],"collection":[{"href":"https:\/\/ccoo.app\/ics\/wp-json\/wp\/v2\/posts"}],"about":[{"href":"https:\/\/ccoo.app\/ics\/wp-json\/wp\/v2\/types\/post"}],"author":[{"embeddable":true,"href":"https:\/\/ccoo.app\/ics\/wp-json\/wp\/v2\/users\/4386"}],"replies":[{"embeddable":true,"href":"https:\/\/ccoo.app\/ics\/wp-json\/wp\/v2\/comments?post=31948"}],"version-history":[{"count":4,"href":"https:\/\/ccoo.app\/ics\/wp-json\/wp\/v2\/posts\/31948\/revisions"}],"predecessor-version":[{"id":31960,"href":"https:\/\/ccoo.app\/ics\/wp-json\/wp\/v2\/posts\/31948\/revisions\/31960"}],"wp:featuredmedia":[{"embeddable":true,"href":"https:\/\/ccoo.app\/ics\/wp-json\/wp\/v2\/media\/31956"}],"wp:attachment":[{"href":"https:\/\/ccoo.app\/ics\/wp-json\/wp\/v2\/media?parent=31948"}],"wp:term":[{"taxonomy":"category","embeddable":true,"href":"https:\/\/ccoo.app\/ics\/wp-json\/wp\/v2\/categories?post=31948"},{"taxonomy":"post_tag","embeddable":true,"href":"https:\/\/ccoo.app\/ics\/wp-json\/wp\/v2\/tags?post=31948"},{"taxonomy":"area","embeddable":true,"href":"https:\/\/ccoo.app\/ics\/wp-json\/wp\/v2\/area?post=31948"}],"curies":[{"name":"wp","href":"https:\/\/api.w.org\/{rel}","templated":true}]}}